{"id":8087,"date":"2014-09-25T23:27:21","date_gmt":"2014-09-25T21:27:21","guid":{"rendered":"https:\/\/puntocometa.dev\/?p=8087"},"modified":"2014-09-25T23:27:21","modified_gmt":"2014-09-25T21:27:21","slug":"tweet-immagini","status":"publish","type":"post","link":"https:\/\/puntocometa.dev\/es\/tweet-immagini\/","title":{"rendered":"Tweet e immagini"},"content":{"rendered":"<h2>Oggi Workshop<br \/>\nsulla\u00a0social innovation\u00a0in Cometa.<br \/>\nUn dibattito su famiglia, scuola e impresa.<\/h2>\n<p><strong>@ErasmoFigini<\/strong> introduce la giornata.<br \/>\n<em>Ci sono luoghi nel mondo che per condizione o vocazione creano innovazione sociale.<\/em><br \/>\n<em>Credo che nel nostro caso si tratti di vocazione.<\/em><br \/>\n<em>L&#8217;origine di questo luogo pu\u00f2 essere riassunta in tre parole: accogliere, amare e educare.<\/em><br \/>\n<em>Questa vita ci ha restituito la certezza di un bene comune nella semplice realt\u00e0 del quotidiano e quindi il desiderio di comunicarlo ad altri.<\/em><\/p>\n<p><strong><strong>Diretta Twitter\u00a0<\/strong><a href=\"https:\/\/www.facebook.com\/hashtag\/cometasi\" data-ft=\"{&quot;tn&quot;:&quot;*N&quot;,&quot;type&quot;:104}\" rel=\"nofollow noopener\" target=\"_blank\">#CometaSI<\/a>\u00a0<a href=\"https:\/\/www.facebook.com\/hashtag\/socialinnovation\" data-ft=\"{&quot;tn&quot;:&quot;*N&quot;,&quot;type&quot;:104}\" rel=\"nofollow noopener\" target=\"_blank\">#socialinnovation<\/a>.<\/strong><\/p>\n<h2><strong style=\"line-height: 1.714285714; font-size: 1rem;\">IL RACCONTO DELLA GIORNATA IN UNA MANCIATA DI TWEET:<\/strong><\/h2>\n<p><strong>@EnricoResmini\u00a0<\/strong><em>Modi e esperienze concrete per generare impatto sociale #socialinnovation #fondazionevodafone<\/em><\/p>\n<p><strong>@GeoffMulgan<\/strong>\u00a0<em>Si esce dalla crisi se le locuste della speculazione saranno sconfitte dalle api creative<\/em><\/p>\n<p><strong>@DerrickDeKerckhove<\/strong>\u00a0<em>Una buona notizia che riguarda un amico sui social network tocca anche me.\u00a0Come innovazione e tradizione possono supportare la\u00a0#socialinnovation\u00a0? La\u00a0#menteaccresciuta\u00a0(augmented mind)<\/em><\/p>\n<p><strong>@JuanCarlosDeMartin<\/strong>\u00a0<em>La vera innovazione non si fa solo con la tecnologia ma con l&#8217;immaginazione.\u00a0Creare giovani in grado di conservare il senso del possibile per il futuro<\/em><\/p>\n<p><strong>@AlessandroMele<\/strong>\u00a0<em>Trovare la via italiana del\u00a0#socialinnovation\u00a0La nostra tradizione come fondamento dello sviluppo tecnologico.\u00a0Non un luogo solo: ci sono mille luoghi innovativi come Cometa,\u00a0dobbiamo connetterli.<\/em><\/p>\n<p><strong>@AlessandroFusacchia<\/strong>\u00a0<em>Scuola sulla frontiera dell&#8217;innovazione. Gli studenti incontrano il Capo Gabinetto Ministero dell&#8217;Istruzione. Dobbiamo diventare un paese attraente e ragionare in un tema di circolazione dei cervelli: osmosi, non fuga!\u00a0Le comunit\u00e0 sul territorio sanno quali sono i bisogni. Occorre fidarsi. @FusacchiA parla con gli alunni di @AmiciDiCometa\u00a0e @LeoneXIII<\/em><\/p>\n<p><strong>@GiorgioVittadini<\/strong><em> un pezzo di legno non \u00e8 solo un pezzo di legno. Tutta l&#8217;innovazione \u00e8 vedere qualcosa di pi\u00f9.\u00a0<em>La vera innovazione, in\u00a0@AmiciDiCometa, \u00e8 che la gente \u00e8 aiutata dal bello.\u00a0<\/em><\/em><\/p>\n<p><strong>@Prefetto di Como, Bruno Corda,<\/strong> <em>interviene allo Workshop: si\u00a0parla di eccellenza<\/em><\/p>\n<p><strong>@VittorioBo<\/strong><em>\u00a0il\u00a0percorso nel mondo di 5 premi Nobel, un viaggio nella conoscenza<\/em><\/p>\n<p><strong>@JohnClifford<\/strong>\u00a0<em>social impact bond e #socialinnovation per la dispersione scolastica. Aiuta a capire\u00a0come migliorare il futuro dei ragazzi<\/em><\/p>\n<p><strong>@MassimoRusso\u00a0<\/strong><em>Con il digitale si \u00e8 ribaltato il paradigma della conoscenze. Serve cultura e una grammatica diversa delle relazioni.Cercare il cambiamento, cercare l\u2019innovazione. Il mio tempo \u00e8 adesso.\u00a0Grazie all\u2019iperstimolazione i giovani hanno superpoteri e tutta la conoscenza del mondo a disposizione = opportunit\u00e1<\/em><\/p>\n<p><strong>@FrancescoSacco<\/strong><em><strong>\u00a0<\/strong>La giornata di oggi \u00e8 importante per il passo del domani, dei ragazzi di oggi.\u00a0Far\u00e0 chiudere il progresso solo chi non vorr\u00e0 guardare la sfida che esso ci lancia<\/em><\/p>\n<p><strong>@GiovannaMelandri <\/strong>N<em>on basta riprogettare. Occorre anche cambiare l&#8217;infrastruttura dell&#8217;economia, inventare nuove cose. Ora c&#8217;\u00e8 un #cuoreinvisibile nei mercati. L&#8217;imprenditore sociale che arriva a sfidare l&#8217;economia di mercato. Pensare alla finanza in 3D: non solo rendimento e rischio, ma anche impatto sociale<\/em><\/p>\n<p><strong>@RiccardoBonacina<\/strong><em>\u00a0Pubblico e privato si possono, si devono mettere assieme. Nuove relazioni per una\u00a0#socialinnovation.\u00a0L&#8217;Italia ha una bella storia: si parla di\u00a0#cooperazionesociale<\/em><\/p>\n<p><strong>@Nicol\u00f2Branca<\/strong>\u00a0<em>Coraggio, intelligenza e cuore, ben mixati. La ricetta per la crescita, sia dell&#8217;azienda che della persona. L&#8217;uomo al centro dell&#8217;impresa: un modello che funziona<\/em><\/p>\n<p><strong>@MCFerradini<\/strong> <em>e la #socialinnovation nata dagli smartphone. La metamorfosi digitale.<\/em><\/p>\n<p><strong>@EleonoraFiorani<\/strong><em>\u00a0Che cosa \u00e8 il design?\u00a0Un modo nuovo di guardare un problema e dargli una soluzione interessante.<\/em><\/p>\n<p><strong>@AgostinoSantoni<\/strong>\u00a0<em>Energia generata da progetti di collaborazione @CiscoItalia.\u00a0La speranza di far nascere il coraggio del cambiamento nelle persone #socialinnovation<\/em><\/p>\n<p><strong>@VincenzoSibillo<\/strong> <em>Internazionalit\u00e1 e nuovi saperi #CometaSI Domande sul tema dell&#8217;educazione<\/em><\/p>\n<p><strong>@MaurizioMilan<\/strong> <em>L&#8217;Italia riparte dall&#8217;innovazione. La sfida di @hfarmventures portata avanti da 400 giovani appassionati al proprio lavoro<\/em><\/p>\n<p><strong>@MarcoMari<\/strong><em>\u00a0Le migliori universit\u00e0 del mondo, la top ten\u00a0delle aziende italiane e i problemi da risolvere. Tre grandi sfide del summercamp:\u00a0corporale\u00a0governance, digitale per il management e made in Italy<\/em><\/p>\n<p><strong>Grazie a tutti i relatori e a coloro che hanno contribuito e partecipato al workshop #socialinnovation in Cometa.<\/strong><\/p>\n\n<p>&nbsp;<\/p>\n<p>&nbsp;<\/p>\n","protected":false},"excerpt":{"rendered":"<p>Oggi Workshop sulla\u00a0social innovation\u00a0in Cometa. Un dibattito su famiglia, scuola e impresa. @ErasmoFigini introduce la giornata. Ci sono luoghi nel mondo che per condizione o vocazione creano innovazione sociale. Credo che nel nostro caso si tratti di vocazione. L&#8217;origine di questo luogo pu\u00f2 essere riassunta in tre parole: accogliere, amare e educare. Questa vita ci [&hellip;]<\/p>\n","protected":false},"author":10,"featured_media":8130,"comment_status":"open","ping_status":"open","sticky":false,"template":"","format":"standard","meta":{"_acf_changed":false,"give_campaign_id":0,"footnotes":""},"categories":[122],"tags":[],"class_list":["post-8087","post","type-post","status-publish","format-standard","has-post-thumbnail","hentry","category-news"],"acf":[],"_links":{"self":[{"href":"https:\/\/puntocometa.dev\/es\/wp-json\/wp\/v2\/posts\/8087","targetHints":{"allow":["GET"]}}],"collection":[{"href":"https:\/\/puntocometa.dev\/es\/wp-json\/wp\/v2\/posts"}],"about":[{"href":"https:\/\/puntocometa.dev\/es\/wp-json\/wp\/v2\/types\/post"}],"author":[{"embeddable":true,"href":"https:\/\/puntocometa.dev\/es\/wp-json\/wp\/v2\/users\/10"}],"replies":[{"embeddable":true,"href":"https:\/\/puntocometa.dev\/es\/wp-json\/wp\/v2\/comments?post=8087"}],"version-history":[{"count":0,"href":"https:\/\/puntocometa.dev\/es\/wp-json\/wp\/v2\/posts\/8087\/revisions"}],"wp:attachment":[{"href":"https:\/\/puntocometa.dev\/es\/wp-json\/wp\/v2\/media?parent=8087"}],"wp:term":[{"taxonomy":"category","embeddable":true,"href":"https:\/\/puntocometa.dev\/es\/wp-json\/wp\/v2\/categories?post=8087"},{"taxonomy":"post_tag","embeddable":true,"href":"https:\/\/puntocometa.dev\/es\/wp-json\/wp\/v2\/tags?post=8087"}],"curies":[{"name":"wp","href":"https:\/\/api.w.org\/{rel}","templated":true}]}}