{"id":41261,"date":"2025-10-31T10:56:19","date_gmt":"2025-10-31T09:56:19","guid":{"rendered":"https:\/\/puntocometa.dev\/?p=41261"},"modified":"2025-10-31T10:56:19","modified_gmt":"2025-10-31T09:56:19","slug":"una-sfera-una-bottega-una-storia","status":"publish","type":"post","link":"https:\/\/puntocometa.dev\/es\/una-sfera-una-bottega-una-storia\/","title":{"rendered":"Una sfera, una bottega, una storia"},"content":{"rendered":"<hr \/>\n<hr \/>\n<p><strong>Un dono che porta con s\u00e9 un racconto<\/strong><\/p>\n<p>Questa sfera in <strong>legno di tiglio<\/strong>, realizzata dai maestri della <strong>Contrada degli Artigiani<\/strong>, \u00e8 un omaggio al calore della tradizione e alla bellezza del lavoro fatto con passione. Ogni pezzo \u00e8 unico: i segni di lavorazione rivelano il desiderio di dedicare tempo, cura, competenza. \u00c8 il segno di un artigianato che educa, include e genera opportunit\u00e0. Con questo gesto, insieme ad <strong>Allianz Bank<\/strong>, celebriamo il valore di un lavoro che fa crescere le persone e la comunit\u00e0.<\/p>\n<hr \/>\n<hr \/>\n<h3>Scopri CONTRADA DEGLI ARTIGIANI \u00bb<\/h3>\n<p><!-- gallery rimossa --><\/p>\n<p><strong>Una bottega contemporanea dove \u201cimparare facendo\u201d, accanto ai maestri<\/strong><\/p>\n<p>Nata come <strong>\u201cBottega-Scuola\u201d<\/strong> all\u2019interno di Cometa, la Contrada degli Artigiani non \u00e8 solo una falegnameria, un laboratorio di progettazione e restauro, una showroom, o uno studio di interior design. \u00c8 anche un luogo che affianca i laboratori della scuola Oliver Twist, offrendo occasioni di esperienza e di lavoro concreto agli studenti. Contrada degli Artigiani \u00e8 una \u00abbottega\u201d dove si \u201clavora all\u2019inclusione\u201d, in cui i maestri condividono anche con persone fragili e con disabilit\u00e0 il sapere delle mani: progettazione, materiali, finiture, precisione, gusto. \u00c8 qui che l\u2019<strong>eccellenza artigiana<\/strong> diventa esperienza educativa e professionale: <strong>dal fare al sapere<\/strong>, sia come opportunit\u00e0 di lavoro per i dipendenti che di apprendimento per gli studenti della scuola. La Contrada nasce nel 2008 proprio per sperimentare questa alleanza fra bottega e scuola e dal desiderio di dare pari opportunit\u00e0 a chi \u00e8 in difficolt\u00e0.<\/p>\n<p>Oggi questo spirito anima tutti i laboratori legati al <strong>design e ai mestieri<\/strong> che Cometa promuove: una cultura del lavoro in cui la qualit\u00e0 non \u00e8 un lusso, ma un <strong>criterio educativo<\/strong> che valorizza l\u2019unicit\u00e0 di ciascuno.<\/p>\n<h3><strong>Un lavoro per tutti<\/strong><\/h3>\n<p>Nel metodo educativo di Cometa, il lavoro \u00e8 <strong>cultura<\/strong>: coinvolge intelligenza, responsabilit\u00e0, creativit\u00e0 e relazione. Per questo la formazione chiama accanto <strong>maestri e imprese<\/strong>, offre <strong>esperienze reali<\/strong> e chiede <strong>luoghi belli e ordinati<\/strong>: condizioni che favoriscono la crescita personale e professionale dei ragazzi. La bellezza dei luoghi dove si svolgono le attivit\u00e0 fanno sentire speciali le persone che li vivono, creati per accogliere e far sentire ognuno a casa.<\/p>\n<hr \/>\n<hr \/>\n<h3><strong>L\u2019origine, la storia, un segno<\/strong><\/h3>\n<p><strong>Una storia semplice, cominciata da un \u201cs\u00ec\u201d<\/strong>. Nel <strong>1986<\/strong> Erasmo Figini e sua moglie Serena aprono la propria casa per accogliere un bambino che nessuno voleva: quel s\u00ec diventa una comunit\u00e0, da subito con il fratello Innocente e la moglie Marina e, da incontro a incontro, con altre famiglie, volontari, professionisti, educatori e amici che, nel tempo, danno vita a una rete educativa, formativa e di lavoro. Cometa \u00e8 \u201caccogliere per educare\u201d: accoglienza, scuola e formazione, inclusione lavorativa, sostegno alle famiglie. <strong>Un luogo dove ciascuno pu\u00f2 scoprire la propria unicit\u00e0 e diventare s\u00e9 stesso.<\/strong><\/p>\n<p>L\u2019affido in Cometa \u00e8 stato l\u2019inizio di una storia fatta di risposte quotidiane ai bisogni e non un progetto predefinito. Cos\u00ec sono nate:<br \/>\u2022 <strong><em>Una Casa per Crescere<\/em><\/strong>, un percorso educativo e orientativo per bambini e ragazzi dai 6 ai 14 anni;<br \/>\u2022 un <strong><em>centro estivo<\/em><\/strong>, pensato come continuit\u00e0 educativa durante le vacanze scolastiche;<br \/>\u2022 uno <strong><em>spazio di ascolto e accompagnamento<\/em><\/strong> per famiglie, bambini e adolescenti in difficolt\u00e0;<br \/>\u2022 una <strong><em>scuola<\/em><\/strong> con un\u2019offerta formativa rivolta a oltre 400 studenti;<br \/>\u2022 <strong><em>corsi<\/em><\/strong> dedicati a migranti, NEET e ragazzi a rischio di dispersione scolastica;<br \/>\u2022 <strong><em>percorsi di inserimento e accompagnamento<\/em><\/strong> nel mondo del lavoro;<br \/>\u2022 <strong><em>corsi professionalizzanti<\/em><\/strong> per persone con disabilit\u00e0 e fragilit\u00e0;<br \/>\u2022 una realt\u00e0 <strong>sportiva<\/strong> a livello dilettanti con 200 ragazzi coinvolti<br \/>\u2022 <strong><em>luoghi di lavoro<\/em><\/strong>, in ambito bar, pasticceria, falegnameria, outlet di accessori e abbigliamento, dove persone con disabilit\u00e0 e fragilit\u00e0 lavorano fianco a fianco con artigiani e professionisti.<\/p>\n<p>&nbsp;<\/p>\n<hr \/>\n<hr \/>\n<p><a href=\"https:\/\/puntocometa.dev\" class=\"button\">Scopri di pi\u00f9 su Cometa<\/a><\/p>\n","protected":false},"excerpt":{"rendered":"<p>Un dono che porta con s\u00e9 un racconto Questa sfera in legno di tiglio, realizzata dai maestri della Contrada degli Artigiani, \u00e8 un omaggio al calore della tradizione e alla bellezza del lavoro fatto con passione. Ogni pezzo \u00e8 unico: i segni di lavorazione rivelano il desiderio di dedicare tempo, cura, competenza. \u00c8 il segno [&hellip;]<\/p>\n","protected":false},"author":15,"featured_media":0,"comment_status":"open","ping_status":"open","sticky":false,"template":"","format":"standard","meta":{"_acf_changed":false,"give_campaign_id":0,"footnotes":""},"categories":[122],"tags":[140],"class_list":["post-41261","post","type-post","status-publish","format-standard","hentry","category-news","tag-lavoro"],"acf":[],"_links":{"self":[{"href":"https:\/\/puntocometa.dev\/es\/wp-json\/wp\/v2\/posts\/41261","targetHints":{"allow":["GET"]}}],"collection":[{"href":"https:\/\/puntocometa.dev\/es\/wp-json\/wp\/v2\/posts"}],"about":[{"href":"https:\/\/puntocometa.dev\/es\/wp-json\/wp\/v2\/types\/post"}],"author":[{"embeddable":true,"href":"https:\/\/puntocometa.dev\/es\/wp-json\/wp\/v2\/users\/15"}],"replies":[{"embeddable":true,"href":"https:\/\/puntocometa.dev\/es\/wp-json\/wp\/v2\/comments?post=41261"}],"version-history":[{"count":0,"href":"https:\/\/puntocometa.dev\/es\/wp-json\/wp\/v2\/posts\/41261\/revisions"}],"wp:attachment":[{"href":"https:\/\/puntocometa.dev\/es\/wp-json\/wp\/v2\/media?parent=41261"}],"wp:term":[{"taxonomy":"category","embeddable":true,"href":"https:\/\/puntocometa.dev\/es\/wp-json\/wp\/v2\/categories?post=41261"},{"taxonomy":"post_tag","embeddable":true,"href":"https:\/\/puntocometa.dev\/es\/wp-json\/wp\/v2\/tags?post=41261"}],"curies":[{"name":"wp","href":"https:\/\/api.w.org\/{rel}","templated":true}]}}