{"id":40908,"date":"2026-01-07T11:37:30","date_gmt":"2026-01-07T10:37:30","guid":{"rendered":"https:\/\/puntocometa.dev\/?p=40908"},"modified":"2026-01-07T11:37:30","modified_gmt":"2026-01-07T10:37:30","slug":"un-anno-di-dream-come-costruire-una-vera-integrazione","status":"publish","type":"post","link":"https:\/\/puntocometa.dev\/es\/un-anno-di-dream-come-costruire-una-vera-integrazione\/","title":{"rendered":"Un anno di DREAM: come costruire una vera integrazione?"},"content":{"rendered":"<p><span data-contrast=\"auto\">Negli scorsi giorni, Il Manto di Cometa ha ospitato un seminario pubblico all\u2019interno del progetto DREAM, realizzato in partn<\/span><span data-contrast=\"none\">ership con\u00a0<a href=\"https:\/\/www.ismu.org\/\" rel=\"nofollow noopener\" target=\"_blank\">Fondazione ISMU<\/a>\u00a0grazie al sostegno\u00a0di\u00a0<a href=\"https:\/\/www.enelcuore.it\/\" rel=\"nofollow noopener\" target=\"_blank\">Enel Cuore\u00a0&#8211;\u00a0Ente Filantropico del Gruppo Enel<\/a>, Fondazione\u00a0Ico\u00a0Falck,\u00a0<a href=\"https:\/\/www.credit-agricole.it\/\" rel=\"nofollow noopener\" target=\"_blank\">Cr\u00e9dit Agricole Italia<\/a>\u00a0e\u00a0grazie anche ai\u00a0fondi provenienti dall\u20198xmille destinati alla Chiesa Cattolica.<\/span><span data-contrast=\"auto\">\u00a0L\u2019incontro, che ha visto la partecipazione di famiglie, operatori e istituzioni del territorio, \u00e8 nato\u00a0attorno a una domanda semplice e radicale: come costruire oggi una vera integrazione, a partire dalla vita quotidiana di bambini, famiglie\u00a0ed\u00a0educatori?<\/span><span data-ccp-props=\"{&quot;134233279&quot;:true,&quot;201341983&quot;:0,&quot;335551550&quot;:6,&quot;335551620&quot;:6,&quot;335559739&quot;:0,&quot;335559740&quot;:240}\">\u00a0<\/span><\/p>\n<p><span data-contrast=\"auto\">Ad aprire i lavori \u00e8 stata Maria Grazia Figini di Cometa, che ha condiviso una frase ascoltata da un vescovo ghanese: \u00abVado in Inghilterra perch\u00e9 in Italia siete bravi con l\u2019inclusione, ma non con l\u2019integrazione\u00bb. Da questo spunto \u00e8 nato il progetto: da un bisogno molto concreto, espresso dagli educatori di fronte ai continui cambiamenti sociali \u2013 trovare modalit\u00e0 realmente \u201ceffettive ed efficienti\u201d per accompagnare bambini e famiglie. L\u2019<\/span><b><span data-contrast=\"auto\">integrazione<\/span><\/b><span data-contrast=\"auto\">, ha sottolineato Figini,\u00a0<\/span><b><span data-contrast=\"auto\">non \u00e8 un modello predefinito n\u00e9 un risultato scontato, ma un percorso da costruire insieme, giorno dopo giorno, a partire dal pensiero e dalle scelte quotidiane<\/span><\/b><span data-contrast=\"auto\">.<\/span><span data-ccp-props=\"{&quot;134233279&quot;:true,&quot;201341983&quot;:0,&quot;335551550&quot;:6,&quot;335551620&quot;:6,&quot;335559739&quot;:0,&quot;335559740&quot;:240}\">\u00a0<\/span><\/p>\n<p><span data-contrast=\"auto\">Il Questore di Como, Marco Cal\u00ec, ha evidenziato la\u00a0<\/span><b><span data-contrast=\"auto\">responsabilit\u00e0 condivisa del territorio<\/span><\/b><span data-contrast=\"auto\">: \u00abTutto nasce dal fare rete\u00bb. Le realt\u00e0 che operano con minori e famiglie sono molte, ma<\/span><b><span data-contrast=\"auto\">\u00a0solo unite possono diventare un argine<\/span><\/b><span data-contrast=\"auto\">, capace di creare le condizioni perch\u00e9 tutti possano crescere, contaminandosi in senso positivo. In questo contesto, ha ricordato, \u00abl\u2019unica vera sicurezza \u00e8 la cultura\u00bb: \u00e8 proprio l\u00ec che si gioca la possibilit\u00e0 di una integrazione sana.<\/span><span data-ccp-props=\"{&quot;134233279&quot;:true,&quot;201341983&quot;:0,&quot;335551550&quot;:6,&quot;335551620&quot;:6,&quot;335559739&quot;:0,&quot;335559740&quot;:240}\">\u00a0<\/span><\/p>\n<p><span data-contrast=\"auto\">Partendo dall\u2019esperienza\u202fde Il Manto sono intervenute le educatrici Rita Canali ed Elisa\u00a0Bagarotti, raccontando come la cooperativa sia nata per offrire un luogo dove stringere legami e accompagnare la crescita dei bambini, sempre in dialogo con le famiglie. Al centro, in particolare, ci sono i\u00a0<\/span><b><span data-contrast=\"auto\">bambini di seconda generazione<\/span><\/b><span data-contrast=\"auto\">, figli di genitori con background migratori differenti: \u00abIl bisogno nasce da loro e dalle loro domande \u2013 hanno raccontato \u2013 e noi cerchiamo di coinvolgere tutti gli adulti che fanno parte della loro vita\u00bb. Fondamentale \u00e8 quindi il d<\/span>ialogo costante <b><span data-contrast=\"auto\">con le scuole, non per sostituirne il ruolo, ma per rafforzarlo,<\/span><\/b><span data-contrast=\"auto\">\u00a0creando un\u00a0<\/span><b><span data-contrast=\"auto\">ponte con le famiglie e intercettando precocemente le fragilit\u00e0<\/span><\/b><span data-contrast=\"auto\">.<\/span><span data-ccp-props=\"{&quot;134233279&quot;:true,&quot;201341983&quot;:0,&quot;335551550&quot;:6,&quot;335551620&quot;:6,&quot;335559739&quot;:0,&quot;335559740&quot;:240}\">\u00a0<\/span><\/p>\n<p><span data-contrast=\"auto\">Mariagrazia Santagati, ricercatrice e docente di Sociologia dell&#8217;educazione\u202fpresso la Facolt\u00e0 di Scienze della Formazione dell&#8217;Universit\u00e0 Cattolica del Sacro Cuore,\u00a0e ricercatrice di Fondazione ISMU,\u00a0ha presentato i risultati della prima fase della ricerca: un\u2019indagine qualitativa che ha raccolto i punti di vista di bambini, operatori e genitori, e offerto una \u201cfotografia\u201d del territorio attraverso interviste a testimoni privilegiati. Dall\u2019analisi \u00e8 emerso come, ancora troppo spesso, la famiglia migrante venga trattata come un\u2019<\/span><b><span data-contrast=\"auto\">emergenza, piuttosto che come parte stabile e integrante del tessuto sociale<\/span><\/b><span data-contrast=\"auto\">. Partendo da questa fotografia della realt\u00e0 multiculturale, l\u2019idea \u00e8 stata quella di avviare degli \u201corizzonti interculturali\u201d, quindi avviare e costruire insieme una prospettiva futura di integrazione basata su tre assi: pari opportunit\u00e0, che nascono dalla crescita scolastica; l\u2019accettazione e il riconoscimento della diversit\u00e0 e un\u2019idea di intercultura, uno scambio reale tra adulti e bambini che collaborano, co-costruiscono assieme ad altri una contaminazione reciproca.<\/span><span data-ccp-props=\"{&quot;134233279&quot;:true,&quot;201341983&quot;:0,&quot;335551550&quot;:6,&quot;335551620&quot;:6,&quot;335559739&quot;:0,&quot;335559740&quot;:240}\">\u00a0<\/span><\/p>\n<p><span data-contrast=\"auto\">In seguito, Chiara Ferrari, collaboratrice di Fondazione Ismu e Gloria\u00a0Robberto, educatrice de Il Manto, hanno raccontato come queste azioni siano state avviate nel progetto attraverso dei\u00a0workshop, coinvolgendo genitori, bambini, educatori e rappresentanti del territorio per dare la possibilit\u00e0 a chiunque di esprimersi e scambiarsi idee, pensieri, progettualit\u00e0.<\/span><span data-ccp-props=\"{&quot;134233279&quot;:true,&quot;201341983&quot;:0,&quot;335551550&quot;:6,&quot;335551620&quot;:6,&quot;335559739&quot;:0,&quot;335559740&quot;:240}\">\u00a0<\/span><\/p>\n<p><span data-contrast=\"auto\">Nella seconda parte del seminario, il confronto tra educatori, genitori e operatori ha permesso di far emergere i frutti concreti di questo percorso: luoghi in cui i bambini possono sentirsi davvero \u201ca casa\u201d; percorsi educativi capaci di tenere insieme studio, gioco e affettivit\u00e0; relazioni che aiutano le famiglie a non sentirsi sole e gruppi tecnici operativi composti da educatori, genitori e rete territoriale, come raccontato dalle educatrici de Il Manto Gloria\u00a0Robberto\u00a0e Gaia\u00a0Stevenazzi, pensati per ragionare e rispondere ai bisogni ponendosi degli obiettivi.<\/span><span data-ccp-props=\"{&quot;134233279&quot;:true,&quot;201341983&quot;:0,&quot;335551550&quot;:6,&quot;335551620&quot;:6,&quot;335559739&quot;:0,&quot;335559740&quot;:240}\">\u00a0<\/span><\/p>\n<p><span data-contrast=\"auto\">Il progetto DREAM continuer\u00e0 nei prossimi mesi, intrecciando ricerca e pratica educativa con l\u2019obiettivo di\u00a0<\/span><b><span data-contrast=\"auto\">offrire al territorio strumenti concreti e, soprattutto, uno sguardo nuovo sull\u2019integrazione<\/span><\/b><span data-contrast=\"auto\">. Per Il Manto, e per tutto il mondo Cometa, si tratta di un ulteriore passo di approfondimento del modo di guardare i bambini e le famiglie: accogliere, educare e camminare insieme perch\u00e9 ognuno possa trovare davvero il proprio posto nella societ\u00e0.<\/span><span data-ccp-props=\"{&quot;134233279&quot;:true,&quot;201341983&quot;:0,&quot;335551550&quot;:6,&quot;335551620&quot;:6,&quot;335559739&quot;:0,&quot;335559740&quot;:240}\">\u00a0<\/span><\/p>\n","protected":false},"excerpt":{"rendered":"<p>Negli scorsi giorni, Il Manto di Cometa ha ospitato un seminario pubblico all\u2019interno del progetto DREAM, realizzato in partnership con\u00a0Fondazione ISMU\u00a0grazie al sostegno\u00a0di\u00a0Enel Cuore\u00a0&#8211;\u00a0Ente Filantropico del Gruppo Enel, Fondazione\u00a0Ico\u00a0Falck,\u00a0Cr\u00e9dit Agricole Italia\u00a0e\u00a0grazie anche ai\u00a0fondi provenienti dall\u20198xmille destinati alla Chiesa Cattolica.\u00a0L\u2019incontro, che ha visto la partecipazione di famiglie, operatori e istituzioni del territorio, \u00e8 nato\u00a0attorno a una [&hellip;]<\/p>\n","protected":false},"author":15,"featured_media":40934,"comment_status":"open","ping_status":"open","sticky":false,"template":"","format":"standard","meta":{"_acf_changed":false,"give_campaign_id":0,"footnotes":""},"categories":[122],"tags":[398],"class_list":["post-40908","post","type-post","status-publish","format-standard","has-post-thumbnail","hentry","category-news","tag-accoglienza-educazione"],"acf":[],"_links":{"self":[{"href":"https:\/\/puntocometa.dev\/es\/wp-json\/wp\/v2\/posts\/40908","targetHints":{"allow":["GET"]}}],"collection":[{"href":"https:\/\/puntocometa.dev\/es\/wp-json\/wp\/v2\/posts"}],"about":[{"href":"https:\/\/puntocometa.dev\/es\/wp-json\/wp\/v2\/types\/post"}],"author":[{"embeddable":true,"href":"https:\/\/puntocometa.dev\/es\/wp-json\/wp\/v2\/users\/15"}],"replies":[{"embeddable":true,"href":"https:\/\/puntocometa.dev\/es\/wp-json\/wp\/v2\/comments?post=40908"}],"version-history":[{"count":0,"href":"https:\/\/puntocometa.dev\/es\/wp-json\/wp\/v2\/posts\/40908\/revisions"}],"wp:featuredmedia":[{"embeddable":true,"href":"https:\/\/puntocometa.dev\/es\/wp-json\/wp\/v2\/media\/40934"}],"wp:attachment":[{"href":"https:\/\/puntocometa.dev\/es\/wp-json\/wp\/v2\/media?parent=40908"}],"wp:term":[{"taxonomy":"category","embeddable":true,"href":"https:\/\/puntocometa.dev\/es\/wp-json\/wp\/v2\/categories?post=40908"},{"taxonomy":"post_tag","embeddable":true,"href":"https:\/\/puntocometa.dev\/es\/wp-json\/wp\/v2\/tags?post=40908"}],"curies":[{"name":"wp","href":"https:\/\/api.w.org\/{rel}","templated":true}]}}