{"id":40761,"date":"2025-11-27T15:35:10","date_gmt":"2025-11-27T14:35:10","guid":{"rendered":"https:\/\/puntocometa.dev\/?p=40761"},"modified":"2025-11-27T15:35:10","modified_gmt":"2025-11-27T14:35:10","slug":"un-lavoro-per-tutti-cometa-sottoscrive-laccordo-per-coniugare-formazione-e-lavoro","status":"publish","type":"post","link":"https:\/\/puntocometa.dev\/es\/un-lavoro-per-tutti-cometa-sottoscrive-laccordo-per-coniugare-formazione-e-lavoro\/","title":{"rendered":"UN LAVORO PER TUTTI: L\u2019ACCORDO E IL CONVEGNO"},"content":{"rendered":"<p><strong>COMETA SOTTOSCRIVE L\u2019\u201c<em>ACCORDO APERTO DEL TERRITORIO LARIANO PER CONIUGARE FORMAZIONE E LAVORO\u201d<\/em><\/strong><\/p>\n<p>Il 10 novembre abbiamo partecipato in prefettura a Como alla <strong>sottoscrizione dell<em>\u2019\u201dAccordo Aperto del Territorio Lariano per coniugare formazione e lavoro\u201d<\/em>, <\/strong>nato dal desiderio di costruire e confermare <strong>collaborazioni stabili tra le istituzioni, le imprese e il mondo della formazione.<\/strong><\/p>\n<p>L\u2019intesa \u00e8 lo <strong>sviluppo di uno spunto di riflessione nato in occasione del convegno \u201c<em>Un lavoro per tutti<\/em>\u201d,<\/strong> organizzato da Cometa in collaborazione con Confindustria Como a febbraio di quest\u2019anno al Teatro Sociale di Como e che ha avuto con la sottoscrizione dell\u2019accordo di novembre la conferma di un dialogo costante e sempre crescente tra le scuole, le universit\u00e0, gli enti di formazione, le istituzioni e il sistema produttivo, nel desiderio di <strong>sostenere i giovani nell\u2019inserimento lavorativo e di rispondere in modo efficace alle richieste delle imprese del territorio.<\/strong><\/p>\n<p>Come ha ribadito da <strong>Erasmo Figini<\/strong> &#8211; fondatore di Cometa &#8211; \u00ab<em>sempre di pi\u00f9 desideriamo <strong>condividere col mondo delle imprese il lavoro<\/strong>; un lavoro sinergico in cui &#8211; <strong>mentre la persona viene formata &#8211; non solo impara il lavoro, ma impara il senso del lavoro<\/strong>. <strong>Questa collaborazione tra la scuola e il mondo del lavoro aiuta l&#8217;io a strutturarsi\u00bb.<\/strong><\/em><\/p>\n<p>Una <strong>collaborazione che porter\u00e0 vantaggi non solo ai giovani ma anche al territorio<\/strong>, come confermato dal <strong>Prefetto Corrado Conforto Galli<\/strong>, in occasione della sottoscrizione dell\u2019Accordo: \u00ab<em>Il tema di avvicinare le generazioni alle competenze, attraverso una <strong>sempre pi\u00f9 stretta integrazione tra il sistema formativo e quello delle imprese<\/strong>, \u00e8 una delle possibili soluzioni per <strong>fronteggiare gli elementi di criticit\u00e0 che caratterizzano il contesto lavorativo lariano<\/strong><\/em><em><strong>.\u201d<\/strong><\/em><\/p>\n<p>Oltre a Cometa, alla firma erano presenti il Prefetto della Provincia di Como Corrado Conforto Galli, il Sindaco di Como Alessandro Rapinese e il Presidente della Provincia Fiorenzo Bongiasca, il Presidente di Confindustria Como Gianluca Brenna, insieme ai rappresentanti di Camera di Commercio di Como-Lecco, Universit\u00e0 dell\u2019Insubria di Como, Ufficio Scolastico Territoriale di Como, Confartigianato Como, C.N.A. Lombardia Nord Ovest, Confcommercio Como, CDO Como, Confcooperative Insubria, Confesercenti, ANCE Como, CGIL Como, CISL dei Laghi, UIL del Lario, CSV Insubria, Fondazione Provinciale della Comunit\u00e0 Comasca ONLUS, Fondazione G.B. Scalabrini, ENFAPI Como, ENAIP Lombardia, area Cant\u00f9 e Como. (Essendo aperto, l\u2019Accordo potr\u00e0 <strong>includere in futuro anche altri enti e realt\u00e0 locali<\/strong> interessati a inserirsi nelle iniziative a sostegno dei giovani e del loro talento, favorendo la loro crescita e permanenza nel territorio). Vedi <strong><a href=\"https:\/\/unlavoroxtutti.it\" rel=\"nofollow noopener\" target=\"_blank\">unlavoroxtutti.it\u00a0\u00a0<\/a><\/strong><\/p>\n<p>&nbsp;<\/p>\n<p><strong><em>\u201cRIPENSARE LO STATO SOCIALE<\/em>\u201d \u2013 SPUNTI ED IDEE PER UNA COMUNIT\u00c0 CHE OFFRA A TUTTI PARI OPPORTUNIT\u00c0 DI FORMAZIONE E INSERIMENTO LAVORATIVO<\/strong><\/p>\n<p><strong>Primo appuntamento dopo l\u2019Accordo \u00e8 stato il convegno dedicato a \u00ab<em>Ripensare lo stato sociale<\/em>\u00bb alla Camera di Commercio di Como, dove con l\u2019occasione della presentazione del <a href=\"https:\/\/www.sussidiarieta.net\/cn4351\/welfare-motore-di-sviluppo-si-ma-previa-ristrutturazione.html\" rel=\"nofollow noopener\" target=\"_blank\">\u00abRapporto sulla sussidiariet\u00e0\u201d <\/a>sono stati ripresi i temi e il confronto su \u00abUn lavoro per tutti\u201d.<\/strong><\/p>\n<p>Promuovere un ecosistema territoriale virtuoso, in cui welfare, scuola e lavoro collaborino e si rafforzino reciprocamente, rispondendo al meglio ai bisogni delle persone si pu\u00f2. \u00c8 questo l\u2019ambizioso obiettivo del percorso di <strong>\u201c<em>Un lavoro x tutti<\/em><\/strong>\u201d, l\u2019accordo aperto del territorio lariano promosso dal <strong>Prefetto di Como Corrado Conforto Galli<\/strong> e dalle istituzioni per coniugare formazione e lavoro, <strong>al centro del convegno <em>\u201cRipensare lo Stato sociale<\/em>\u201d,<\/strong> tenutosi marted\u00ec 25 novembre alla Camera di Commercio di Como.<\/p>\n<p>L\u2019incontro \u00e8 stato aperto proprio dai saluti istituzionali del Prefetto, che ha parlato del nuovo progetto come <strong>un\u2019iniziativa sfidante, volta a ripensare il modo di fare sviluppo.<\/strong> \u00ab<em>Un territorio che forma \u00e8 un territorio che cresce<\/em> \u2013 ha dichiarato \u2013. <em>Per questo <strong>\u00e8 importante creare un ecosistema che accompagni verso il mondo del lavoro<\/strong>. Questo \u00e8<strong> un percorso che crea coesione sociale,<\/strong> essenziale per lo sviluppo della comunit\u00e0, attraverso un\u2019alleanza tra istituzioni, imprese e terzo settore, con visione condivisa e unit\u00e0 d\u2019intenti\u00bb.<\/em><\/p>\n<p>\u00c8 seguito <strong>l\u2019intervento del Ministro del Lavoro e degli Affari sociali dell\u2019Armenia, Arsen Torosyan,<\/strong> in questi giorni in visita a Como e anche in Cometa, che ha fornito l\u2019esempio di come in un piccolo Paese come il suo stia avvenendo un cambiamento sociale importante e come il lavoro sia visto come il principale mezzo di contrasto alla povert\u00e0. Ma tra gli interventi fatti, \u00e8 emersa anche l<strong>\u2019attenzione alla tutela dell\u2019infanzia, a una longevit\u00e0 attiva e nell\u2019accompagnamento delle persone con disabilit\u00e0.<\/strong><\/p>\n<p>Un assist per parlare dello scenario italiano, ancora piuttosto ambivalente, come testimonia il <a href=\"https:\/\/www.sussidiarieta.net\/cn4351\/welfare-motore-di-sviluppo-si-ma-previa-ristrutturazione.html\" rel=\"nofollow noopener\" target=\"_blank\">Rapporto sulla Sussidiariet\u00e0<\/a>, presentato dalla <strong>professoressa di Diritto Costituzionale all\u2019universit\u00e0 degli Studi di Milano, Lorenza Violini, e dal Presidente della Fondazione per la Sussidiariet\u00e0 Giorgio Vittadini.<\/strong> \u00c8 emerso come l<strong>\u2019Italia ha uno dei sistemi di welfare pi\u00f9 costosi, ma ancora molto disomogeneo,<\/strong> con un forte divario tra nord e sud, e con una mancanza strutturale di analisi dei bisogni, che produce un\u2019offerta di servizi rigida e incapace di rispondere alle reali necessit\u00e0.<strong> La via d\u2019uscita<\/strong>, sempre secondo il rapporto, \u00e8 <strong>un sistema che rimetta al centro la persona con un approccio che riconosca la complessit\u00e0 delle vite reali e delle comunit\u00e0, integrando salute, lavoro, relazioni e formazione.<\/strong> \u00ab<em>La soluzione non \u00e8 la privatizzazione<\/em> \u2013 ha sottolineato Vittadini <em>\u2013 ma un sistema che integri privato e terzo settore. Ci vuole visione, non solo pragmatismo. Ripartiamo dalla presa in carico delle persone e dai loro bisogni\u00bb<\/em>.<\/p>\n<p>Si \u00e8 dunque entrati nel vivo del convegno, spostando il focus su<strong> come rispondere ai bisogni delle persone con disabilit\u00e0<\/strong>, valorizzando le loro capacit\u00e0, in modo che possano diventare una risorsa per le imprese e per la comunit\u00e0 e al contempo, dando a ciascun individuo le stesse opportunit\u00e0 di realizzarsi nel lavoro. <strong>Don Ivan Salvadori<\/strong> ha ricordato come gi\u00e0 nel secolo scorso, Don Guanella sia riuscito nella bonifica del Pian di Spagna \u00ab<em>grazie a quelli che lui chiamava \u2018i buoni figli\u2019 e che noi, oggi, chiamiamo \u2018persone con disabilit\u00e0\u2019\u00bb<\/em>.<\/p>\n<p>C\u2019\u00e8 per\u00f2 ancora molto da fare, soprattutto in una societ\u00e0 in continuo cambiamento. Lo ha ribadito il<strong> Ministro per le disabilit\u00e0 Alessandra Locatelli<\/strong> nel suo intervento. \u00ab<em><strong>C\u2019\u00e8 bisogno di tutti<\/strong> <\/em>\u2013 ha dichiarato \u2013 <em>Stiamo lavorando per rimettere al centro la persona, con un nuovo modo di intendere la disabilit\u00e0, che non \u00e8 una condizione dell\u2019individuo ma riguarda l\u2019interazione negativa con l\u2019ambiente. Non \u00e8 pi\u00f9 il tempo di assistere, ma di <strong>dare la possibilit\u00e0 a ciascuno di emergere per le proprie abilit\u00e0, creando un matching tra la persona e l\u2019impresa,<\/strong> in modo che le capacit\u00e0 dell\u2019individuo possano incontrare la domanda dell\u2019azienda. Serve, per\u00f2, fare un salto di qualit\u00e0 sull\u2019inserimento lavorativo, anche a livello culturale. Guardiamo alle potenzialit\u00e0, non fermiamoci ai limiti\u00bb.<\/em><\/p>\n<p>Un messaggio ripreso anche da<strong> Francesco Pizzagalli, presidente della Fondazione provinciale della Comunit\u00e0 Comasca,<\/strong> che ha richiamato i principi fondazione: \u00ab<em>Oggi occorrono tre cose: <strong>visione<\/strong>, per capire dove andare, <strong>condivisione<\/strong> delle problematiche, che hanno bisogno di trovare sinergie e, appunto, <strong>collaborazione<\/strong>. Spero che l\u2019iniziativa di Un lavoro x tutti abbia questi elementi, ma anche e soprattutto il coraggio di andare avanti in un\u2019epoca in cui si \u00e8 sempre pi\u00f9 indifferenti\u00ab.<\/em><\/p>\n<p>Dell\u2019applicazione concreta di tutti questi principi ha parlato <strong>Sergio Tamborini, ceo di Ratti<\/strong>, che \u00e8 partito dai bisogni dei propri dipendenti. \u00ab<em>Sono principalmente legati alla famiglia, non solo a bambini e persone con disabilit\u00e0, ma anche e soprattutto ai genitori anziani. Cerchiamo di rispondere con azioni che sembrano banali, ma che danno una mano. Considerato che le persone passano un quarto della propria vita sul posto di lavoro, <strong>l\u2019obiettivo \u00e8 creare un sistema in cui possano stare il meglio possibile\u00bb.<\/strong><\/em><\/p>\n<p>La conclusione \u00e8 stata affidata al <strong>Presidente di Cometa Alessandro Mele,<\/strong> moderatore dell\u2019incontro. Un modo per tirare le fila di tutti gli interventi del convegno che, proprio come l\u2019accordo territoriale \u201c<em>Un lavoro per tutti\u201d<\/em>, hanno l\u2019obiettivo di costruire una rete capace di trovare soluzioni per riaprire il <strong>dialogo tra formazione, lavoro e giovani.<\/strong><\/p>\n\n\t\t<style>\n\t\t\t#gallery-1 {\n\t\t\t\tmargin: auto;\n\t\t\t}\n\t\t\t#gallery-1 .gallery-item {\n\t\t\t\tfloat: left;\n\t\t\t\tmargin-top: 10px;\n\t\t\t\ttext-align: center;\n\t\t\t\twidth: 33%;\n\t\t\t}\n\t\t\t#gallery-1 img {\n\t\t\t\tborder: 2px solid #cfcfcf;\n\t\t\t}\n\t\t\t#gallery-1 .gallery-caption {\n\t\t\t\tmargin-left: 0;\n\t\t\t}\n\t\t\t\/* see gallery_shortcode() in wp-includes\/media.php *\/\n\t\t<\/style>\n\t\t<div id='gallery-1' class='gallery galleryid-40761 gallery-columns-3 gallery-size-full'><dl class='gallery-item'>\n\t\t\t<dt class='gallery-icon landscape'>\n\t\t\t\t<a href=\"https:\/\/puntocometa.dev\/wp-content\/uploads\/2025\/11\/WhatsApp-Image-2025-11-27-at-14.59.47.jpeg\"><img fetchpriority=\"high\" decoding=\"async\" width=\"1600\" height=\"1066\" src=\"https:\/\/puntocometa.dev\/wp-content\/uploads\/2025\/11\/WhatsApp-Image-2025-11-27-at-14.59.47.jpeg\" class=\"attachment-full size-full\" alt=\"-\" srcset=\"https:\/\/puntocometa.dev\/wp-content\/uploads\/2025\/11\/WhatsApp-Image-2025-11-27-at-14.59.47.jpeg 1600w, https:\/\/puntocometa.dev\/wp-content\/uploads\/2025\/11\/WhatsApp-Image-2025-11-27-at-14.59.47-300x200.jpeg 300w, https:\/\/puntocometa.dev\/wp-content\/uploads\/2025\/11\/WhatsApp-Image-2025-11-27-at-14.59.47-1024x682.jpeg 1024w, https:\/\/puntocometa.dev\/wp-content\/uploads\/2025\/11\/WhatsApp-Image-2025-11-27-at-14.59.47-768x512.jpeg 768w, https:\/\/puntocometa.dev\/wp-content\/uploads\/2025\/11\/WhatsApp-Image-2025-11-27-at-14.59.47-1536x1023.jpeg 1536w\" sizes=\"(max-width: 1600px) 100vw, 1600px\" title=\"\"><\/a>\n\t\t\t<\/dt><\/dl><dl class='gallery-item'>\n\t\t\t<dt class='gallery-icon landscape'>\n\t\t\t\t<a href=\"https:\/\/puntocometa.dev\/wp-content\/uploads\/2025\/11\/WhatsApp-Image-2025-11-27-at-14.58.54.jpeg\"><img decoding=\"async\" width=\"1600\" height=\"1066\" src=\"https:\/\/puntocometa.dev\/wp-content\/uploads\/2025\/11\/WhatsApp-Image-2025-11-27-at-14.58.54.jpeg\" class=\"attachment-full size-full\" alt=\"-\" srcset=\"https:\/\/puntocometa.dev\/wp-content\/uploads\/2025\/11\/WhatsApp-Image-2025-11-27-at-14.58.54.jpeg 1600w, https:\/\/puntocometa.dev\/wp-content\/uploads\/2025\/11\/WhatsApp-Image-2025-11-27-at-14.58.54-300x200.jpeg 300w, https:\/\/puntocometa.dev\/wp-content\/uploads\/2025\/11\/WhatsApp-Image-2025-11-27-at-14.58.54-1024x682.jpeg 1024w, https:\/\/puntocometa.dev\/wp-content\/uploads\/2025\/11\/WhatsApp-Image-2025-11-27-at-14.58.54-768x512.jpeg 768w, https:\/\/puntocometa.dev\/wp-content\/uploads\/2025\/11\/WhatsApp-Image-2025-11-27-at-14.58.54-1536x1023.jpeg 1536w\" sizes=\"(max-width: 1600px) 100vw, 1600px\" title=\"\"><\/a>\n\t\t\t<\/dt><\/dl>\n\t\t\t<br style='clear: both' \/>\n\t\t<\/div>\n\n","protected":false},"excerpt":{"rendered":"<p>COMETA SOTTOSCRIVE L\u2019\u201cACCORDO APERTO DEL TERRITORIO LARIANO PER CONIUGARE FORMAZIONE E LAVORO\u201d Il 10 novembre abbiamo partecipato in prefettura a Como alla sottoscrizione dell\u2019\u201dAccordo Aperto del Territorio Lariano per coniugare formazione e lavoro\u201d, nato dal desiderio di costruire e confermare collaborazioni stabili tra le istituzioni, le imprese e il mondo della formazione. L\u2019intesa \u00e8 lo [&hellip;]<\/p>\n","protected":false},"author":15,"featured_media":40762,"comment_status":"open","ping_status":"open","sticky":false,"template":"","format":"standard","meta":{"_acf_changed":false,"give_campaign_id":0,"footnotes":""},"categories":[69],"tags":[140],"class_list":["post-40761","post","type-post","status-publish","format-standard","has-post-thumbnail","hentry","category-eventi","tag-lavoro"],"acf":[],"_links":{"self":[{"href":"https:\/\/puntocometa.dev\/es\/wp-json\/wp\/v2\/posts\/40761","targetHints":{"allow":["GET"]}}],"collection":[{"href":"https:\/\/puntocometa.dev\/es\/wp-json\/wp\/v2\/posts"}],"about":[{"href":"https:\/\/puntocometa.dev\/es\/wp-json\/wp\/v2\/types\/post"}],"author":[{"embeddable":true,"href":"https:\/\/puntocometa.dev\/es\/wp-json\/wp\/v2\/users\/15"}],"replies":[{"embeddable":true,"href":"https:\/\/puntocometa.dev\/es\/wp-json\/wp\/v2\/comments?post=40761"}],"version-history":[{"count":0,"href":"https:\/\/puntocometa.dev\/es\/wp-json\/wp\/v2\/posts\/40761\/revisions"}],"wp:featuredmedia":[{"embeddable":true,"href":"https:\/\/puntocometa.dev\/es\/wp-json\/wp\/v2\/media\/40762"}],"wp:attachment":[{"href":"https:\/\/puntocometa.dev\/es\/wp-json\/wp\/v2\/media?parent=40761"}],"wp:term":[{"taxonomy":"category","embeddable":true,"href":"https:\/\/puntocometa.dev\/es\/wp-json\/wp\/v2\/categories?post=40761"},{"taxonomy":"post_tag","embeddable":true,"href":"https:\/\/puntocometa.dev\/es\/wp-json\/wp\/v2\/tags?post=40761"}],"curies":[{"name":"wp","href":"https:\/\/api.w.org\/{rel}","templated":true}]}}