{"id":40195,"date":"2025-10-02T11:51:55","date_gmt":"2025-10-02T09:51:55","guid":{"rendered":"https:\/\/puntocometa.dev\/?p=40195"},"modified":"2025-10-02T11:51:55","modified_gmt":"2025-10-02T09:51:55","slug":"inclusione-andare-oltre-insieme-il-video-racconto-del-corso-che-introduce-al-lavoro","status":"publish","type":"post","link":"https:\/\/puntocometa.dev\/es\/inclusione-andare-oltre-insieme-il-video-racconto-del-corso-che-introduce-al-lavoro\/","title":{"rendered":"INCLUSIONE. ANDARE OLTRE INSIEME: IL VIDEO-RACCONTO DEL CORSO CHE INTRODUCE AL LAVORO"},"content":{"rendered":"<p>Un anno di lezioni, laboratori, uscite didattiche ed esperienze lavorative raccontato in un video: il corso professionalizzante per assistenti alle vendite dedicato a persone con disabilit\u00e0 \u00e8 un progetto che coniuga formazione e inclusione, nella consapevolezza che\u00a0nel lavoro ciascuno pu\u00f2 scoprire s\u00e9 stesso, i propri talenti e portare la propria unicit\u00e0.<\/p>\n<p><i>\u00abTi si apre un mondo davanti. Con impegno e determinazione si pu\u00f2 puntare in alto<\/i>.\u00bb &#8211; racconta Assen, un corsista, ripensando all\u2019esperienza fatta.<\/p>\n<p>Un percorso reso possibile grazie a un lavoro sinergico di tante realt\u00e0: Intesa Sanpaolo che ha collaborato al progetto, Asociaci\u00f3n APSA per la formazione, le aziende partner del territorio Arcaplanet, Bennet, Castelli Scarpe, Coiter, Esselunga, Lino&#8217;s Coffee e Panino Giusto che hanno accolto i corsisti per i percorsi di stage.<\/p>\n<p><i>\u201cIn questi anni, in Cometa, sono nati diversi\u00a0luoghi di lavoro per favorire l&#8217;inserimento lavorativo di giovani con disabilit\u00e0 intellettiva. Luoghi non solo di inclusione lavorativa, ma di vera integrazione sociale. Per questa nuova esperienza, partendo dalle richieste e dalle domande che le aziende ci ponevano, abbiamo organizzato un momento di formazione con un&#8217;introduzione su qual \u00e8 il mondo della disabilit\u00e0 intellettiva e su quali sono tutti gli\u00a0adattamenti, gli strumenti e le facilitazioni che possono favorire l&#8217;inserimento lavorativo\u00a0e quindi creare dei\u00a0percorsi costruttivi e positivi per tutti\u00a0. Da questa esperienza positiva \u00e8 nato\u00a0il desiderio di continuare,<b> <span style=\"color: #e38a05;\">proponendo una seconda edizione<\/span><\/b><strong><span style=\"color: #e38a05;\">\u00a0\u2013 in partenza a ottobre \u2013 per cui<\/span><\/strong><b><span style=\"color: #e38a05;\"><strong>\u00a0ci<\/strong> auguriamo la collaborazione di nuove aziende del territorio che si vogliono coinvolgere nel progetto.<\/span>\u201d<\/b><\/i> &#8211; Alessandro Figini, responsabile area disabilit\u00e0 di Cometa.<\/p>\n<p><span style=\"color: #e38a05;\"><strong>Se sei un&#8217;azienda interessata a collaborare e desideri pi\u00f9 informazioni scrivici a <a href=\"mailto:corsi@puntocometa.dev\">corsi@puntocometa.dev<\/a>, valuteremo insieme la possibilit\u00e0 di un percorso di inserimento lavorativo nella tua azienda nel 2026.<\/strong><\/span><\/p>\n<p><span style=\"color: #333333;\">Il corso professionalizzante per assistenti alle vendite per persone con disabilit\u00e0 \u00e8 possibile anche grazie alla collaborazione di Intesa Sanpaolo.<\/span><strong><br \/>\n<\/strong><\/p>\n<p>Per maggiori informazioni sul corso\u00a0<b><u><a title=\"https:\/\/click.comunicazioni.puntocometa.org\/?qs=770bc28846859c12bde4b3f16e1b1f5dac78b150ca41a0e55373f792fb6912ec77c5589faa3547fea8b42897b3e732c7028c0b8cb7d00e7a\" href=\"https:\/\/click.comunicazioni.puntocometa.org\/?qs=770bc28846859c12bde4b3f16e1b1f5dac78b150ca41a0e55373f792fb6912ec77c5589faa3547fea8b42897b3e732c7028c0b8cb7d00e7a\" data-linkto=\"https:\/\/\" data-auth=\"NotApplicable\" data-linkindex=\"1\" rel=\"nofollow noopener\" target=\"_blank\">clicca qui<\/a><\/u><\/b><\/p>\n<div style=\"width: 1280px;\" class=\"wp-video\"><video class=\"wp-video-shortcode\" id=\"video-40195-1\" width=\"1280\" height=\"720\" preload=\"metadata\" controls=\"controls\"><source type=\"video\/mp4\" src=\"https:\/\/puntocometa.dev\/wp-content\/uploads\/2025\/10\/ANDARE-OLTRE-INSIEME-_-Corso-professionalizzante-per-persone-con-disabilita-intellettiva.mp4?_=1\" \/><a href=\"https:\/\/puntocometa.dev\/wp-content\/uploads\/2025\/10\/ANDARE-OLTRE-INSIEME-_-Corso-professionalizzante-per-persone-con-disabilita-intellettiva.mp4\">https:\/\/puntocometa.dev\/wp-content\/uploads\/2025\/10\/ANDARE-OLTRE-INSIEME-_-Corso-professionalizzante-per-persone-con-disabilita-intellettiva.mp4<\/a><\/video><\/div>\n<p>&nbsp;<\/p>\n<p>Il video \u00e8 disponibile su YouTube al seguente\u00a0<b><u><a title=\"https:\/\/click.comunicazioni.puntocometa.org\/?qs=770bc28846859c12437a1fc9315ac52ec7c71ac8def8165ad59686fce3cb9a11c2cf9b0ef400126cffb5b364ca0e718686a09c292b79c4fd\" href=\"https:\/\/youtu.be\/nitE0jeqAS4?si=iarncvCTA2n5JDA-\" data-linkto=\"https:\/\/\" data-auth=\"NotApplicable\" data-linkindex=\"0\" rel=\"nofollow noopener\" target=\"_blank\">link<\/a><\/u><\/b><\/p>\n<p>&nbsp;<\/p>\n","protected":false},"excerpt":{"rendered":"<p>Un anno di lezioni, laboratori, uscite didattiche ed esperienze lavorative raccontato in un video: il corso professionalizzante per assistenti alle vendite dedicato a persone con disabilit\u00e0 \u00e8 un progetto che coniuga formazione e inclusione, nella consapevolezza che\u00a0nel lavoro ciascuno pu\u00f2 scoprire s\u00e9 stesso, i propri talenti e portare la propria unicit\u00e0. \u00abTi si apre un [&hellip;]<\/p>\n","protected":false},"author":15,"featured_media":0,"comment_status":"open","ping_status":"open","sticky":false,"template":"","format":"standard","meta":{"_acf_changed":false,"give_campaign_id":0,"footnotes":""},"categories":[122],"tags":[140],"class_list":["post-40195","post","type-post","status-publish","format-standard","hentry","category-news","tag-lavoro"],"acf":[],"_links":{"self":[{"href":"https:\/\/puntocometa.dev\/es\/wp-json\/wp\/v2\/posts\/40195","targetHints":{"allow":["GET"]}}],"collection":[{"href":"https:\/\/puntocometa.dev\/es\/wp-json\/wp\/v2\/posts"}],"about":[{"href":"https:\/\/puntocometa.dev\/es\/wp-json\/wp\/v2\/types\/post"}],"author":[{"embeddable":true,"href":"https:\/\/puntocometa.dev\/es\/wp-json\/wp\/v2\/users\/15"}],"replies":[{"embeddable":true,"href":"https:\/\/puntocometa.dev\/es\/wp-json\/wp\/v2\/comments?post=40195"}],"version-history":[{"count":0,"href":"https:\/\/puntocometa.dev\/es\/wp-json\/wp\/v2\/posts\/40195\/revisions"}],"wp:attachment":[{"href":"https:\/\/puntocometa.dev\/es\/wp-json\/wp\/v2\/media?parent=40195"}],"wp:term":[{"taxonomy":"category","embeddable":true,"href":"https:\/\/puntocometa.dev\/es\/wp-json\/wp\/v2\/categories?post=40195"},{"taxonomy":"post_tag","embeddable":true,"href":"https:\/\/puntocometa.dev\/es\/wp-json\/wp\/v2\/tags?post=40195"}],"curies":[{"name":"wp","href":"https:\/\/api.w.org\/{rel}","templated":true}]}}