{"id":39171,"date":"2025-07-16T11:55:27","date_gmt":"2025-07-16T09:55:27","guid":{"rendered":"https:\/\/puntocometa.dev\/?p=39171"},"modified":"2026-02-05T09:06:52","modified_gmt":"2026-02-05T08:06:52","slug":"cometa-in-festa-2025","status":"publish","type":"post","link":"https:\/\/puntocometa.dev\/es\/cometa-in-festa-2025\/","title":{"rendered":"COMETA IN FESTA"},"content":{"rendered":"<p><span data-contrast=\"none\">In una giornata accompagnata dal vento, dopo un pomeriggio ad apparecchiare sfidando le folate, \u00e8 iniziata con una cena condivisa la festa di Cometa!<\/span><span data-ccp-props=\"{&quot;335551550&quot;:6,&quot;335551620&quot;:6}\">\u00a0<\/span><\/p>\n<p><span data-contrast=\"none\">Un ritrovo annuale tra tutti i protagonisti di questa vita insieme: tante persone tra i bambini di Una Casa per Crescere e i loro genitori, gli studenti della scuola e i professori, i dipendenti, le loro famiglie e i loro amici e tutte le persone che in tanti modi sostengono e collaborano a costruire questa storia. Un momento per condividere la gioia di questa strada piena di vitalit\u00e0 e uno sguardo all\u2019origine perch\u00e9 \u2013 come ricordato dal palco &#8211; \u201c<\/span><i><span data-contrast=\"none\">la giovinezza \u00e8 la fedelt\u00e0 al primo incontro<\/span><\/i><span data-contrast=\"none\">\u201d.<\/span><span data-ccp-props=\"{&quot;335551550&quot;:6,&quot;335551620&quot;:6}\">\u00a0<\/span><\/p>\n<p><span data-contrast=\"none\">In scena tanti talenti che hanno condiviso le loro passioni: una menzione speciale al coro <\/span><i><span data-contrast=\"none\">Uniting Voices Chicago<\/span><\/i><span data-contrast=\"none\"> che ha cantato un repertorio di brani gospel, classici e dedicati alla cultura italiana. Il coro in tourn\u00e9e in italia ha voluto donare la performance a Cometa per l\u2019amicizia che dura da diversi anni. Poi sul palco si sono alternati sketch comici, scene tratte dal musical di Cometa <\/span><i><span data-contrast=\"none\">CometAct,<\/span><\/i><span data-contrast=\"none\"> l\u2019inno del centro estivo cantato insieme a squarciagola e un\u2019intervista dei bambini della redazione del giornalino alla direttrice del coro americano Josephine Lee.<\/span><span data-ccp-props=\"{&quot;335551550&quot;:6,&quot;335551620&quot;:6}\">\u00a0<\/span><\/p>\n<p><span data-contrast=\"none\">Nelle sue parole una conferma di ci\u00f2 che \u00e8 nel cuore di Cometa: l\u2019idea della Bellezza come una forza attrattiva che muove, che spinge ad appassionarsi, a lasciarsi provocare dalla realt\u00e0. Commovente vedere pi\u00f9 di cento adolescenti che, con entusiasmo e intensit\u00e0, hanno interpretato i brani, arricchendoli con espressivit\u00e0 e coreografie.<\/span><span data-ccp-props=\"{&quot;335551550&quot;:6,&quot;335551620&quot;:6}\">\u00a0<\/span><\/p>\n<p><span data-contrast=\"none\">Tutti si sono messi in gioco per dare una mano: chi ha cucinato e portato le proprie specialit\u00e0 dei paesi di provenienza da condividere, chi ha apparecchiato, chi ha servito ai tavoli, chi ha pulito. Poi, sul palco il team di pasticceria che ha preparato una grande torta alla panna per festeggiare questo anno trascorso insieme e soprattutto i venticinque anni di Associazione Cometa la realt\u00e0 che segue le famiglie in rete dell\u2019affido.<\/span><span data-ccp-props=\"{&quot;335551550&quot;:6,&quot;335551620&quot;:6}\">\u00a0<\/span><\/p>\n<p><span data-contrast=\"none\">Un momento di gioia e comunione, con bambini che corrono tra i tavoli sentendosi a casa, mamme e pap\u00e0 che li inseguono, bolle di sapone, fumo colorato, canti e spettacoli.<\/span><span data-ccp-props=\"{&quot;335551550&quot;:6,&quot;335551620&quot;:6}\">\u00a0<\/span><\/p>\n<p><span data-contrast=\"none\">In una serata in cui tutto si muoveva con il vento \u2013 i tavoli, i canti, i bambini e le persone \u2013 al fondo di tutta questa vita, c\u2019\u00e8 ci\u00f2 che tiene insieme Cometa, la certezza che ogni persona vale, ogni incontro pu\u00f2 generare bellezza, ogni gesto condiviso pu\u00f2 cambiare la realt\u00e0: come ha detto un pap\u00e0 alla fine \u201c<\/span><i><span data-contrast=\"none\">che spettacolo questo<\/span><\/i> <i><span data-contrast=\"none\">incontro tra umanit\u00e0 cos\u00ec diverse, con lo stesso bisogno e la stessa libert\u00e0.\u201d<\/span><\/i><span data-ccp-props=\"{&quot;335551550&quot;:6,&quot;335551620&quot;:6}\">\u00a0<\/span><\/p>\n<p><i><span data-contrast=\"none\">Grazie a tutti!<\/span><\/i><span data-ccp-props=\"{&quot;335551550&quot;:6,&quot;335551620&quot;:6}\">\u00a0<\/span><\/p>\n","protected":false},"excerpt":{"rendered":"<p>In una giornata accompagnata dal vento, dopo un pomeriggio ad apparecchiare sfidando le folate, \u00e8 iniziata con una cena condivisa la festa di Cometa!\u00a0 Un ritrovo annuale tra tutti i protagonisti di questa vita insieme: tante persone tra i bambini di Una Casa per Crescere e i loro genitori, gli studenti della scuola e i [&hellip;]<\/p>\n","protected":false},"author":15,"featured_media":39172,"comment_status":"open","ping_status":"open","sticky":false,"template":"","format":"standard","meta":{"_acf_changed":false,"give_campaign_id":0,"footnotes":""},"categories":[122],"tags":[],"class_list":["post-39171","post","type-post","status-publish","format-standard","has-post-thumbnail","hentry","category-news"],"acf":[],"_links":{"self":[{"href":"https:\/\/puntocometa.dev\/es\/wp-json\/wp\/v2\/posts\/39171","targetHints":{"allow":["GET"]}}],"collection":[{"href":"https:\/\/puntocometa.dev\/es\/wp-json\/wp\/v2\/posts"}],"about":[{"href":"https:\/\/puntocometa.dev\/es\/wp-json\/wp\/v2\/types\/post"}],"author":[{"embeddable":true,"href":"https:\/\/puntocometa.dev\/es\/wp-json\/wp\/v2\/users\/15"}],"replies":[{"embeddable":true,"href":"https:\/\/puntocometa.dev\/es\/wp-json\/wp\/v2\/comments?post=39171"}],"version-history":[{"count":1,"href":"https:\/\/puntocometa.dev\/es\/wp-json\/wp\/v2\/posts\/39171\/revisions"}],"predecessor-version":[{"id":1006303,"href":"https:\/\/puntocometa.dev\/es\/wp-json\/wp\/v2\/posts\/39171\/revisions\/1006303"}],"wp:featuredmedia":[{"embeddable":true,"href":"https:\/\/puntocometa.dev\/es\/wp-json\/wp\/v2\/media\/39172"}],"wp:attachment":[{"href":"https:\/\/puntocometa.dev\/es\/wp-json\/wp\/v2\/media?parent=39171"}],"wp:term":[{"taxonomy":"category","embeddable":true,"href":"https:\/\/puntocometa.dev\/es\/wp-json\/wp\/v2\/categories?post=39171"},{"taxonomy":"post_tag","embeddable":true,"href":"https:\/\/puntocometa.dev\/es\/wp-json\/wp\/v2\/tags?post=39171"}],"curies":[{"name":"wp","href":"https:\/\/api.w.org\/{rel}","templated":true}]}}