{"id":38194,"date":"2025-03-20T16:19:11","date_gmt":"2025-03-20T15:19:11","guid":{"rendered":"https:\/\/puntocometa.dev\/?p=38194"},"modified":"2025-03-20T16:19:11","modified_gmt":"2025-03-20T15:19:11","slug":"dalla-guerra-alla-speranza-la-storia-di-ibrahim","status":"publish","type":"post","link":"https:\/\/puntocometa.dev\/es\/dalla-guerra-alla-speranza-la-storia-di-ibrahim\/","title":{"rendered":"DALLA GUERRA ALLA SPERANZA: LA STORIA DI IBRAHIM\u00a0"},"content":{"rendered":"<p><span data-contrast=\"none\">Se capiti al centro di una guerra etnica, non c\u2019\u00e8 spazio neanche per l\u2019amore. Ibrahim era un bambino di etnia dioula quando i suoi genitori dovettero combattere contro l\u2019odio tra fratelli che invest\u00ec la Costa d\u2019Avorio dopo il 2010. Ibrahim cresce, come tanti ragazzi ivoriani, senza percepire diversit\u00e0 etniche o antipatie di sorta. Diventa amico di Yamima, una ragazza di etnia agni. Vanno a scuola insieme, lei \u00e8 spesso ospite a casa di Ibrahim.<\/span><span data-ccp-props=\"{&quot;335551550&quot;:6,&quot;335551620&quot;:6}\">\u00a0<\/span><\/p>\n<p><span data-contrast=\"none\">Dopo due anni di amicizia sincera, Ibrahim e Yamima si scoprono innamorati.<\/span><span data-ccp-props=\"{&quot;335551550&quot;:6,&quot;335551620&quot;:6}\">\u00a0<\/span><\/p>\n<p><span data-contrast=\"none\">Qualcuno bussa alla porta di casa. \u00c8 il padre di Yamima che minaccia il giovane Ibrahim, colpevole solo di avere sangue dioula. Passano gli anni. Ibrahim ne compie diciannove.<\/span><span data-ccp-props=\"{&quot;335551550&quot;:6,&quot;335551620&quot;:6}\">\u00a0<\/span><\/p>\n<p><span data-contrast=\"none\">Un giorno i fratelli maggiori di Yamima si presentano a casa di Ibrahim a offrire una mano di pace. \u00c8 una trappola, ma Ibrahim se ne accorge troppo tardi. Lo picchiano selvaggiamente lasciandolo quasi cadavere in mezzo ai campi.<\/span><span data-ccp-props=\"{&quot;335551550&quot;:6,&quot;335551620&quot;:6}\">\u00a0<\/span><\/p>\n<p><span data-contrast=\"none\">Ibrahim ha paura per la sua vita e decide di partire per la Tunisia dove un amico gli assicura lavoro e tranquillit\u00e0. \u00c8 pronta un\u2019altra trappola per il ragazzo che prende un aereo e si fida di una favola.<\/span><span data-ccp-props=\"{&quot;335551550&quot;:6,&quot;335551620&quot;:6}\">\u00a0<\/span><\/p>\n<p><span data-contrast=\"none\">In Tunisia lo aspetta solo duro lavoro non pagato per rimborsare il biglietto aereo. Sono mesi di solitudine e schiavit\u00f9. Dopo che Ibrahim ha pagato il suo debito, viene lasciato in mezzo alla strada. Attraversare a piedi il deserto per tornare in Costa d\u2019Avorio equivarrebbe a morte certa.<\/span><span data-ccp-props=\"{&quot;335551550&quot;:6,&quot;335551620&quot;:6}\">\u00a0<\/span><\/p>\n<p><span data-contrast=\"none\">Qualche altro mese come manovale e Ibrahim mette da parte trecento dinari necessari per salire su una barca diretta a Lampedusa. \u00c8 questa la sua unica speranza: raggiungere l\u2019Italia e lavorare. Arriva in Italia nel marzo 2023 e il centro di accoglienza lo indirizza a fare un colloquio con i tutor di Blooming. Il futuro per Ibrahim parla italiano, ha a che fare con metri e metri di cavi elettrici da posare per la citt\u00e0, appare finalmente luminoso e gli accende un grande sorriso. Ora aspetta di riabbracciare Yamima, quando le condizioni lo permetteranno per poter dare alla loro storia il lieto fine che si merita.<\/span><span data-ccp-props=\"{&quot;335551550&quot;:6,&quot;335551620&quot;:6}\">\u00a0<\/span><\/p>\n<p><span data-contrast=\"auto\">******<\/span><span data-ccp-props=\"{&quot;335551550&quot;:6,&quot;335551620&quot;:6}\">\u00a0<\/span><\/p>\n<p><span data-contrast=\"auto\">Pubblichiamo alcune storie delle ragazze e dei ragazzi che stanno beneficiando del progetto Blooming. Come le altre storie che via via seguiranno, la vicenda di Ibrahim ci parla di una possibilit\u00e0 di rinascita che un lavoro pu\u00f2 dare. Ci racconta anche di uno sguardo appassionato che si posa su persone in grande difficolt\u00e0 e di come, grazie a questo, possano riprendere a sperare.\u00a0\u00a0<\/span><span data-ccp-props=\"{&quot;134233117&quot;:false,&quot;134233118&quot;:false,&quot;201341983&quot;:0,&quot;335551550&quot;:6,&quot;335551620&quot;:6,&quot;335559685&quot;:0,&quot;335559737&quot;:0,&quot;335559738&quot;:0,&quot;335559739&quot;:160,&quot;335559740&quot;:279}\">\u00a0<\/span><\/p>\n<p><span data-contrast=\"auto\">Grazie al progetto Blooming, migranti e rifugiati, richiedenti asilo, in cerca di un nuovo inizio, possono trovare un sostegno per costruirsi un futuro. Qui l\u2019accoglienza si trasforma in crescita e lavoro. Formazione, percorsi professionali e offerte di lavoro per valorizzare ciascuno.<\/span><span data-ccp-props=\"{&quot;335551550&quot;:6,&quot;335551620&quot;:6}\">\u00a0<\/span><\/p>\n<p><span data-contrast=\"auto\">Cometa, BonelliErede e ITA2030, con contributo di Fondazione di Comunit\u00e0 Milano, hanno dato vita al progetto Blooming che aiuta nell\u2019inserimento lavorativo migranti, rifugiati e richiedenti asilo arrivati a Milano. Il programma \u00e8 stato costruito per rispondere in modo efficace alla necessit\u00e0 di ricerca di un impiego di queste persone, offrendo loro una formazione linguistica e professionale e supportandoli direttamente nella costruzione di una identit\u00e0 professionale di qualit\u00e0.<\/span><span data-ccp-props=\"{&quot;335551550&quot;:6,&quot;335551620&quot;:6}\">\u00a0<\/span><\/p>\n<p><span data-contrast=\"auto\">Scopri di pi\u00f9 su: <\/span><a href=\"https:\/\/bloomingwork.org\/\" rel=\"nofollow noopener\" target=\"_blank\"><span data-contrast=\"none\">https:\/\/bloomingwork.org\/<\/span><\/a><span data-contrast=\"auto\">\u00a0<\/span><span data-ccp-props=\"{&quot;335551550&quot;:6,&quot;335551620&quot;:6}\">\u00a0<\/span><\/p>\n<p><span data-ccp-props=\"{&quot;335551550&quot;:6,&quot;335551620&quot;:6}\">\u00a0<\/span><\/p>\n","protected":false},"excerpt":{"rendered":"<p>Se capiti al centro di una guerra etnica, non c\u2019\u00e8 spazio neanche per l\u2019amore. Ibrahim era un bambino di etnia dioula quando i suoi genitori dovettero combattere contro l\u2019odio tra fratelli che invest\u00ec la Costa d\u2019Avorio dopo il 2010. Ibrahim cresce, come tanti ragazzi ivoriani, senza percepire diversit\u00e0 etniche o antipatie di sorta. Diventa amico [&hellip;]<\/p>\n","protected":false},"author":15,"featured_media":38196,"comment_status":"open","ping_status":"open","sticky":false,"template":"","format":"standard","meta":{"_acf_changed":false,"give_campaign_id":0,"footnotes":""},"categories":[122],"tags":[140],"class_list":["post-38194","post","type-post","status-publish","format-standard","has-post-thumbnail","hentry","category-news","tag-lavoro"],"acf":[],"_links":{"self":[{"href":"https:\/\/puntocometa.dev\/es\/wp-json\/wp\/v2\/posts\/38194","targetHints":{"allow":["GET"]}}],"collection":[{"href":"https:\/\/puntocometa.dev\/es\/wp-json\/wp\/v2\/posts"}],"about":[{"href":"https:\/\/puntocometa.dev\/es\/wp-json\/wp\/v2\/types\/post"}],"author":[{"embeddable":true,"href":"https:\/\/puntocometa.dev\/es\/wp-json\/wp\/v2\/users\/15"}],"replies":[{"embeddable":true,"href":"https:\/\/puntocometa.dev\/es\/wp-json\/wp\/v2\/comments?post=38194"}],"version-history":[{"count":0,"href":"https:\/\/puntocometa.dev\/es\/wp-json\/wp\/v2\/posts\/38194\/revisions"}],"wp:featuredmedia":[{"embeddable":true,"href":"https:\/\/puntocometa.dev\/es\/wp-json\/wp\/v2\/media\/38196"}],"wp:attachment":[{"href":"https:\/\/puntocometa.dev\/es\/wp-json\/wp\/v2\/media?parent=38194"}],"wp:term":[{"taxonomy":"category","embeddable":true,"href":"https:\/\/puntocometa.dev\/es\/wp-json\/wp\/v2\/categories?post=38194"},{"taxonomy":"post_tag","embeddable":true,"href":"https:\/\/puntocometa.dev\/es\/wp-json\/wp\/v2\/tags?post=38194"}],"curies":[{"name":"wp","href":"https:\/\/api.w.org\/{rel}","templated":true}]}}