{"id":37275,"date":"2024-11-26T16:50:33","date_gmt":"2024-11-26T15:50:33","guid":{"rendered":"https:\/\/puntocometa.dev\/?p=37275"},"modified":"2024-11-26T16:50:33","modified_gmt":"2024-11-26T15:50:33","slug":"crescere-in-bellezza-evento-di-presentazione-dei-principi-del-metodo-dei-risultati-delle-storie-del-manifesto-e-della-pubblicazione-conclusiva-del-progetto-di-bellezza-si-vive-2","status":"publish","type":"post","link":"https:\/\/puntocometa.dev\/es\/crescere-in-bellezza-evento-di-presentazione-dei-principi-del-metodo-dei-risultati-delle-storie-del-manifesto-e-della-pubblicazione-conclusiva-del-progetto-di-bellezza-si-vive-2\/","title":{"rendered":"CRESCERE IN BELLEZZA: Evento di presentazione dei principi, del metodo, dei risultati, delle storie, del Manifesto e della pubblicazione conclusiva del progetto Di Bellezza Si Vive"},"content":{"rendered":"<p><b><span data-contrast=\"auto\">Il 25 novembre si \u00e8 tenuto a Roma <\/span><\/b><b><i><span data-contrast=\"auto\">Crescere in Bellezza<\/span><\/i><\/b><b><span data-contrast=\"auto\">, l\u2019evento conclusivo del progetto <\/span><\/b><b><i><span data-contrast=\"auto\">Di Bellezza Si Vive<\/span><\/i><\/b><span data-contrast=\"auto\"> che &#8211; ponendo al centro l\u2019intersoggettivit\u00e0 e la relazione &#8211; ha voluto scientificamente dimostrare come <\/span><b><span data-contrast=\"auto\">la bellezza<\/span><\/b><span data-contrast=\"auto\"> (nel campo dell\u2019arte visiva, della musica, del teatro, della danza, del paesaggio, della cura dei luoghi) <\/span><b><span data-contrast=\"auto\">rappresenti un\u2019esperienza capace di estendere il potenziale delle persone da un punto di vista emozionale, cognitivo e comportamentale, contrastando la povert\u00e0 educativa, migliorando le condizioni di vita e riducendo i costi sociali.\u00a0<\/span><\/b><span data-ccp-props=\"{&quot;335551550&quot;:6,&quot;335551620&quot;:6}\">\u00a0<\/span><\/p>\n<p data-ccp-border-bottom=\"0px none #000000\" data-ccp-padding-bottom=\"0px\" data-ccp-border-between=\"0px none #000000\" data-ccp-padding-between=\"0px\"><span data-contrast=\"auto\">In quattro anni di sperimentazione sono stati <\/span><b><span data-contrast=\"auto\">coinvolti <\/span><\/b><b><span data-contrast=\"none\">quasi 5.000 minori e le loro famiglie, pi\u00f9 di 160 insegnanti e educatori, pi\u00f9 di 20 scuole, 9 territori<\/span><\/b><span data-contrast=\"none\"> (Milano e Como, Messina e Catania, Torino e Rivoli, Poli, Frascati e Roma) e <\/span><b><span data-contrast=\"none\">oltre<\/span><\/b> <b><span data-contrast=\"none\">40 stakeholder territoriali pubblici e privati<\/span><\/b><span data-contrast=\"none\">, avvalendosi della collaborazione di moltissimi artisti locali e nazionali, scienziati, artigiani, <\/span><span data-contrast=\"auto\">oratori<\/span><span data-contrast=\"none\"> e parrocchie, imprese, enti non profit e imprese culturali e creative, generando una comunit\u00e0 educante molto estesa e trans-disciplinare.<\/span><span data-ccp-props=\"{&quot;134245417&quot;:false,&quot;201341983&quot;:0,&quot;335551550&quot;:6,&quot;335551620&quot;:6,&quot;335559737&quot;:96,&quot;335559740&quot;:240,&quot;335572071&quot;:0,&quot;335572072&quot;:0,&quot;335572073&quot;:0,&quot;335572075&quot;:0,&quot;335572076&quot;:0,&quot;335572077&quot;:0,&quot;335572079&quot;:0,&quot;335572080&quot;:0,&quot;335572081&quot;:0,&quot;335572083&quot;:0,&quot;335572084&quot;:0,&quot;335572085&quot;:0,&quot;335572087&quot;:0,&quot;335572088&quot;:0,&quot;335572089&quot;:0,&quot;469789798&quot;:&quot;nil&quot;,&quot;469789802&quot;:&quot;nil&quot;,&quot;469789806&quot;:&quot;nil&quot;,&quot;469789810&quot;:&quot;nil&quot;,&quot;469789814&quot;:&quot;nil&quot;}\">\u00a0<\/span><\/p>\n<p data-ccp-border-between=\"0px none #000000\" data-ccp-padding-between=\"0px\"><span data-contrast=\"none\">Le <\/span><b><span data-contrast=\"none\">60 sperimentazioni realizzate sono state progettate con la metodologia <\/span><\/b><b><i><span data-contrast=\"none\">Research Based Learning<\/span><\/i><\/b> <span data-contrast=\"none\">e hanno connesso molteplici <\/span><b><span data-contrast=\"none\">esperienze di bellezza con 5 ambiti: famiglia, scuola, spazi di vita, luoghi culturali, mondi digitali<\/span><\/b><span data-contrast=\"none\">, quali \u201carene emozionali-cognitive e educative\u201d in cui si generano tutte quelle criticit\u00e0 rilevanti che possono causare povert\u00e0 educativa e allo stesso tempo attivare potenzialit\u00e0 che &#8211; se sostenute e combinate attraverso l\u2019esperienza estetica e la bellezza &#8211; favoriscono processi di creativit\u00e0 ed emancipazione individuale e sociale.<\/span><span data-ccp-props=\"{&quot;134245417&quot;:false,&quot;201341983&quot;:0,&quot;335551550&quot;:6,&quot;335551620&quot;:6,&quot;335559740&quot;:240,&quot;335572071&quot;:0,&quot;335572072&quot;:0,&quot;335572073&quot;:0,&quot;335572075&quot;:0,&quot;335572076&quot;:0,&quot;335572077&quot;:0,&quot;335572079&quot;:0,&quot;335572080&quot;:0,&quot;335572081&quot;:0,&quot;335572083&quot;:0,&quot;335572084&quot;:0,&quot;335572085&quot;:0,&quot;335572087&quot;:0,&quot;335572088&quot;:0,&quot;335572089&quot;:0,&quot;469789798&quot;:&quot;nil&quot;,&quot;469789802&quot;:&quot;nil&quot;,&quot;469789806&quot;:&quot;nil&quot;,&quot;469789810&quot;:&quot;nil&quot;,&quot;469789814&quot;:&quot;nil&quot;}\">\u00a0<\/span><\/p>\n<p data-ccp-border-bottom=\"0px none #000000\" data-ccp-padding-bottom=\"0px\" data-ccp-border-between=\"0px none #000000\" data-ccp-padding-between=\"0px\"><span data-contrast=\"none\">Durante l\u2019evento <\/span><b><span data-contrast=\"none\">sono stati presentati il Manifesto del progetto e l\u2019E-book<\/span><\/b><span data-contrast=\"none\"> contenente i principi, il metodo i risultati, le storie del progetto.<br \/>\nI documenti sono scaricabili a <strong><em><a href=\"https:\/\/www.vita.it\/approfondimento\/di-bellezza-si-vive-una-strategia-un-metodo-e-un-modello-replicabile-di-contrasto-alla-poverta-educativa\/\" rel=\"nofollow noopener\" target=\"_blank\">questo link.<\/a><\/em><\/strong><\/span><\/p>\n<p data-ccp-border-bottom=\"0px none #000000\" data-ccp-padding-bottom=\"0px\" data-ccp-border-between=\"0px none #000000\" data-ccp-padding-between=\"0px\"><span data-contrast=\"none\">Il Manifesto \u00e8 un documento che pone <\/span><b><span data-contrast=\"none\">al centro dell\u2019apprendimento l\u2019importanza della relazione affettiva tra chi educa e chi \u00e8 educato <\/span><\/b><span data-contrast=\"none\">e l\u2019urgenza di creare una <\/span><b><span data-contrast=\"none\">nuova alleanza tra scienza, discipline umanistiche, artigianato, arte, transizione ecologica e tecnologica<\/span><\/b><span data-contrast=\"none\">, ponendo enfasi sulla necessit\u00e0 di ri-orientare la formazione degli adulti ancor prima di quella dei minori.\u00a0<\/span><span data-ccp-props=\"{&quot;201341983&quot;:0,&quot;335551550&quot;:6,&quot;335551620&quot;:6,&quot;335559740&quot;:240,&quot;335572071&quot;:0,&quot;335572072&quot;:0,&quot;335572073&quot;:0,&quot;335572075&quot;:0,&quot;335572076&quot;:0,&quot;335572077&quot;:0,&quot;335572079&quot;:0,&quot;335572080&quot;:0,&quot;335572081&quot;:0,&quot;335572083&quot;:0,&quot;335572084&quot;:0,&quot;335572085&quot;:0,&quot;335572087&quot;:0,&quot;335572088&quot;:0,&quot;335572089&quot;:0,&quot;469789798&quot;:&quot;nil&quot;,&quot;469789802&quot;:&quot;nil&quot;,&quot;469789806&quot;:&quot;nil&quot;,&quot;469789810&quot;:&quot;nil&quot;,&quot;469789814&quot;:&quot;nil&quot;}\">\u00a0<\/span><\/p>\n<p data-ccp-border-bottom=\"0px none #000000\" data-ccp-padding-bottom=\"0px\" data-ccp-border-between=\"0px none #000000\" data-ccp-padding-between=\"0px\"><b><span data-contrast=\"none\">L\u2019E-book traduce le indicazioni del Manifesto e ne diventa strumento operativo che permette un approccio relazionale, affettivo e cognitivo a diversi livelli di profondit\u00e0<\/span><\/b><span data-contrast=\"none\">, attraverso modalit\u00e0 di interazione che si avvalgono di contenuti video, audio e testuali.\u00a0<\/span><span data-ccp-props=\"{&quot;201341983&quot;:0,&quot;335551550&quot;:6,&quot;335551620&quot;:6,&quot;335559740&quot;:240,&quot;335572071&quot;:0,&quot;335572072&quot;:0,&quot;335572073&quot;:0,&quot;335572075&quot;:0,&quot;335572076&quot;:0,&quot;335572077&quot;:0,&quot;335572079&quot;:0,&quot;335572080&quot;:0,&quot;335572081&quot;:0,&quot;335572083&quot;:0,&quot;335572084&quot;:0,&quot;335572085&quot;:0,&quot;335572087&quot;:0,&quot;335572088&quot;:0,&quot;335572089&quot;:0,&quot;469789798&quot;:&quot;nil&quot;,&quot;469789802&quot;:&quot;nil&quot;,&quot;469789806&quot;:&quot;nil&quot;,&quot;469789810&quot;:&quot;nil&quot;,&quot;469789814&quot;:&quot;nil&quot;}\">\u00a0<\/span><\/p>\n<p data-ccp-border-between=\"0px none #000000\" data-ccp-padding-between=\"0px\"><span data-contrast=\"none\">Consultando l\u2019E-book \u00e8 possibile approfondire <\/span><b><span data-contrast=\"none\">le premesse scientifiche<\/span><\/b><span data-contrast=\"none\"> da cui si sono originate le <\/span><b><span data-contrast=\"none\">diverse sperimentazioni sui territor<\/span><\/b><span data-contrast=\"none\">i, conoscere i <\/span><b><span data-contrast=\"none\">metodi di ricerca-azione e co-design<\/span><\/b><span data-contrast=\"none\">, leggere alcune delle <\/span><b><span data-contrast=\"none\">storie pi\u00f9 significative e rappresentative<\/span><\/b><span data-contrast=\"none\"> del progetto nei diversi ambiti di sperimentazione, leggere i <\/span><b><span data-contrast=\"none\">risultati e gli impatti generati.<\/span><\/b><span data-ccp-props=\"{&quot;201341983&quot;:0,&quot;335551550&quot;:6,&quot;335551620&quot;:6,&quot;335559740&quot;:240,&quot;335572071&quot;:0,&quot;335572072&quot;:0,&quot;335572073&quot;:0,&quot;335572075&quot;:0,&quot;335572076&quot;:0,&quot;335572077&quot;:0,&quot;335572079&quot;:0,&quot;335572080&quot;:0,&quot;335572081&quot;:0,&quot;335572083&quot;:0,&quot;335572084&quot;:0,&quot;335572085&quot;:0,&quot;335572087&quot;:0,&quot;335572088&quot;:0,&quot;335572089&quot;:0,&quot;469789798&quot;:&quot;nil&quot;,&quot;469789802&quot;:&quot;nil&quot;,&quot;469789806&quot;:&quot;nil&quot;,&quot;469789810&quot;:&quot;nil&quot;,&quot;469789814&quot;:&quot;nil&quot;}\">\u00a0<\/span><\/p>\n<p data-ccp-border-bottom=\"0px none #000000\" data-ccp-padding-bottom=\"0px\" data-ccp-border-between=\"0px none #000000\" data-ccp-padding-between=\"0px\"><span data-contrast=\"none\">Durante l\u2019evento si \u00e8 inoltre tenuto <\/span><b><span data-contrast=\"none\">un Talk di approfondimento<\/span><\/b><span data-contrast=\"none\"> che ha portato al tavolo i partner protagonisti del progetto ed esperti del mondo dell\u2019educazione, della scienza, dell\u2019economia, della psicologia, della filantropia e del giornalismo per <\/span><b><span data-contrast=\"none\">attivare un dialogo e un confronto sull\u2019importanza della dimensione estetica, economica e politica dell\u2019educare.<\/span><\/b><span data-contrast=\"none\">\u00a0<\/span><span data-ccp-props=\"{&quot;201341983&quot;:0,&quot;335551550&quot;:6,&quot;335551620&quot;:6,&quot;335559740&quot;:240,&quot;335572071&quot;:0,&quot;335572072&quot;:0,&quot;335572073&quot;:0,&quot;335572075&quot;:0,&quot;335572076&quot;:0,&quot;335572077&quot;:0,&quot;335572079&quot;:0,&quot;335572080&quot;:0,&quot;335572081&quot;:0,&quot;335572083&quot;:0,&quot;335572084&quot;:0,&quot;335572085&quot;:0,&quot;335572087&quot;:0,&quot;335572088&quot;:0,&quot;335572089&quot;:0,&quot;469789798&quot;:&quot;nil&quot;,&quot;469789802&quot;:&quot;nil&quot;,&quot;469789806&quot;:&quot;nil&quot;,&quot;469789810&quot;:&quot;nil&quot;,&quot;469789814&quot;:&quot;nil&quot;}\">\u00a0<\/span><\/p>\n<p data-ccp-border-bottom=\"0px none #000000\" data-ccp-padding-bottom=\"0px\" data-ccp-border-between=\"0px none #000000\" data-ccp-padding-between=\"0px\"><b><span data-contrast=\"none\">Il futuro dell\u2019economia, del lavoro e dell\u2019umanit\u00e0\u202fdipendono\u202fanche dall\u2019educazione alla bellezza<\/span><\/b><span data-contrast=\"none\">, che \u00e8 capace di estendere e rendere accessibili in modo universale i beni materiali e culturali. Educazione e politica sono poi due tasselli dello stesso puzzle.\u00a0<\/span><span data-ccp-props=\"{&quot;201341983&quot;:0,&quot;335551550&quot;:6,&quot;335551620&quot;:6,&quot;335559740&quot;:240,&quot;335572071&quot;:0,&quot;335572072&quot;:0,&quot;335572073&quot;:0,&quot;335572075&quot;:0,&quot;335572076&quot;:0,&quot;335572077&quot;:0,&quot;335572079&quot;:0,&quot;335572080&quot;:0,&quot;335572081&quot;:0,&quot;335572083&quot;:0,&quot;335572084&quot;:0,&quot;335572085&quot;:0,&quot;335572087&quot;:0,&quot;335572088&quot;:0,&quot;335572089&quot;:0,&quot;469789798&quot;:&quot;nil&quot;,&quot;469789802&quot;:&quot;nil&quot;,&quot;469789806&quot;:&quot;nil&quot;,&quot;469789810&quot;:&quot;nil&quot;,&quot;469789814&quot;:&quot;nil&quot;}\">\u00a0<\/span><\/p>\n<p data-ccp-border-bottom=\"0px none #000000\" data-ccp-padding-bottom=\"0px\" data-ccp-border-between=\"0px none #000000\" data-ccp-padding-between=\"0px\"><span data-contrast=\"none\">Per cambiare \u00e8 necessario <\/span><b><span data-contrast=\"none\">ri-fondare il senso dell\u2019educare anche sul valore politico della bellezza, favorendo nuove forme di apprendimento esperienziale, interdisciplinare e di inclusione<\/span><\/b><span data-contrast=\"none\">. L\u2019educazione, il lavoro, la casa sono liberalit\u00e0 fondamentali di ogni essere umano e investire in un\u2019educazione di qualit\u00e0 basata sulla bellezza generatrice \u00e8 fondamentale soprattutto per assicurare l\u2019emancipazione di tutti.<\/span><span data-ccp-props=\"{&quot;201341983&quot;:0,&quot;335551550&quot;:6,&quot;335551620&quot;:6,&quot;335559740&quot;:240,&quot;335572071&quot;:0,&quot;335572072&quot;:0,&quot;335572073&quot;:0,&quot;335572075&quot;:0,&quot;335572076&quot;:0,&quot;335572077&quot;:0,&quot;335572079&quot;:0,&quot;335572080&quot;:0,&quot;335572081&quot;:0,&quot;335572083&quot;:0,&quot;335572084&quot;:0,&quot;335572085&quot;:0,&quot;335572087&quot;:0,&quot;335572088&quot;:0,&quot;335572089&quot;:0,&quot;469789798&quot;:&quot;nil&quot;,&quot;469789802&quot;:&quot;nil&quot;,&quot;469789806&quot;:&quot;nil&quot;,&quot;469789810&quot;:&quot;nil&quot;,&quot;469789814&quot;:&quot;nil&quot;}\">\u00a0<\/span><\/p>\n<hr \/>\n<p data-ccp-border-bottom=\"0px none #000000\" data-ccp-padding-bottom=\"0px\" data-ccp-border-between=\"0px none #000000\" data-ccp-padding-between=\"0px\"><em><span style=\"color: #c2862d;\"><strong><a style=\"color: #c2862d;\" href=\"https:\/\/www.vita.it\/approfondimento\/di-bellezza-si-vive-una-strategia-un-metodo-e-un-modello-replicabile-di-contrasto-alla-poverta-educativa\/\" rel=\"nofollow noopener\" target=\"_blank\"><span class=\"NormalTextRun SCXW183582731 BCX0\">SCARICA L\u2019EBOOK<\/span> <\/a><\/strong><\/span><\/em><\/p>\n<p data-ccp-border-bottom=\"0px none #000000\" data-ccp-padding-bottom=\"0px\" data-ccp-border-between=\"0px none #000000\" data-ccp-padding-between=\"0px\"><em><strong><span style=\"color: #c2862d;\"><a style=\"color: #c2862d;\" href=\"https:\/\/docs.google.com\/forms\/d\/e\/1FAIpQLSfyll-FEUyg5Czw-T2iLbmqVphQzN3rx2VOcDRq_ytFkps4vA\/viewform\" rel=\"nofollow noopener\" target=\"_blank\"><span class=\"TextRun SCXW124746675 BCX0\" lang=\"IT-IT\" xml:lang=\"IT-IT\" data-contrast=\"none\"><span class=\"NormalTextRun SCXW124746675 BCX0\">ADERISCI AL MANIFESTO <\/span><\/span><\/a><\/span><\/strong><\/em><\/p>\n","protected":false},"excerpt":{"rendered":"<p>Il 25 novembre si \u00e8 tenuto a Roma Crescere in Bellezza, l\u2019evento conclusivo del progetto Di Bellezza Si Vive che &#8211; ponendo al centro l\u2019intersoggettivit\u00e0 e la relazione &#8211; ha voluto scientificamente dimostrare come la bellezza (nel campo dell\u2019arte visiva, della musica, del teatro, della danza, del paesaggio, della cura dei luoghi) rappresenti un\u2019esperienza capace [&hellip;]<\/p>\n","protected":false},"author":15,"featured_media":37276,"comment_status":"open","ping_status":"open","sticky":false,"template":"","format":"standard","meta":{"_acf_changed":false,"give_campaign_id":0,"footnotes":""},"categories":[69],"tags":[170],"class_list":["post-37275","post","type-post","status-publish","format-standard","has-post-thumbnail","hentry","category-eventi","tag-educazione"],"acf":[],"_links":{"self":[{"href":"https:\/\/puntocometa.dev\/es\/wp-json\/wp\/v2\/posts\/37275","targetHints":{"allow":["GET"]}}],"collection":[{"href":"https:\/\/puntocometa.dev\/es\/wp-json\/wp\/v2\/posts"}],"about":[{"href":"https:\/\/puntocometa.dev\/es\/wp-json\/wp\/v2\/types\/post"}],"author":[{"embeddable":true,"href":"https:\/\/puntocometa.dev\/es\/wp-json\/wp\/v2\/users\/15"}],"replies":[{"embeddable":true,"href":"https:\/\/puntocometa.dev\/es\/wp-json\/wp\/v2\/comments?post=37275"}],"version-history":[{"count":0,"href":"https:\/\/puntocometa.dev\/es\/wp-json\/wp\/v2\/posts\/37275\/revisions"}],"wp:featuredmedia":[{"embeddable":true,"href":"https:\/\/puntocometa.dev\/es\/wp-json\/wp\/v2\/media\/37276"}],"wp:attachment":[{"href":"https:\/\/puntocometa.dev\/es\/wp-json\/wp\/v2\/media?parent=37275"}],"wp:term":[{"taxonomy":"category","embeddable":true,"href":"https:\/\/puntocometa.dev\/es\/wp-json\/wp\/v2\/categories?post=37275"},{"taxonomy":"post_tag","embeddable":true,"href":"https:\/\/puntocometa.dev\/es\/wp-json\/wp\/v2\/tags?post=37275"}],"curies":[{"name":"wp","href":"https:\/\/api.w.org\/{rel}","templated":true}]}}