{"id":36240,"date":"2024-06-14T09:51:57","date_gmt":"2024-06-14T07:51:57","guid":{"rendered":"https:\/\/puntocometa.dev\/?p=36240"},"modified":"2024-06-14T09:51:57","modified_gmt":"2024-06-14T07:51:57","slug":"incontrarti-ad-anagramma-la-lettura-ad-alta-voce-dei-bambini-disegna-la-citta-del-futuro-in-cui-ognuno-puo-trovare-il-proprio-posto","status":"publish","type":"post","link":"https:\/\/puntocometa.dev\/es\/incontrarti-ad-anagramma-la-lettura-ad-alta-voce-dei-bambini-disegna-la-citta-del-futuro-in-cui-ognuno-puo-trovare-il-proprio-posto\/","title":{"rendered":"INCONTRARTI: AD ANAGRAMMA LA LETTURA AD ALTA VOCE DEI BAMBINI DISEGNA LA CITT\u00c0 DEL FUTURO, IN CUI OGNUNO PU\u00d2 TROVARE IL PROPRIO POSTO"},"content":{"rendered":"<p>Una storia di desideri, di viaggi di citt\u00e0 in citt\u00e0, ma soprattutto di ricerca del proprio posto nel mondo. \u00c8 quella che i tanti presenti hanno potuto ascoltare seduti sul prato, di fronte al bar Anagramma di Cernobbio, nel pomeriggio di gioved\u00ec 6 giugno, quando i 22 bambini del Manto che hanno partecipato al laboratorio di lettura all\u2019interno del progetto \u201cIncontrArti\u201d, grazie al sostegno di Fondazione Cariplo, finalizzato alla promozione della cultura, con l\u2019obiettivo di renderla accessibile a tutti, hanno restituito ai compagni, agli educatori e alla comunit\u00e0 il proprio lavoro. Una lettura ad alta voce di un racconto fantastico, intitolato \u201cLa citt\u00e0 di parola e ascolto\u201d, che per\u00f2 ha la capacit\u00e0 di suscitare riflessioni sul mondo reale e su ci\u00f2 che ognuno di noi pu\u00f2 costruire per permettere agli adulti di domani di inseguire i propri desideri. Tutto, dal racconto alla scenografia, un telo con tutte le citt\u00e0, srotolato capitolo dopo capitolo, \u00e8 stato realizzato dai bambini con il supporto di Monica Ettori ed Elvio Schiocchet, che li hanno guidati all\u2019interno del laboratorio. \u201cSiamo partiti da loro, da chi sono e dove vivono \u2013 raccontano \u2013 Ci siamo incontrati e conosciuti. Da l\u00ec abbiamo letto il primo libro, guardando la citt\u00e0 con nuovi occhi: quelli dei ragazzi, che hanno le chiavi della citt\u00e0 del futuro. Abbiamo sviluppato, poi, un percorso multipratica, con letture ad alta voce e letture condivise, come <em>Le citt\u00e0 invisibili<\/em> di Calvino, <em>Lucia<\/em> di Olmos, <em>Fiori di citt\u00e0<\/em> di Lawson e Smith. Tutte le esperienze fatte ci hanno portato a scrivere un racconto condiviso, in cui tutti hanno scoperto di essere in grado di scrivere. E a conclusione del percorso, abbiamo cercato di restituirne il senso leggendolo in pubblico\u201d. A coppie, gli autori del racconto hanno letto uno dei capitoli della storia, che racconta il viaggio dell\u2019uccellino Pino verso la citt\u00e0 nuova. Ciascun brano \u00e8 stato intervallato da una piccola coreografia di danza e da filastrocca letta insieme ai presenti, in un\u2019atmosfera di grande condivisione. Ma ancor pi\u00f9 comunitario \u00e8 stato il momento finale, in cui, passandosi un gomitolo rosso che ha unito, fatto rete, bambini e adulti hanno risposto alla domanda \u201cCosa potrebbe offrire una citt\u00e0 per il futuro dei pi\u00f9 piccoli?\u201d. E mentre i bimbi del Manto hanno espresso i propri desideri, tra cui l\u2019estate tutti gli anni, un mondo senza litigi, senza persone che fanno male, senza auto che inquinano, gli adulti si sono impegnati a immaginare un mondo diverso da lasciare in eredit\u00e0. Tra loro sono intervenuti anche Francesco Malanchin e Pietro Berra, rispettivamente in rappresentanza dei partner del progetto \u201cIncontrArti\u201d \u2013 Il Teatro Sociale di Como Aslico e Sentiero dei Sogni, che proprio in occasione della lettura dei ragazzi ha inaugurato una delle 16 casette di bookcrossing installate sul territorio comasco, alla cui costruzione hanno partecipato anche gli studenti di falegnameria della scuola Oliver Twist di Cometa. Presente e protagonista attiva, tra le persone che hanno preso parola, anche Ilaria Liprino della cooperativa Il Seme, a sua volta parte del progetto. Ha poi parlato il sindaco di Cernobbio Matteo Monti, che si \u00e8 detto felice di vedere tanti ragazzi presenti e si \u00e8 posto come obiettivo quello di ritornare, ogni anno, nello stesso giardino per fare comunit\u00e0. Ma \u00e8 intervenuto anche don Giusto Della Valle, parroco di Rebbio: \u201cVoglio una citt\u00e0 in cui i bambini facciano rumore. Non abbiate paura, le citt\u00e0 sono belle cos\u00ec. E vorrei tanti spazi comunitari, in cui gli anziani possano raccontare storie e stare con loro\u201d. E sulle note di una canzone su una citt\u00e0 felice, il gomitolo rosso \u00e8 diventato simbolicamente un abbraccio e un impegno condiviso, ad esaudire i desideri dei ragazzi e a lasciare loro una citt\u00e0 in cui possano trovare il proprio posto, nell\u2019ascolto e nell\u2019accoglienza.<\/p>\n<p>Si ringrazia il Comune di Cernobbio per l\u2019accoglienza e il supporto nella realizzazione dell\u2019evento, e la comunit\u00e0 che si \u00e8 coinvolta.<\/p>\n<p><img fetchpriority=\"high\" decoding=\"async\" class=\"alignnone size-medium wp-image-36246\" src=\"https:\/\/puntocometa.dev\/wp-content\/uploads\/2024\/06\/Foto-6-300x225.jpg\" alt=\"-\" width=\"300\" height=\"225\" title=\"\"> <img decoding=\"async\" class=\"alignnone size-medium wp-image-36247\" src=\"https:\/\/puntocometa.dev\/wp-content\/uploads\/2024\/06\/foto-7-300x225.jpg\" alt=\"-\" width=\"300\" height=\"225\" title=\"\"> <img decoding=\"async\" class=\"alignnone size-medium wp-image-36244\" src=\"https:\/\/puntocometa.dev\/wp-content\/uploads\/2024\/06\/Foto-2-300x225.jpg\" alt=\"-\" width=\"300\" height=\"225\" title=\"\"> <img loading=\"lazy\" decoding=\"async\" class=\"alignnone size-medium wp-image-36245\" src=\"https:\/\/puntocometa.dev\/wp-content\/uploads\/2024\/06\/Foto-4-225x300.jpg\" alt=\"-\" width=\"225\" height=\"300\" title=\"\"> <img loading=\"lazy\" decoding=\"async\" class=\"alignnone size-medium wp-image-36248\" src=\"https:\/\/puntocometa.dev\/wp-content\/uploads\/2024\/06\/Foto-8-225x300.jpg\" alt=\"-\" width=\"225\" height=\"300\" title=\"\"><\/p>\n<p>&nbsp;<\/p>\n","protected":false},"excerpt":{"rendered":"<p>Una storia di desideri, di viaggi di citt\u00e0 in citt\u00e0, ma soprattutto di ricerca del proprio posto nel mondo. \u00c8 quella che i tanti presenti hanno potuto ascoltare seduti sul prato, di fronte al bar Anagramma di Cernobbio, nel pomeriggio di gioved\u00ec 6 giugno, quando i 22 bambini del Manto che hanno partecipato al laboratorio [&hellip;]<\/p>\n","protected":false},"author":12,"featured_media":36243,"comment_status":"open","ping_status":"open","sticky":false,"template":"","format":"standard","meta":{"_acf_changed":false,"give_campaign_id":0,"footnotes":""},"categories":[122],"tags":[66],"class_list":["post-36240","post","type-post","status-publish","format-standard","has-post-thumbnail","hentry","category-news","tag-accoglienza"],"acf":[],"_links":{"self":[{"href":"https:\/\/puntocometa.dev\/es\/wp-json\/wp\/v2\/posts\/36240","targetHints":{"allow":["GET"]}}],"collection":[{"href":"https:\/\/puntocometa.dev\/es\/wp-json\/wp\/v2\/posts"}],"about":[{"href":"https:\/\/puntocometa.dev\/es\/wp-json\/wp\/v2\/types\/post"}],"author":[{"embeddable":true,"href":"https:\/\/puntocometa.dev\/es\/wp-json\/wp\/v2\/users\/12"}],"replies":[{"embeddable":true,"href":"https:\/\/puntocometa.dev\/es\/wp-json\/wp\/v2\/comments?post=36240"}],"version-history":[{"count":0,"href":"https:\/\/puntocometa.dev\/es\/wp-json\/wp\/v2\/posts\/36240\/revisions"}],"wp:featuredmedia":[{"embeddable":true,"href":"https:\/\/puntocometa.dev\/es\/wp-json\/wp\/v2\/media\/36243"}],"wp:attachment":[{"href":"https:\/\/puntocometa.dev\/es\/wp-json\/wp\/v2\/media?parent=36240"}],"wp:term":[{"taxonomy":"category","embeddable":true,"href":"https:\/\/puntocometa.dev\/es\/wp-json\/wp\/v2\/categories?post=36240"},{"taxonomy":"post_tag","embeddable":true,"href":"https:\/\/puntocometa.dev\/es\/wp-json\/wp\/v2\/tags?post=36240"}],"curies":[{"name":"wp","href":"https:\/\/api.w.org\/{rel}","templated":true}]}}