{"id":35866,"date":"2024-05-30T11:26:14","date_gmt":"2024-05-30T09:26:14","guid":{"rendered":"https:\/\/puntocometa.dev\/?p=35866"},"modified":"2024-05-30T11:26:14","modified_gmt":"2024-05-30T09:26:14","slug":"associazione-sportiva-ripercorriamo-lanno-e-guardiamo-al-prossimo-con-gli-allenamenti-aperti","status":"publish","type":"post","link":"https:\/\/puntocometa.dev\/es\/associazione-sportiva-ripercorriamo-lanno-e-guardiamo-al-prossimo-con-gli-allenamenti-aperti\/","title":{"rendered":"ASSOCIAZIONE SPORTIVA: ripercorriamo l&#8217;anno e guardiamo al prossimo con gli allenamenti aperti"},"content":{"rendered":"<p><span data-contrast=\"auto\">L\u2019Associazione Sportiva di Cometa nasce nel 2002 con lo scopo di permettere ai bambini e ragazzi di formarsi anche attraverso l\u2019attivit\u00e0 fisica: il movimento infatti \u00e8 una potente modalit\u00e0 espressiva e lo sport, specie quello di squadra, diventa per i bambini e ragazzi coinvolti &#8211; spesso segnati da situazioni di fragilit\u00e0 sempre pi\u00f9 significative &#8211; una preziosa occasione di educazione, crescita e sviluppo della personalit\u00e0.<\/span><span data-ccp-props=\"{&quot;201341983&quot;:0,&quot;335551550&quot;:6,&quot;335551620&quot;:6,&quot;335559740&quot;:276}\"><br \/>\n<\/span><br \/>\nOltre all&#8217;aspetto educativo, non sono mancati i risultati tecnici: la stagione sportiva 2023-2024 \u00e8 stata ricca di soddisfazioni che vanno festeggiate. <strong>Il 21 giugno 2024 si svolger\u00e0 la <span style=\"color: #d1912a;\">festa di fine anno<\/span> per festeggiare insieme la promozione in C1 e la chiusura dell\u2019annata sportiva<\/strong> cos\u00ec ricca di importanti risultati. Ti aspettiamo a partire dalle ore 19.00 presso il campo sportivo di Cometa in via Madruzza 36 a Como.<\/p>\n<p>Le attivit\u00e0 sportive per\u00f2 non si fermano, in campo si <span style=\"color: #808080;\">guarda <\/span>gi\u00e0 al prossimo anno! Proprio per questo<strong> ti invitiamo ai nostri <span style=\"color: #d1912a;\">allenamenti aperti<\/span><\/strong><span style=\"color: #d1912a;\">:<\/span> d<span class=\"NormalTextRun SCXW26962112 BCX8\">a giugno a settembre vieni a provare un allenamento di calcio o futsal ed entra<\/span><span class=\"NormalTextRun SCXW26962112 BCX8\"> in squadra!<br \/>\n<\/span><\/p>\n<p><strong><a href=\"https:\/\/puntocometa.dev\/wp-content\/uploads\/2024\/05\/sportiva_allenamenti-aperti_scuola-calcio.pdf\">Scarica la locandina<\/a> per la scuola calcio<br \/>\n<a href=\"https:\/\/puntocometa.dev\/wp-content\/uploads\/2024\/05\/sportiva_allenamenti-aperti_futsal.pdf\">Scarica la locandina<\/a> per il futsal (calcio a 5)<\/strong><span data-ccp-props=\"{&quot;201341983&quot;:0,&quot;335559739&quot;:160,&quot;335559740&quot;:279}\"><br \/>\n<\/span><\/p>\n<hr \/>\n<h4><span class=\"NormalTextRun SCXW26962112 BCX8\"><strong>RIPERCORRIAMO LA STAGIONE 2023 &#8211; 2024<\/strong><\/span><\/h4>\n<p><span style=\"color: #d1912a;\"><em><strong>I RISULTATI SPORTIVI<\/strong><\/em><\/span><\/p>\n<p><strong>Prime squadre\u00a0<\/strong><\/p>\n<ul>\n<li>Promozione dalla serie C2 alla serie C1 della squadra maschile<br \/>\n<img fetchpriority=\"high\" decoding=\"async\" class=\"alignnone size-medium wp-image-35867\" src=\"https:\/\/puntocometa.dev\/wp-content\/uploads\/2024\/05\/Maschile_FOTO-1-300x200.jpg\" alt=\"-\" width=\"300\" height=\"200\" title=\"\"><\/li>\n<li>Vittoria del campionato di serie C della Regione Lombardia della squadra femminile<br \/>\n<img decoding=\"async\" class=\"alignnone size-medium wp-image-35868\" src=\"https:\/\/puntocometa.dev\/wp-content\/uploads\/2024\/05\/Femminile_FOTO-2-300x200.jpg\" alt=\"-\" width=\"300\" height=\"200\" title=\"\"><\/li>\n<li>\u00a0Vittoria della Coppa Lombardia<br \/>\n<img decoding=\"async\" class=\"alignnone size-medium wp-image-35869\" src=\"https:\/\/puntocometa.dev\/wp-content\/uploads\/2024\/05\/Femminile_FOTO-3-300x200.jpg\" alt=\"-\" width=\"300\" height=\"200\" title=\"\"><\/li>\n<\/ul>\n<p><strong>Settore\u00a0 Giovanile Scolastico ( SGS)<\/strong><\/p>\n<ul>\n<li>Under 15 &#8211; 3\u00b0 posto nel campionato<br \/>\n<img loading=\"lazy\" decoding=\"async\" class=\"alignnone size-medium wp-image-35903\" src=\"https:\/\/puntocometa.dev\/wp-content\/uploads\/2024\/05\/Under15_VilladEste_FOTO-4-s-300x225.jpg\" alt=\"-\" width=\"300\" height=\"225\" title=\"\"><\/li>\n<li>Under 17 &#8211; 5 \u00b0 posto nel campionato<br \/>\n<img loading=\"lazy\" decoding=\"async\" class=\"alignnone size-medium wp-image-35871\" src=\"https:\/\/puntocometa.dev\/wp-content\/uploads\/2024\/05\/Under17_FOTO-5-300x300.jpg\" alt=\"-\" width=\"300\" height=\"300\" title=\"\"><\/li>\n<\/ul>\n<p><strong>Settore base<br \/>\n<\/strong>Anche il settore base ha visto un incremento quantitativo e qualitativo. Le squadre\u00a0 dei <em>piccoli amici e dei primi calci<\/em> si sono consolidate e ci\u00f2 ha permesso di partecipare a diversi tornei primaverili. La squadra dei <em>pulcini <\/em>si \u00e8 misurata con le altre e squadre del territorio dimostrando una crescita sia tecnica che di personalit\u00e0. La squadra <em>esordienti <\/em>dopo un avvio faticoso si \u00e8 distinta per il miglioramento delle capacit\u00e0 tecnico-tattiche che fanno ben sperare in vista del passaggio alla\u00a0 categoria agonistica dell\u2019under 15 di futsal.<\/p>\n<p><span style=\"color: #d1912a;\"><em><strong>FORMAZIONE ALLENATOR<\/strong>I\u00a0\u00a0<\/em><\/span><\/p>\n<p>Durante l\u2019anno gli allenatori ed i dirigenti accompagnatori hanno avuto modo di partecipare a diversi momenti di formazione \u2013 guidati dalla dott.ssa Giuditta Domenichini, psicologa dello sport &#8211; che hanno permesso un serrato confronto sia sulla metodologia didattica e tecnica che sugli aspetti educativi.<\/p>\n<p><img loading=\"lazy\" decoding=\"async\" class=\"alignnone size-medium wp-image-35872\" src=\"https:\/\/puntocometa.dev\/wp-content\/uploads\/2024\/05\/Aggiornamento_FOTO-6-300x225.jpg\" alt=\"-\" width=\"300\" height=\"225\" title=\"\"><\/p>\n<p><span style=\"color: #d1912a;\"><strong>GIOCASPORT \u00a0\u00a0\u00a0\u00a0\u00a0\u00a0\u00a0\u00a0\u00a0\u00a0\u00a0\u00a0\u00a0\u00a0\u00a0\u00a0\u00a0\u00a0\u00a0\u00a0\u00a0\u00a0\u00a0\u00a0\u00a0\u00a0\u00a0\u00a0\u00a0\u00a0\u00a0\u00a0\u00a0\u00a0\u00a0\u00a0\u00a0\u00a0\u00a0\u00a0\u00a0\u00a0\u00a0\u00a0\u00a0\u00a0\u00a0\u00a0\u00a0\u00a0\u00a0\u00a0\u00a0\u00a0\u00a0\u00a0\u00a0\u00a0\u00a0\u00a0\u00a0\u00a0\u00a0\u00a0\u00a0\u00a0\u00a0\u00a0\u00a0\u00a0\u00a0\u00a0\u00a0\u00a0\u00a0\u00a0\u00a0\u00a0\u00a0\u00a0\u00a0\u00a0\u00a0\u00a0\u00a0\u00a0\u00a0<\/strong><\/span><\/p>\n<p>Per il quarto\u00a0 anno consecutivo si \u00e8 realizzato il progetto di GIOCASPORT,\u00a0 una iniziativa\u00a0 che prevede attivit\u00e0 motorie e sportive rivolte ai bambini\/e e ai ragazzi\/e del Centro Educativo Il Manto.<\/p>\n<p><img loading=\"lazy\" decoding=\"async\" class=\"alignnone size-medium wp-image-35900\" src=\"https:\/\/puntocometa.dev\/wp-content\/uploads\/2024\/05\/a-300x135.jpg\" alt=\"-\" width=\"300\" height=\"135\" title=\"\"><\/p>\n","protected":false},"excerpt":{"rendered":"<p>L\u2019Associazione Sportiva di Cometa nasce nel 2002 con lo scopo di permettere ai bambini e ragazzi di formarsi anche attraverso l\u2019attivit\u00e0 fisica: il movimento infatti \u00e8 una potente modalit\u00e0 espressiva e lo sport, specie quello di squadra, diventa per i bambini e ragazzi coinvolti &#8211; spesso segnati da situazioni di fragilit\u00e0 sempre pi\u00f9 significative &#8211; [&hellip;]<\/p>\n","protected":false},"author":15,"featured_media":35868,"comment_status":"open","ping_status":"open","sticky":false,"template":"","format":"standard","meta":{"_acf_changed":false,"give_campaign_id":0,"footnotes":""},"categories":[122],"tags":[170],"class_list":["post-35866","post","type-post","status-publish","format-standard","has-post-thumbnail","hentry","category-news","tag-educazione"],"acf":[],"_links":{"self":[{"href":"https:\/\/puntocometa.dev\/es\/wp-json\/wp\/v2\/posts\/35866","targetHints":{"allow":["GET"]}}],"collection":[{"href":"https:\/\/puntocometa.dev\/es\/wp-json\/wp\/v2\/posts"}],"about":[{"href":"https:\/\/puntocometa.dev\/es\/wp-json\/wp\/v2\/types\/post"}],"author":[{"embeddable":true,"href":"https:\/\/puntocometa.dev\/es\/wp-json\/wp\/v2\/users\/15"}],"replies":[{"embeddable":true,"href":"https:\/\/puntocometa.dev\/es\/wp-json\/wp\/v2\/comments?post=35866"}],"version-history":[{"count":0,"href":"https:\/\/puntocometa.dev\/es\/wp-json\/wp\/v2\/posts\/35866\/revisions"}],"wp:featuredmedia":[{"embeddable":true,"href":"https:\/\/puntocometa.dev\/es\/wp-json\/wp\/v2\/media\/35868"}],"wp:attachment":[{"href":"https:\/\/puntocometa.dev\/es\/wp-json\/wp\/v2\/media?parent=35866"}],"wp:term":[{"taxonomy":"category","embeddable":true,"href":"https:\/\/puntocometa.dev\/es\/wp-json\/wp\/v2\/categories?post=35866"},{"taxonomy":"post_tag","embeddable":true,"href":"https:\/\/puntocometa.dev\/es\/wp-json\/wp\/v2\/tags?post=35866"}],"curies":[{"name":"wp","href":"https:\/\/api.w.org\/{rel}","templated":true}]}}