{"id":35439,"date":"2024-03-28T10:15:49","date_gmt":"2024-03-28T09:15:49","guid":{"rendered":"https:\/\/puntocometa.dev\/?p=35439"},"modified":"2024-03-28T10:15:49","modified_gmt":"2024-03-28T09:15:49","slug":"di-bellezza-si-vive-alleanze-educative-per-una-pedagogia-del-bello","status":"publish","type":"post","link":"https:\/\/puntocometa.dev\/es\/di-bellezza-si-vive-alleanze-educative-per-una-pedagogia-del-bello\/","title":{"rendered":"DI BELLEZZA SI VIVE: ALLEANZE EDUCATIVE PER UNA \u201cPEDAGOGIA DEL BELLO\u201d"},"content":{"rendered":"<p><span data-contrast=\"auto\">\u201cLa bellezza ci \u00e8 data. Ci \u00e8 data la vita per capire la bellezza e contemplarla. Di bellezza Si Vive e si pu\u00f2 RIVIVERE.\u00bb Erasmo Figini<\/span><\/p>\n<p><span data-contrast=\"auto\">L&#8217;estetica e i valori condivisi possano essere veicoli potenti per stimolare l&#8217;apprendimento, promuovere l&#8217;inclusione sociale e sviluppare una cittadinanza attiva e consapevole; <\/span><b><span data-contrast=\"auto\">questi i principi su cui si fonda l\u2019idea della \u201cpedagogia del bello\u201d.<\/span><\/b><\/p>\n<p><span data-contrast=\"auto\">\u00c8 stato proprio questo approccio pedagogico il tema dell\u2019evento organizzato da CIAPE il 25 e il 26 marzo a Spoleto. <\/span><br \/>\n<span data-contrast=\"auto\">Durante gli incontri il responsabile<\/span><span data-contrast=\"none\"> dell\u2019Ufficio Progetti di Cometa Carlo Garbagna, <\/span><span data-contrast=\"auto\">la responsabile del Progetto Di Bellezza Si Vive Giorgia Turchetto e lo psicologo e saggista Ugo Morelli sono intervenuti in tre tavoli tematici sulla <\/span><b><span data-contrast=\"auto\">valorizzazione dell\u2019unicit\u00e0 individuale <\/span><\/b><span data-contrast=\"auto\">nel settore infanzia,<\/span><b><span data-contrast=\"auto\"> la tutela e promozione della cittadinanza attiva e dell\u2019impegno civico <\/span><\/b><span data-contrast=\"auto\">nel lavoro con gli adulti e<\/span><b><span data-contrast=\"auto\"> la promozione della sostenibilit\u00e0 ambientale e sociale <\/span><\/b><span data-contrast=\"auto\">tra i giovani.<\/span><span data-ccp-props=\"{&quot;134233117&quot;:false,&quot;134233118&quot;:false,&quot;201341983&quot;:0,&quot;335551550&quot;:6,&quot;335551620&quot;:6,&quot;335559738&quot;:0,&quot;335559739&quot;:0,&quot;335559740&quot;:257}\">\u00a0<\/span><\/p>\n<p><span data-contrast=\"none\">In questo quadro di valorizzazione del potenziale educativo della Bellezza,\u00a0 il progetto Di Bellezza Si Vive<\/span> \u00e8 un\u2019occasione di lavoro congiunto e innovativo per cambiare prospettiva e dimostrare da un punto di vista scientifico oltre che sociale come l\u2019uso delle esperienze estetiche siano in grado di generare impatti straordinariamente positivi nel sostegno alla genitorialit\u00e0, nel rafforzamento del ruolo della scuola, nel consolidamento delle competenze cognitive e non cognitive, nella ri-appropriazione e rigenerazione degli spazi da parte dei minori, nell\u2019allargamento della comunit\u00e0 educante.<\/p>\n<p><span data-contrast=\"none\">La relazione educativa e di animazione si basa, infatti, su <\/span><b><span data-contrast=\"none\">pratiche di bellezza che mettono al centro i modi in cui i minori apprendono<\/span><\/b><span data-contrast=\"none\">: movimento, giocosit\u00e0, ricerca, curiosit\u00e0, dialogo, cura e confronto, esperienze di gruppo e molteplicit\u00e0 condivisa. <\/span><b><span data-contrast=\"none\">Il metodo <\/span><\/b><b><i><span data-contrast=\"none\">Research based learning (RBL<\/span><\/i><\/b><b><span data-contrast=\"none\">) pone al centro della didattica educative e orientativa la produzione di esperienze di bellezza<\/span><\/b><span data-contrast=\"none\">, che la ricerca scientifica su cervello-mente-apprendimento riconosce come le uniche capaci di generare una risonanza particolarmente riuscita nella relazione con gli altri, con l\u2019ambiente, con gli artefatti, il paesaggio, tale da <\/span><b><span data-contrast=\"none\">estendere capacit\u00e0 e potenzialit\u00e0 individuali<\/span><\/b><span data-contrast=\"none\"> in forme e modi che senza quell\u2019esperienze non sarebbero possibili.\u00a0<\/span><span data-ccp-props=\"{&quot;134233117&quot;:false,&quot;134233118&quot;:false,&quot;201341983&quot;:0,&quot;335551550&quot;:6,&quot;335551620&quot;:6,&quot;335559738&quot;:0,&quot;335559739&quot;:0,&quot;335559740&quot;:257}\">\u00a0<\/span><\/p>\n<p><span data-contrast=\"none\">Come sottolineato da Giorgia Turchetto, anche la scuola pu\u00f2 trarre grandi benefici da questo nuovo approccio prospettico: <\/span><i><span data-contrast=\"none\">\u201c<\/span><\/i><b><i><span data-contrast=\"none\">La bellezza \u00e8 un orientamento educativo capace di rafforzare il passaggio da una scuola obsoleta e trasmissiva ad una laboratoriale ed esperienziale<\/span><\/i><\/b><i><span data-contrast=\"none\"> capace di indagare i modi e le forme dell\u2019educare, ponendo al centro, la relazione tra chi educa e chi \u00e8 educato.\u201d<\/span><\/i><span data-ccp-props=\"{&quot;134233117&quot;:false,&quot;134233118&quot;:false,&quot;201341983&quot;:0,&quot;335551550&quot;:6,&quot;335551620&quot;:6,&quot;335559738&quot;:0,&quot;335559739&quot;:0,&quot;335559740&quot;:257}\">\u00a0<\/span><\/p>\n<p><span data-contrast=\"none\">Il ruolo fondamentale della Bellezza nel contesto scolastico e educativo \u00e8 stato approfondito anche durante <a href=\"https:\/\/www.conibambini.org\/agenda\/rivoli-to-2-febbraio-corso-nuove-forme-di-partecipazione-scuola-musei-terzo-settore-per-unalleanza-educativa-sotto-il-segno-della-bellezza\/\" rel=\"nofollow noopener\" target=\"_blank\">l\u2019evento <\/a><\/span><b><i><span data-contrast=\"auto\">\u201cNuove forme di partecipazione: scuola, musei, terzo settore per un\u2019alleanza educativa sotto il segno della bellezza\u201d<\/span><\/i><\/b><span data-contrast=\"auto\">, tenutosi a febbraio presso il Castello di Rivoli.\u00a0<\/span><span data-ccp-props=\"{&quot;134233117&quot;:false,&quot;134233118&quot;:false,&quot;201341983&quot;:0,&quot;335551550&quot;:6,&quot;335551620&quot;:6,&quot;335559738&quot;:0,&quot;335559739&quot;:0,&quot;335559740&quot;:257}\">\u00a0<\/span><\/p>\n<p><span data-contrast=\"auto\">L\u2019evento \u00e8 stato occasione insieme al maestro <span style=\"color: #e3a01b;\"><strong>Michelangelo Pistoletto<\/strong><\/span>, al professore<strong> <a href=\"https:\/\/www.linkedin.com\/in\/ACoAADBnYO4Bc5Ap64gsYOhqxhbsRJUfDnmn3dE\" data-attribute-index=\"3\" data-entity-type=\"MINI_PROFILE\" rel=\"nofollow noopener\" target=\"_blank\">Ugo Morelli<\/a><\/strong>, a\u00a0<strong><a href=\"https:\/\/www.linkedin.com\/in\/ACoAACRzGS4BBkFQKhsoQTcUQh1urNhfx54_Cuo\" data-attribute-index=\"5\" data-entity-type=\"MINI_PROFILE\" rel=\"nofollow noopener\" target=\"_blank\">Paola Saluzzi<\/a><\/strong>, a tanti partner e giornalisti, per confrontarsi sul tema della bellezza e raccontare come essa sia profondamente generativa e trasformativa.\u00a0 La Bellezza pu\u00f2 infatti diventare il canale attraverso cui gli individui, per natura intersoggettivi, possono accedere a un potenziale altrimenti inaccessibile e come i diversi linguaggi dalla bellezza possano educare all\u2019uguaglianza e all&#8217;accoglienza dell&#8217;unicit\u00e0 di ciascuno, guidandolo e accompagnandolo alla scoperta del proprio talento.<\/span><span data-ccp-props=\"{&quot;134233117&quot;:false,&quot;134233118&quot;:false,&quot;201341983&quot;:0,&quot;335551550&quot;:6,&quot;335551620&quot;:6,&quot;335559685&quot;:0,&quot;335559737&quot;:0,&quot;335559738&quot;:0,&quot;335559739&quot;:160,&quot;335559740&quot;:257}\">\u00a0<\/span><\/p>\n<p>Per riascoltare quanto condiviso all&#8217;evento \u00e8 possibile guardare la diretta streaming a questo link: <a href=\"https:\/\/lnkd.in\/dj8kNkEh\" target=\"_self\" rel=\"noopener nofollow\" data-attribute-index=\"7\">https:\/\/lnkd.in\/dj8kNkEh<\/a><\/p>\n<p><span data-contrast=\"auto\">&#8212;&#8212;&#8212;&#8212;&#8212;&#8212;&#8212;&#8212;&#8212;&#8212;&#8212;&#8212;&#8212;&#8212;&#8212;<\/span><span data-ccp-props=\"{&quot;134233118&quot;:false,&quot;201341983&quot;:0,&quot;335551550&quot;:6,&quot;335551620&quot;:6,&quot;335559739&quot;:160,&quot;335559740&quot;:257}\">\u00a0<\/span><\/p>\n<p><span data-contrast=\"auto\">Il progetto \u201c<\/span><i><span data-contrast=\"auto\">DI BELLEZZA SI VIVE. Contrasto alla povert\u00e0 educativa mediante l\u2019attivazione di reti di relazioni in comunit\u00e0 educanti: famiglia, scuola, spazi pubblici di prossimit\u00e0, musei e arte pubblica, mondo digitale.\u201d, <\/span><\/i><span data-contrast=\"auto\">guidato da Il Manto SCS, mira a sviluppare un metodo educativo basato sulla ricerca che utilizzi l&#8217;esperienza della bellezza per contrastare la povert\u00e0 educativa. Nonostante le sfide della pandemia, la formazione dei formatori \u00e8 stata completata con successo, avviando la sperimentazione del metodo. Il progetto &#8211; rivolto a minori, famiglie e scuole e attivo nelle province di Como e Messina \u2013 \u00e8 innovativo nell&#8217;accento posto sulla relazione tra chi educa e chi \u00e8 educato, combinando scienza, discipline umanistiche, arte e tecnologia, con la bellezza come elemento fondante del processo educativo.<\/span><span data-ccp-props=\"{&quot;134233118&quot;:false,&quot;201341983&quot;:0,&quot;335551550&quot;:6,&quot;335551620&quot;:6,&quot;335559739&quot;:160,&quot;335559740&quot;:257}\">\u00a0<\/span><\/p>\n<p><i><span data-contrast=\"auto\">Il progetto \u00e8 finanziato da Impresa Sociale Con I Bambini e ACRI (Associazione di Fondazioni e di Casse di Risparmio Spa).<\/span><\/i><span data-ccp-props=\"{&quot;134233118&quot;:false,&quot;201341983&quot;:0,&quot;335551550&quot;:6,&quot;335551620&quot;:6,&quot;335559739&quot;:160,&quot;335559740&quot;:257}\">\u00a0<\/span><\/p>\n<p><i><span data-contrast=\"auto\">I partner di progetto sono: La Cometa SCS, Assifero &#8211; Ass. Italiana Fondazioni Ed Enti Della Filantropia Istitiuzionale, FONDAZIONE HORCYNUS ORCA, Liceo Statale \u00abEmilio Ainis\u00bb, Istituto Comprensivo Como Centro Citt\u00e0, IC Giovanni XXIII-Villaggio Aldisio, Associazione Lavoroperazione, Istituto Comprensivo Como Rebbio, Fondazione Mario Moderni, On Srl Impresa Sociale, MCG Studio Associato, Istituto Nazionale Di Fisica Nucleare, Castello Di Rivoli Museo D&#8217;arte Contemporanea, Aragorn Iniziative Srl, Associazione Lirica E Concertistica Italiana \u2013 AsLicO.<\/span><\/i><span data-ccp-props=\"{&quot;134233118&quot;:false,&quot;201341983&quot;:0,&quot;335551550&quot;:6,&quot;335551620&quot;:6,&quot;335559739&quot;:160,&quot;335559740&quot;:257}\">\u00a0<\/span><\/p>\n<p><span data-ccp-props=\"{&quot;201341983&quot;:0,&quot;335559739&quot;:160,&quot;335559740&quot;:259}\">\u00a0<\/span><\/p>\n","protected":false},"excerpt":{"rendered":"<p>\u201cLa bellezza ci \u00e8 data. Ci \u00e8 data la vita per capire la bellezza e contemplarla. Di bellezza Si Vive e si pu\u00f2 RIVIVERE.\u00bb Erasmo Figini L&#8217;estetica e i valori condivisi possano essere veicoli potenti per stimolare l&#8217;apprendimento, promuovere l&#8217;inclusione sociale e sviluppare una cittadinanza attiva e consapevole; questi i principi su cui si fonda [&hellip;]<\/p>\n","protected":false},"author":15,"featured_media":35450,"comment_status":"open","ping_status":"open","sticky":false,"template":"","format":"standard","meta":{"_acf_changed":false,"give_campaign_id":0,"footnotes":""},"categories":[122],"tags":[66,170],"class_list":["post-35439","post","type-post","status-publish","format-standard","has-post-thumbnail","hentry","category-news","tag-accoglienza","tag-educazione"],"acf":[],"_links":{"self":[{"href":"https:\/\/puntocometa.dev\/es\/wp-json\/wp\/v2\/posts\/35439","targetHints":{"allow":["GET"]}}],"collection":[{"href":"https:\/\/puntocometa.dev\/es\/wp-json\/wp\/v2\/posts"}],"about":[{"href":"https:\/\/puntocometa.dev\/es\/wp-json\/wp\/v2\/types\/post"}],"author":[{"embeddable":true,"href":"https:\/\/puntocometa.dev\/es\/wp-json\/wp\/v2\/users\/15"}],"replies":[{"embeddable":true,"href":"https:\/\/puntocometa.dev\/es\/wp-json\/wp\/v2\/comments?post=35439"}],"version-history":[{"count":0,"href":"https:\/\/puntocometa.dev\/es\/wp-json\/wp\/v2\/posts\/35439\/revisions"}],"wp:featuredmedia":[{"embeddable":true,"href":"https:\/\/puntocometa.dev\/es\/wp-json\/wp\/v2\/media\/35450"}],"wp:attachment":[{"href":"https:\/\/puntocometa.dev\/es\/wp-json\/wp\/v2\/media?parent=35439"}],"wp:term":[{"taxonomy":"category","embeddable":true,"href":"https:\/\/puntocometa.dev\/es\/wp-json\/wp\/v2\/categories?post=35439"},{"taxonomy":"post_tag","embeddable":true,"href":"https:\/\/puntocometa.dev\/es\/wp-json\/wp\/v2\/tags?post=35439"}],"curies":[{"name":"wp","href":"https:\/\/api.w.org\/{rel}","templated":true}]}}