{"id":34231,"date":"2023-05-30T12:06:18","date_gmt":"2023-05-30T10:06:18","guid":{"rendered":"https:\/\/puntocometa.dev\/?p=34231"},"modified":"2023-05-30T12:06:18","modified_gmt":"2023-05-30T10:06:18","slug":"ripensare-e-costruire-insieme-il-superiore-interesse-del-minore-convegno","status":"publish","type":"post","link":"https:\/\/puntocometa.dev\/es\/ripensare-e-costruire-insieme-il-superiore-interesse-del-minore-convegno\/","title":{"rendered":"\u201cRIPENSARE E COSTRUIRE INSIEME IL SUPERIORE INTERESSE DEL MINORE\u201d &#8211; CONVEGNO"},"content":{"rendered":"<p>Ripensare il futuro partendo dal presente, per rimettere al centro il superiore interesse del minore. Era questo l\u2019obiettivo di fondo del convegno organizzato da Associazione Cometa nel pomeriggio di marted\u00ec 23 maggio all\u2019Universit\u00e0 degli Studi dell\u2019Insubria.<\/p>\n<p>Un tavolo di discussione, un punto di partenza per iniziare a condividere riflessioni e competenze con lo scopo di tornare a porre l\u2019attenzione sui diritti dei minori e, in un mondo che, invece, tende, anche giuridicamente, a privilegiare sempre pi\u00f9 quelli dei genitori. A fare i saluti introduttivi \u00e8 stata la responsabile di <strong>Associazione Cometa, la dottoressa Mariagrazia Figini<\/strong> che, dopo i ringraziamenti iniziali, ha introdotto il tema della giornata: \u201c<strong>Vogliamo porre con forza il tema del superiore interesse del minore in un contesto culturale e politico sempre pi\u00f9 confuso, disorientato e, a volte, ostile. Abbiamo chiamato a discuterne con noi autorevoli esponenti del settore, ai quali chiediamo di aiutarci in una riflessione nel tentativo di difendere e tutelare la vita dei bambini\u201d<\/strong>.<\/p>\n<p>Moderati dal presidente di Cometa Alessandro Mele, sono poi iniziati gli interventi delle ospiti, aperti dalla psicosociologa di <strong>Studio Aps Milano Franca Manoukian<\/strong>, che ha provato a tracciare una linea su come, oggi, possiamo stare vicini al minore nel proprio percorso di crescita. <strong>Non un condurre, mostrando una via prestabilita, ma un affiancare ed accompagnare, ricercando ogni volta le risposte ai bisogni, in un mondo che non ha pi\u00f9 una ricetta univoca.<\/strong><\/p>\n<p>\u201cI valori vanno sempre riconosciuti, resi visibili e condivisibili \u2013 ha affermato \u2013 Oggi, per\u00f2, vanno continuamente ritrovati e reinventati. Il superiore interesse del minore non \u00e8 farlo uniformare, ma dargli la possibilit\u00e0 di prendere parola. In questo senso, \u00e8 importante che a crescere il bambino sia un villaggio: diverse realt\u00e0 che siano in grado di comunicare tra loro e di ascoltarlo, per aiutarlo nello sviluppo\u201d.<\/p>\n<p>Il convegno si \u00e8 concentrato, poi, sulla parte pi\u00f9 giuridica, con l\u2019intervento di <strong>Muriel Vicquery, ex giurista della Corte Europea dei Diritti dell\u2019Uomo<\/strong>, che attraverso casi esemplificativi ha esposto <strong>il punto di vista della CEDU sulla questione,<\/strong> e con quello della Presidente del Tribunale <strong>per i minorenni di Milano Maria Carla Gatto,<\/strong> che ha effettuato <strong>un\u2019analisi su pregi e difetti della riforma giudiziaria, individuando nell\u2019unione delle competenze, gi\u00e0 citata da Manoukian, una possibile via da percorrere per tutelare i bambini. <\/strong><\/p>\n<p>\u201cLe lacune sono tante \u2013 ha illustrato quest\u2019ultima \u2013 Una su tutte la mancanza di un processo telematico, che implica che i curatori speciali dei minori debbano recarsi di persona in tribunale per accedere agli atti. Questo, insieme all\u2019emarginazione dell\u2019attivit\u00e0 dei giudici ordinari, va a minare la tutela del superiore interesse del minore. In questa complessa situazione di incertezza, non ci resta che coalizzarci.<\/p>\n<p><strong>L\u2019incontro tra le discipline, tra la competenza clinica, il sapere socioeducativo e l\u2019ambito giudiziario minorile pu\u00f2 aiutare a mettere ordine e a lavorare per l\u2019interesse dei bambini\u201d<\/strong>. Infine, ha preso parola <strong>Tiziana Giusberti, psicologa responsabile del Centro Metropolitano Adozione, Affido, Accoglienza dell\u2019Azienda Usl di Bologna<\/strong>.<\/p>\n<p>Un esempio tangibile, basato sull\u2019accoglienza, sul sostegno alle famiglie, sulla formazione, ma prima di tutto sull\u2019interesse del minore. \u201cIl bambino non ha un tempo infinito \u2013 ha concluso \u2013 \u00c8 importante avere un gruppo in grado di fornire un ascolto a 360 gradi, per aiutare entrambe le parti e prendere la decisione migliore nel minor tempo possibile, tenendo presente che l\u2019affido non sostituisce la famiglia, ma d\u00e0 una famiglia in pi\u00f9\u201d.<\/p>\n<p><a href=\"https:\/\/youtu.be\/OviLcmUU59E\" rel=\"nofollow noopener\" target=\"_blank\">Guarda l&#8217;intero convegno a questo link<\/a>.<\/p>\n<p><img fetchpriority=\"high\" decoding=\"async\" class=\"alignnone size-medium wp-image-34243\" src=\"https:\/\/puntocometa.dev\/wp-content\/uploads\/2023\/05\/Associazione-Cometa-dottoressa-Mariagrazia-Figini-300x200.jpg\" alt=\"-\" width=\"300\" height=\"200\" title=\"\"> <img decoding=\"async\" class=\"alignnone size-medium wp-image-34242\" src=\"https:\/\/puntocometa.dev\/wp-content\/uploads\/2023\/05\/Convegno-300x200.jpg\" alt=\"-\" width=\"300\" height=\"200\" title=\"\"> <img decoding=\"async\" class=\"alignnone size-medium wp-image-34241\" src=\"https:\/\/puntocometa.dev\/wp-content\/uploads\/2023\/05\/Relatori-300x200.jpg\" alt=\"-\" width=\"300\" height=\"200\" title=\"\"> <img loading=\"lazy\" decoding=\"async\" class=\"alignnone size-medium wp-image-34240\" src=\"https:\/\/puntocometa.dev\/wp-content\/uploads\/2023\/05\/Nicoletta-ROPERTO-VICE-SINDACO-COMO-300x200.jpg\" alt=\"-\" width=\"300\" height=\"200\" title=\"\"> <img loading=\"lazy\" decoding=\"async\" class=\"alignnone size-medium wp-image-34239\" src=\"https:\/\/puntocometa.dev\/wp-content\/uploads\/2023\/05\/Alessandro-Mele-Presidente-Cometa-300x200.jpg\" alt=\"-\" width=\"300\" height=\"200\" title=\"\"> <img loading=\"lazy\" decoding=\"async\" class=\"alignnone size-medium wp-image-34238\" src=\"https:\/\/puntocometa.dev\/wp-content\/uploads\/2023\/05\/Psicosociologa-di-Studio-Aps-Milano-Franca-Manoukian-300x200.jpg\" alt=\"-\" width=\"300\" height=\"200\" title=\"\"> <img loading=\"lazy\" decoding=\"async\" class=\"alignnone size-medium wp-image-34237\" src=\"https:\/\/puntocometa.dev\/wp-content\/uploads\/2023\/05\/Momneti-Convegno-300x200.jpg\" alt=\"-\" width=\"300\" height=\"200\" title=\"\"> <img loading=\"lazy\" decoding=\"async\" class=\"alignnone size-medium wp-image-34236\" src=\"https:\/\/puntocometa.dev\/wp-content\/uploads\/2023\/05\/Muriel-Vicquery-ex-giurista-della-Corte-Europea-dei-Diritti-dell-Uomo-300x200.jpg\" alt=\"-\" width=\"300\" height=\"200\" title=\"\"> <img loading=\"lazy\" decoding=\"async\" class=\"alignnone size-medium wp-image-34235\" src=\"https:\/\/puntocometa.dev\/wp-content\/uploads\/2023\/05\/Tavoli-Relatori-300x200.jpg\" alt=\"-\" width=\"300\" height=\"200\" title=\"\"> <img loading=\"lazy\" decoding=\"async\" class=\"alignnone size-medium wp-image-34234\" src=\"https:\/\/puntocometa.dev\/wp-content\/uploads\/2023\/05\/Convegno-2-300x200.jpg\" alt=\"-\" width=\"300\" height=\"200\" title=\"\"><img loading=\"lazy\" decoding=\"async\" class=\"alignnone size-medium wp-image-34233\" src=\"https:\/\/puntocometa.dev\/wp-content\/uploads\/2023\/05\/Presidente-del-Tribunale-per-i-minorenni-di-Milano-Maria-Carla-Gatto-300x200.jpg\" alt=\"-\" width=\"300\" height=\"200\" title=\"\"> <img loading=\"lazy\" decoding=\"async\" class=\"alignnone size-medium wp-image-34232\" src=\"https:\/\/puntocometa.dev\/wp-content\/uploads\/2023\/05\/Tiziana-Giusberti-psicologa-responsabile-del-Centro-Metropolitano-Adozione-Affido-Accoglienza-dell-Azienda-Usl-di-Bologna-300x200.jpg\" alt=\"-\" width=\"300\" height=\"200\" title=\"\"><\/p>\n","protected":false},"excerpt":{"rendered":"<p>Ripensare il futuro partendo dal presente, per rimettere al centro il superiore interesse del minore. Era questo l\u2019obiettivo di fondo del convegno organizzato da Associazione Cometa nel pomeriggio di marted\u00ec 23 maggio all\u2019Universit\u00e0 degli Studi dell\u2019Insubria. Un tavolo di discussione, un punto di partenza per iniziare a condividere riflessioni e competenze con lo scopo di [&hellip;]<\/p>\n","protected":false},"author":12,"featured_media":34241,"comment_status":"open","ping_status":"open","sticky":false,"template":"","format":"standard","meta":{"_acf_changed":false,"give_campaign_id":0,"footnotes":""},"categories":[69],"tags":[400],"class_list":["post-34231","post","type-post","status-publish","format-standard","has-post-thumbnail","hentry","category-eventi","tag-acccoglienza"],"acf":[],"_links":{"self":[{"href":"https:\/\/puntocometa.dev\/es\/wp-json\/wp\/v2\/posts\/34231","targetHints":{"allow":["GET"]}}],"collection":[{"href":"https:\/\/puntocometa.dev\/es\/wp-json\/wp\/v2\/posts"}],"about":[{"href":"https:\/\/puntocometa.dev\/es\/wp-json\/wp\/v2\/types\/post"}],"author":[{"embeddable":true,"href":"https:\/\/puntocometa.dev\/es\/wp-json\/wp\/v2\/users\/12"}],"replies":[{"embeddable":true,"href":"https:\/\/puntocometa.dev\/es\/wp-json\/wp\/v2\/comments?post=34231"}],"version-history":[{"count":0,"href":"https:\/\/puntocometa.dev\/es\/wp-json\/wp\/v2\/posts\/34231\/revisions"}],"wp:featuredmedia":[{"embeddable":true,"href":"https:\/\/puntocometa.dev\/es\/wp-json\/wp\/v2\/media\/34241"}],"wp:attachment":[{"href":"https:\/\/puntocometa.dev\/es\/wp-json\/wp\/v2\/media?parent=34231"}],"wp:term":[{"taxonomy":"category","embeddable":true,"href":"https:\/\/puntocometa.dev\/es\/wp-json\/wp\/v2\/categories?post=34231"},{"taxonomy":"post_tag","embeddable":true,"href":"https:\/\/puntocometa.dev\/es\/wp-json\/wp\/v2\/tags?post=34231"}],"curies":[{"name":"wp","href":"https:\/\/api.w.org\/{rel}","templated":true}]}}