{"id":33932,"date":"2023-04-17T12:08:14","date_gmt":"2023-04-17T10:08:14","guid":{"rendered":"https:\/\/puntocometa.dev\/?p=33932"},"modified":"2023-04-17T12:08:14","modified_gmt":"2023-04-17T10:08:14","slug":"33932","status":"publish","type":"post","link":"https:\/\/puntocometa.dev\/es\/33932\/","title":{"rendered":"L\u2019enigma dell\u2019essere padre e dell\u2019essere figlio"},"content":{"rendered":"<p><span data-contrast=\"auto\">Teatro Sociale di Como<\/span><span data-ccp-props=\"{&quot;134233117&quot;:false,&quot;134233118&quot;:false,&quot;201341983&quot;:0,&quot;335559738&quot;:0,&quot;335559739&quot;:0,&quot;335559740&quot;:240}\">\u00a0<br \/><\/span><span data-contrast=\"auto\">Gioved\u00ec 27 aprile, dalle ore 20:30\u00a0<\/span><span data-ccp-props=\"{&quot;201341983&quot;:0,&quot;335559739&quot;:0,&quot;335559740&quot;:240}\">\u00a0<\/span><\/p>\n<p><span data-contrast=\"auto\">\u00a0\u201c<\/span><b><i><span data-contrast=\"auto\">L\u2019enigma dell\u2019essere padre e dell\u2019essere figlio\u201d<\/span><\/i><\/b><span data-contrast=\"auto\"> una conferenza-spettacolo sul tema della paternit\u00e0 organizzato in collaborazione con AsliCo e grazie al contributo del \u00abFondo per il contrasto della Povert\u00e0 Educativa Minorile\u00bb di Con i Bambini &#8211; Progetto Di Bellezza si Vive.<\/span><span data-ccp-props=\"{&quot;134233117&quot;:false,&quot;134233118&quot;:false,&quot;201341983&quot;:2,&quot;335559738&quot;:0,&quot;335559739&quot;:0,&quot;335559740&quot;:252}\">\u00a0<\/span><\/p>\n<p><span data-contrast=\"auto\">L\u2019evento si terr\u00e0 <\/span><span data-contrast=\"auto\">gioved\u00ec 27 aprile alle ore 20.30<\/span><b><span data-contrast=\"auto\">\u00a0<\/span><\/b><span data-contrast=\"auto\">e vedr\u00e0 protagonista Silvano Petrosino, professore di Filosofia Teoretica presso l&#8217;Universit\u00e0 Cattolica di Milano. Il Professor Petrosino, utilizzando come cornice la fiaba di Pinocchio, ci guider\u00e0 alla <\/span><b><span data-contrast=\"auto\">scoperta del rapporto padre e figlio, famiglia e unicit\u00e0, sottolineando come le fiabe non siano finzione, ma uno strumento per leggere l\u2019esperienza con tutte le sue contraddizioni.<\/span><\/b><span data-ccp-props=\"{&quot;134233117&quot;:true,&quot;134233118&quot;:true,&quot;201341983&quot;:2,&quot;335559740&quot;:252}\">\u00a0<\/span><\/p>\n<p><b><span data-contrast=\"auto\">Ad affiancare il professore gli interventi musicali de Il Coro di Oliver di Cometa e l\u2019Orchestra Classi Terze \u201cG. Parini\u201d, espressione dei giovani musicisti comaschi.<\/span><\/b><span data-ccp-props=\"{&quot;201341983&quot;:0,&quot;335559739&quot;:0,&quot;335559740&quot;:240}\">\u00a0<\/span><\/p>\n<p><span data-contrast=\"auto\">L\u2019evento \u00e8 un\u2019occasione per approfondire in modo nuovo e diverso un tema di grande attualit\u00e0.<\/span><span data-ccp-props=\"{&quot;201341983&quot;:0,&quot;335559739&quot;:0,&quot;335559740&quot;:240}\">\u00a0<\/span><\/p>\n<p><span data-contrast=\"auto\">E\u2019 possibile partecipare gratuitamente all\u2019evento previa registrazione tramite questo <\/span><a href=\"https:\/\/biglietteria.aslico.org\/application.aspx?id=763\" rel=\"nofollow noopener\" target=\"_blank\"><span data-contrast=\"auto\">link<\/span><\/a><span data-contrast=\"auto\">.<\/span><span data-ccp-props=\"{&quot;134233117&quot;:false,&quot;134233118&quot;:false,&quot;201341983&quot;:2,&quot;335559738&quot;:0,&quot;335559739&quot;:0,&quot;335559740&quot;:252}\">\u00a0<\/span><\/p>\n<p><a href=\"https:\/\/puntocometa.dev\/wp-content\/uploads\/2023\/04\/locandina_def_web.pdf\" class=\"button\">Guarda la locandina<\/a><\/p>\n","protected":false},"excerpt":{"rendered":"<p>Teatro Sociale di Como\u00a0Gioved\u00ec 27 aprile, dalle ore 20:30\u00a0\u00a0 \u00a0\u201cL\u2019enigma dell\u2019essere padre e dell\u2019essere figlio\u201d una conferenza-spettacolo sul tema della paternit\u00e0 organizzato in collaborazione con AsliCo e grazie al contributo del \u00abFondo per il contrasto della Povert\u00e0 Educativa Minorile\u00bb di Con i Bambini &#8211; Progetto Di Bellezza si Vive.\u00a0 L\u2019evento si terr\u00e0 gioved\u00ec 27 aprile [&hellip;]<\/p>\n","protected":false},"author":13,"featured_media":33940,"comment_status":"open","ping_status":"open","sticky":false,"template":"","format":"standard","meta":{"_acf_changed":false,"give_campaign_id":0,"footnotes":""},"categories":[69],"tags":[170],"class_list":["post-33932","post","type-post","status-publish","format-standard","has-post-thumbnail","hentry","category-eventi","tag-educazione"],"acf":[],"_links":{"self":[{"href":"https:\/\/puntocometa.dev\/es\/wp-json\/wp\/v2\/posts\/33932","targetHints":{"allow":["GET"]}}],"collection":[{"href":"https:\/\/puntocometa.dev\/es\/wp-json\/wp\/v2\/posts"}],"about":[{"href":"https:\/\/puntocometa.dev\/es\/wp-json\/wp\/v2\/types\/post"}],"author":[{"embeddable":true,"href":"https:\/\/puntocometa.dev\/es\/wp-json\/wp\/v2\/users\/13"}],"replies":[{"embeddable":true,"href":"https:\/\/puntocometa.dev\/es\/wp-json\/wp\/v2\/comments?post=33932"}],"version-history":[{"count":0,"href":"https:\/\/puntocometa.dev\/es\/wp-json\/wp\/v2\/posts\/33932\/revisions"}],"wp:featuredmedia":[{"embeddable":true,"href":"https:\/\/puntocometa.dev\/es\/wp-json\/wp\/v2\/media\/33940"}],"wp:attachment":[{"href":"https:\/\/puntocometa.dev\/es\/wp-json\/wp\/v2\/media?parent=33932"}],"wp:term":[{"taxonomy":"category","embeddable":true,"href":"https:\/\/puntocometa.dev\/es\/wp-json\/wp\/v2\/categories?post=33932"},{"taxonomy":"post_tag","embeddable":true,"href":"https:\/\/puntocometa.dev\/es\/wp-json\/wp\/v2\/tags?post=33932"}],"curies":[{"name":"wp","href":"https:\/\/api.w.org\/{rel}","templated":true}]}}