{"id":30015,"date":"2021-10-28T13:05:53","date_gmt":"2021-10-28T11:05:53","guid":{"rendered":"https:\/\/puntocometa.dev\/?p=30015"},"modified":"2021-10-28T13:05:53","modified_gmt":"2021-10-28T11:05:53","slug":"nasce-a-como-la-rete-como-citta-fratelli-tutti-a-cui-aderisce-anche-cometa","status":"publish","type":"post","link":"https:\/\/puntocometa.dev\/es\/nasce-a-como-la-rete-como-citta-fratelli-tutti-a-cui-aderisce-anche-cometa\/","title":{"rendered":"NASCE A COMO LA RETE \u201cCOMO CITTA\u2019 FRATELLI TUTTI\u201d, A CUI ADERISCE ANCHE COMETA!"},"content":{"rendered":"<p>A Como trova realizzazione concreta, per la prima volta in ltalia, l\u2019iniziativa <b>Citt\u00e0 Fratelli Tutti<\/b>, con un <b>progetto pilota che la ottenuto il patrocinio <\/b>del <b>Comune <\/b>e a cui hanno gi\u00e0 aderito pi\u00f9 di 60 realt\u00e0 del territorio. L\u2019intento \u00e8 quello di creare nuovi legami, siner- gie e progettualit\u00e0, per rafforzare il senso di comunit\u00e0 e costruire insieme un nuovo modello di convivenza sociale.<\/p>\n<p>Citt\u00e0 Fratelli Tutti \u00e8 un\u2019iniziativa civica, a cui Cometa ha aderito, nata per dare <b>risposte concrete\u00a0 ai bisogni\u00a0 <\/b>delle <b>persone, con un\u2019attenzione\u00a0 particolare per chi vive in\u00a0 condizioni di solitudine,\u00a0 povert\u00e0\u00a0 <\/b>o marginalit\u00e0, nella convinzione che ogni comunit\u00e0 abbia gi\u00e0 al proprio interno le risorse necessarie a prendersi cura di se stessa. Scopo dell\u2019iniziativa, infatti, non \u00e8 creare una nuova entit\u00e0, quanto <b>attivare le risorse <\/b>gi\u00e0 <b>esistenti <\/b>&#8211; competenze, tempo, valore d\u2019uso dei beni, risorse economiche &#8211; e gli asset dormienti &#8211; beni pubblici e comuni &#8211; affinch\u00e9 nulla vada sprecato o rimanga inutilizzato.<\/p>\n<p>La citt\u00e0 di Como, diventa Teatro di un progetto pilota, attraverso la piattaforma digitale SHAPS, che mette nella mani di tutti i cittadini la possibilit\u00e0 di contribuire attivamente alla realizzazione di una comunit\u00e0 pi\u00f9 partecipata, bella ed inclusiva, in cui nessuno sia pi\u00f9 lasciato\u00a0 solo e ciascuno si prenda cura di chi gli sta accanto.<img decoding=\"async\" src=\"https:\/\/puntocometa.dev\/wp-content\/uploads\/2021\/10\/Senza-titolo-1.jpg\" style=\"max-width:100%;height:auto;\" alt=\"-\" title=\"\"><\/p>\n<p><b>L\u2019EVENTO DI LANCIO A COMO: SABATO 30 OTTOBRE<\/b><\/p>\n<p>Arte, musica, dialoghi, dibattiti, la biblioteca vivente, un palco su cui si alterneranno voci diverse: un grande evento diffuso in tutto il centro storico, organizzato per sabato 30 ottobre e articola- to in momenti diversi, con cui entrare in contatto diretto con un pubblico ampio e trasversale.<\/p>\n<p>Dalle 14.00 invece, in contemporanea in diversi luoghi, alcune tra le realta aderenti a Como Fratelli Tutti danno la propria personale visione del concetto di fratellanza promosso dal movimento, pur rimanendo ciascuna fedele al proprio specifico. Anche Cometa parteciper\u00e0.<\/p>\n<p><img decoding=\"async\" src=\"https:\/\/puntocometa.dev\/wp-content\/uploads\/2021\/10\/Senza-titolo-2.jpg\" style=\"max-width:100%;height:auto;\" alt=\"-\" title=\"\"><\/p>\n<p><b>DOVE TROVARCI? <\/b><\/p>\n<p><strong>\ud83d\udccd<\/strong><strong> In Piazza Verdi davanti al Teatro Sociale alle ore 15.30 <span>per un racconto animato dell\u2019 ISOLA DEL TESORO, dove chiunque dal pi\u00f9 piccolo al pi\u00f9 grande pu\u00f2 essere protagonista, organizzato dal centro diurno di Cometa.<\/span><\/strong><\/p>\n<p><strong>\ud83d\udccd<\/strong><strong> Sul palco in Piazza Grimoldi alle ore 17.30 interverr\u00e0 Erasmo Figini, insieme ai referenti delle altre associazioni aderenti. <\/strong><\/p>\n<p>&nbsp;<\/p>\n<p><b>LA PIATTAFORMA DIGITALE SHAPS<\/b><\/p>\n<p>Attraverso la piattaforma Shaps, ai cui servizi si accede <strong>previa registrazione, <\/strong>\u00e8 possibile sollecitare azioni concrete di prossimit\u00e0, che sono raggruppate in ambiti di intervento: Prime necessit\u00e0; <strong>Ospitalit\u00e0; Supporto alla famiglia; Lavoro e sviluppo <\/strong>di <strong>competenze; Attivit\u00e0 ricreative; <\/strong>Consulenza e servizi.<\/p>\n<p>In questo modo viene permesso a tutti di avvicinarsi al mondo della grave marginalit\u00e0 e supera- <strong>re attraverso <\/strong>l\u2019esperienza <strong>concreta gli stereotipi <\/strong>ad essa legati. Nascono cos\u00ec quei legami, quelle relazioni preziose che sono la condizione sine qua non per la ricostruzione della dignit\u00e0 di chi soffre <strong>e per l\u2019avvio di un percorso <\/strong>di reinserimento nella societ\u00e0.<\/p>\n<p>E importante sottolineare che, almeno per un periodo di tempo iniziale, l\u2019espressione dei bisogni particolari verr\u00e0 mediata dalle realt\u00e0 del <strong>territorio <\/strong>che operano nel campo del <strong>volontariato <\/strong>e del terzo settore.<\/p>\n<p>Questo <strong>garantisce la sicurezza di chi aderisce al\u2019iniziativa e ribadisce il ruolo prezioso svolto dai<\/strong> servizi gi\u00e0 esistenti nel dare risposta alle necessit\u00e0 fondamentali di chi vive ai margini.<\/p>\n<p>Como Citt\u00e0 Fratelli Tutti, infatti, non vuole in nessun modo sostituirsi alle realt\u00e0 gi\u00e0 esistenti, quanto piuttosto, attraverso la piattaforma SHAPS, inserire le iniziative e i progetti attivi in un sistema pi\u00f9 ampio, svolgendo la funzione di collettore per sollecitare una maggiore partecipazione a livello locale.<\/p>\n<p>&nbsp;<\/p>\n<p><b>Le realt\u00e0 aderenti del territorio insieme a Cometa<\/b><\/p>\n<p>ACLI Como Agesci Como 1 Agesci Como 3 Albate FH calcio ANTEAS Associazione Nazionale tutte le et\u00e0 Attive per la Solidariet\u00e0 ARCI Como &#8211; Comitato Provinciale Asci Don Guanella Associazione Asylum Ass. Cometa Ass. Como Accoglie Ass. Compagnia delle Opere Ass. Cuochi Como Ass. Eskenosen Ass. I Frutti delle vigne Ass. Incroci Ass. L\u2019isola che c\u2019\u00e8 Ass. La Mongolfiera Ass. Lachesi Ass. Luminanda Ass. Partucc Ass. Piccola Casa Federico Ozanam Ass. Radici e Ali Ass. Re\u00a3ugees Welcome Ass. Vicini alla persona Ass. We Root AUSER Volontariato Como Banco di Solidariet\u00e0 di Como Caritas Diocesana di Como CGIL Camera del Lavoro Como CISL dei Laghi Club Free Time ASD Confartigianato Imprese Como Confcommercio Como Confedilizia &#8211; Associazione della Propriet\u00e0 edilizia Conf\u00cc ndustria Como Confocooperative Insubria Contrada degli artigiani Coop. Arca di Como Coop. EcoPicine Coop. Lotta contro l\u2019emarginazione Coop.Miledu Coop. Simploke CSLS Cooperativa Sociale Lavoro e Solidariet\u00e0 CSV lnsubria Editrice Il Settimanale E DAIP Feelo Fondazione Alessandro Volta Fondazione Somaschi Fuorifuoco Gruppo leg\u00e0mi Gruppo Our Choice IAL Lombardia LUMI LHUB impresa sociale MASCI Como Osservatorio Giuridico per i Diritti dei Migranti Parrocchia San Martino di Rebbio Scuola Oliver Twist &#8211; Cometa Formazione Societ\u00e0 Palchettisti del Teatro Sociale di Como Sogeo Srl Impresa Sociale, Orticolario UIL Camera Sindacale Territoriale del Lario We For The Planet Network<\/p>\n<p>Scopri di pi\u00f9 su <a href=\"https:\/\/www.cittafrateIIitutti.it\" rel=\"nofollow noopener\" target=\"_blank\">cittafrateIIitutti.it<\/a><\/p>\n<p><a href=\"https:\/\/puntocometa.dev\/wp-content\/uploads\/2021\/10\/CS-Como-Citta-Fratelli-Tutti.pdf\" class=\"button\">SCARICA IL COMUNICATO STAMPA<\/a><\/p>\n","protected":false},"excerpt":{"rendered":"<p>A Como trova realizzazione concreta, per la prima volta in ltalia, l\u2019iniziativa Citt\u00e0 Fratelli Tutti, con un progetto pilota che la ottenuto il patrocinio del Comune e a cui hanno gi\u00e0 aderito pi\u00f9 di 60 realt\u00e0 del territorio. L\u2019intento \u00e8 quello di creare nuovi legami, siner- gie e progettualit\u00e0, per rafforzare il senso di comunit\u00e0 [&hellip;]<\/p>\n","protected":false},"author":7,"featured_media":30016,"comment_status":"closed","ping_status":"open","sticky":false,"template":"","format":"standard","meta":{"_acf_changed":false,"give_campaign_id":0,"footnotes":""},"categories":[122],"tags":[],"class_list":["post-30015","post","type-post","status-publish","format-standard","has-post-thumbnail","hentry","category-news"],"acf":[],"_links":{"self":[{"href":"https:\/\/puntocometa.dev\/es\/wp-json\/wp\/v2\/posts\/30015","targetHints":{"allow":["GET"]}}],"collection":[{"href":"https:\/\/puntocometa.dev\/es\/wp-json\/wp\/v2\/posts"}],"about":[{"href":"https:\/\/puntocometa.dev\/es\/wp-json\/wp\/v2\/types\/post"}],"author":[{"embeddable":true,"href":"https:\/\/puntocometa.dev\/es\/wp-json\/wp\/v2\/users\/7"}],"replies":[{"embeddable":true,"href":"https:\/\/puntocometa.dev\/es\/wp-json\/wp\/v2\/comments?post=30015"}],"version-history":[{"count":0,"href":"https:\/\/puntocometa.dev\/es\/wp-json\/wp\/v2\/posts\/30015\/revisions"}],"wp:featuredmedia":[{"embeddable":true,"href":"https:\/\/puntocometa.dev\/es\/wp-json\/wp\/v2\/media\/30016"}],"wp:attachment":[{"href":"https:\/\/puntocometa.dev\/es\/wp-json\/wp\/v2\/media?parent=30015"}],"wp:term":[{"taxonomy":"category","embeddable":true,"href":"https:\/\/puntocometa.dev\/es\/wp-json\/wp\/v2\/categories?post=30015"},{"taxonomy":"post_tag","embeddable":true,"href":"https:\/\/puntocometa.dev\/es\/wp-json\/wp\/v2\/tags?post=30015"}],"curies":[{"name":"wp","href":"https:\/\/api.w.org\/{rel}","templated":true}]}}