{"id":29410,"date":"2021-08-10T10:39:00","date_gmt":"2021-08-10T08:39:00","guid":{"rendered":"https:\/\/puntocometa.dev\/?p=29410"},"modified":"2021-08-10T10:39:00","modified_gmt":"2021-08-10T08:39:00","slug":"crescere-da-ragazza-del-diurno-a-volontaria","status":"publish","type":"post","link":"https:\/\/puntocometa.dev\/es\/crescere-da-ragazza-del-diurno-a-volontaria\/","title":{"rendered":"CRESCERE: da ragazza del diurno a volontaria"},"content":{"rendered":"<p class=\"double\">La storia di Margaret \u00e8 unica e straordinaria. Una ragazza che, ormai grande per continuare a frequentare il centro estivo di Cometa, ha deciso di diventare una volontaria.<br \/>\u201cSono una ragazza che ha fatto parte del centro diurno \u201cUna Casa Per Crescere\u201d e per fortuna lo sono ancora, per\u00f2 quest\u2019estate c\u2019\u00e8 stato un cambiamento, un passaggio che ha fatto di me una volontaria e ora vedo le cose sotto un\u2019altra prospettiva. Ho pensato che venire a dare una mano sarebbe stato un bel gesto per ringraziare Cometa e gli educatori per tutto il bene e l\u2019aiuto che mi hanno dato. Non faccio la volontaria solo per gratitudine, ma anche per continuare a fare esperienza e crescere. In questi giorni, infatti, ho gi\u00e0 avuto la possibilit\u00e0 di conoscere nuove cose e vedere in cosa sono pi\u00f9 brava.<br \/>Diventare volontaria significa tante cose: non \u00e8 semplicemente dare una mano. Dal primo giorno, il 15 giugno 2021, i bambini, i ragazzi e anche gli educatori, si sono stupiti per avermi visto fare questa scelta e neanche io me lo sarei mai aspettato.\u00a0All\u2019inizio non sapevo come affrontare alcune situazioni, come aiutare i bambini a fare i compiti quando non mi ascoltavano. Allora mi sono chiesta come potevo aiutarli. Cos\u00ec, ho cercato di osservarli e di vedere come si comportavano gli educatori. Poi ho capito che ogni bambino \u00e8 diverso e ha un modo suo di guardare alla realt\u00e0, il mio compito \u00e8 cercare di scoprirlo\u201d. Ecco il racconto di Margaret che ha vissuto un vero percorso di crescita cucito su misura per lei, grazie agli educatori che l\u2019hanno seguita e aiutata a raggiungere il suo meglio come volontaria.<\/p>\n<p><img decoding=\"async\" src=\"https:\/\/puntocometa.dev\/wp-content\/uploads\/2021\/08\/WhatsApp-Image-2021-07-25-at-00.50.14-1-766x1024-1.jpeg\" style=\"max-width:100%;height:auto;\" alt=\"-\" title=\"\"><\/p>\n","protected":false},"excerpt":{"rendered":"<p>La storia di Margaret \u00e8 unica e straordinaria. Una ragazza che, ormai grande per continuare a frequentare il centro estivo di Cometa, ha deciso di diventare una volontaria.\u201cSono una ragazza che ha fatto parte del centro diurno \u201cUna Casa Per Crescere\u201d e per fortuna lo sono ancora, per\u00f2 quest\u2019estate c\u2019\u00e8 stato un cambiamento, un passaggio [&hellip;]<\/p>\n","protected":false},"author":7,"featured_media":29418,"comment_status":"closed","ping_status":"open","sticky":false,"template":"","format":"standard","meta":{"_acf_changed":false,"give_campaign_id":0,"footnotes":""},"categories":[122],"tags":[],"class_list":["post-29410","post","type-post","status-publish","format-standard","has-post-thumbnail","hentry","category-news"],"acf":[],"_links":{"self":[{"href":"https:\/\/puntocometa.dev\/es\/wp-json\/wp\/v2\/posts\/29410","targetHints":{"allow":["GET"]}}],"collection":[{"href":"https:\/\/puntocometa.dev\/es\/wp-json\/wp\/v2\/posts"}],"about":[{"href":"https:\/\/puntocometa.dev\/es\/wp-json\/wp\/v2\/types\/post"}],"author":[{"embeddable":true,"href":"https:\/\/puntocometa.dev\/es\/wp-json\/wp\/v2\/users\/7"}],"replies":[{"embeddable":true,"href":"https:\/\/puntocometa.dev\/es\/wp-json\/wp\/v2\/comments?post=29410"}],"version-history":[{"count":0,"href":"https:\/\/puntocometa.dev\/es\/wp-json\/wp\/v2\/posts\/29410\/revisions"}],"wp:featuredmedia":[{"embeddable":true,"href":"https:\/\/puntocometa.dev\/es\/wp-json\/wp\/v2\/media\/29418"}],"wp:attachment":[{"href":"https:\/\/puntocometa.dev\/es\/wp-json\/wp\/v2\/media?parent=29410"}],"wp:term":[{"taxonomy":"category","embeddable":true,"href":"https:\/\/puntocometa.dev\/es\/wp-json\/wp\/v2\/categories?post=29410"},{"taxonomy":"post_tag","embeddable":true,"href":"https:\/\/puntocometa.dev\/es\/wp-json\/wp\/v2\/tags?post=29410"}],"curies":[{"name":"wp","href":"https:\/\/api.w.org\/{rel}","templated":true}]}}