{"id":28681,"date":"2021-05-13T12:35:20","date_gmt":"2021-05-13T10:35:20","guid":{"rendered":"https:\/\/puntocometa.dev\/?p=28681"},"modified":"2021-05-13T12:35:20","modified_gmt":"2021-05-13T10:35:20","slug":"limportanza-di-esserci-il-contributo-di-fondazione-cariplo-con-il-bando-lets-go","status":"publish","type":"post","link":"https:\/\/puntocometa.dev\/es\/limportanza-di-esserci-il-contributo-di-fondazione-cariplo-con-il-bando-lets-go\/","title":{"rendered":"L\u2019importanza di esserci \u2013 il contributo di Fondazione Cariplo con il Bando LETS GO!"},"content":{"rendered":"<p><strong>\u201cIO CI SONO\u201d<\/strong>: tre semplici parole sintetizzano il pensiero espresso e la <strong>volont\u00e0 degli educatori<\/strong> de Il Manto a non arrendersi sin dal primo giorno <strong>quando, a partire dal marzo 2020,<\/strong> il mondo come lo conoscevamo si \u00e8 paralizzato e <strong>la quotidianit\u00e0 dei tanti bambini e ragazzi che accogliamo ogni giorno \u00e8 diventata pi\u00f9 difficile che mai. <\/strong><\/p>\n<p>Il Manto sta monitorando da pi\u00f9 di un anno ormai, da vicino e capillarmente, la <strong>difficile tenuta psico-socioeconomica delle famiglie e dei minori del territorio<\/strong>. L\u2019ente risponde da pi\u00f9 di 15 anni al loro bisogno di cura e sostegno educativo quotidiano e, proprio grazie al suo osservatorio, dallo scoppio della pandemia ha visto questo bisogno tanto acuirsi in portata e complessit\u00e0 quanto mutare repentinamente in relazione alle condizioni esterne instabili e incerte.<\/p>\n<p>Minori soli in casa, o in un contesto familiare fragile e disfunzionale, demotivati rispetto agli apprendimenti, apatia, mancanza di relazione con i pari e con i contesti di crescita quotidiana, deprivazione culturale, sorgere o acuirsi di disagio psicologico, sono solo alcuni degli esempi, semplificati e generalizzati per tutela della privacy e delle fragili storie personali di ciascuno, che riescono per\u00f2 a dare un\u2019idea del bisogno cui si \u00e8 inteso dare risposta.<\/p>\n<p>Di fronte a ci\u00f2, infatti, Il <strong>Manto ha deciso di non fermarsi mai<\/strong> nel corso di questo difficile anno, intraprendendo una <strong>via resiliente e flessibile<\/strong> di fronte al mutarsi degli scenari descritti e degli effetti drammatici sui propri beneficiari. Si \u00e8 scelto di non affrontare le difficolt\u00e0 e limitazioni operative come un ostacolo piuttosto come <strong>opportunit\u00e0 di ripensare le attivit\u00e0<\/strong> e cogliere questa sfida come <strong>occasione di accrescimento di competenze e know-how interni<\/strong>.<\/p>\n<p><strong>Nessuno dei nostri bambini poteva essere lasciato solo<\/strong>, a casa, ad affrontare le fatiche di ogni giorno, anche quelle pi\u00f9 banali. La passione educativa che da sempre ci muove rischiava di subire, per\u00f2, una battuta di arresto indipendente da ogni volont\u00e0. Le oggettive difficolt\u00e0 economiche e di contesto che hanno accomunato ogni settore produttivo, e il Terzo Settore in particolare, rendevano sempre pi\u00f9 concreto il <strong>rischio di una sospensione o riduzione delle attivit\u00e0 di accoglienza diurna<\/strong>.<\/p>\n<p><b>Il contributo a fondo perduto di Fondazione Cariplo, all\u2019interno del Bando LETS GO! di cui Il Manto \u00e8 risultato vincitore insieme ad altri 400 enti impegnati ogni giorno nella costruzione del bene comune, ci ha consentito di avere un sostegno importante per tenere aperte le porte, virtuali e fisiche, di \u201cUna Casa per crescere\u201d.<\/b>Abbiamo deciso, infatti, di impegnare queste preziose risorse nel nostro servizio di accoglienza diurna, che offre ogni anno a 130 minori (6-14 anni) e famiglie cura e sostegno in prevenzione a disagio e dispersione: trasporto, pasti, attivit\u00e0 educative di supporto all\u2019apprendimento, sostegno psicoeducativo e orientamento, laboratori disciplinari\/espressivi\/ludici, sostegno alla genitorialit\u00e0. Educatori supportati da un\u2019\u00e9quipe multidisciplinare accompagnano il percorso personalizzato del minore per la (ri)costruzione dell\u2019io in raccordo con scuole, famiglia e servizi territoriali.<\/p>\n<p>Fermarsi non \u00e8 mai stato nei piani, e nulla ha rappresentato un ostacolo cos\u00ec grande da non tenere attivo e saldo il legame e il dialogo con bambini e famiglie. Come abbiamo fatto? Il <a href=\"https:\/\/www.unacasapercrescere.it\/\" rel=\"nofollow noopener\" target=\"_blank\">diurno online<\/a> \u00e8 nato per essere uno luogo virtuale in cui incontrarsi, giocare, fare laboratori, raccontare le <a href=\"https:\/\/puntocometa.dev\/2021\/03\/05\/le-storie-della-buonanotte\/\">storie della buonanotte<\/a>, quando il lockdown ha costretto tutti a casa. Gli educatori, sin dalla sveglia del mattino, hanno sostenuto e accompagnato le giornate e le emozioni dei bambini, cos\u00ec come il loro apprendimento, con supporto ai compiti, alla didattica a distanza, sinergia e stretta collaborazione con le scuole e famiglie per monitorare e accompagnare ciascuno. Poi la riapertura, ripensando e riattrezzando spazi per curare la sicurezza di tutti, il centro estivo, di nuovo la didattica a distanza seguita in Cometa con il supporto degli educatori per i pi\u00f9 fragili, il continuo riadattamento e ripensamento delle attivit\u00e0 a tutt\u2019oggi. C\u2019\u00e8 ancora molto da fare ma Il Manto continuer\u00e0 a non fermarsi come gi\u00e0 fatto in questo difficile tempo trascorso.<\/p>\n<p><strong>Grazie a Fondazione Cariplo per il prezioso sostegno che ci ha consentito di continuare ad essere, ogni giorno, punto di riferimento per tanti bambini e famiglie che non avrebbero avuto altre possibilit\u00e0 e che invece meritano di poter continuare a vivere e sognare un futuro a colori!<\/strong><img decoding=\"async\" src=\"https:\/\/puntocometa.dev\/wp-content\/uploads\/2021\/05\/indicazioni-comunicazione-LETS-GO.png\" style=\"max-width:100%;height:auto;\" alt=\"-\" title=\"\"><\/p>\n","protected":false},"excerpt":{"rendered":"<p>\u201cIO CI SONO\u201d: tre semplici parole sintetizzano il pensiero espresso e la volont\u00e0 degli educatori de Il Manto a non arrendersi sin dal primo giorno quando, a partire dal marzo 2020, il mondo come lo conoscevamo si \u00e8 paralizzato e la quotidianit\u00e0 dei tanti bambini e ragazzi che accogliamo ogni giorno \u00e8 diventata pi\u00f9 difficile che mai.<\/p>\n","protected":false},"author":7,"featured_media":28683,"comment_status":"closed","ping_status":"open","sticky":false,"template":"","format":"standard","meta":{"_acf_changed":false,"give_campaign_id":0,"footnotes":""},"categories":[122],"tags":[],"class_list":["post-28681","post","type-post","status-publish","format-standard","has-post-thumbnail","hentry","category-news"],"acf":[],"_links":{"self":[{"href":"https:\/\/puntocometa.dev\/es\/wp-json\/wp\/v2\/posts\/28681","targetHints":{"allow":["GET"]}}],"collection":[{"href":"https:\/\/puntocometa.dev\/es\/wp-json\/wp\/v2\/posts"}],"about":[{"href":"https:\/\/puntocometa.dev\/es\/wp-json\/wp\/v2\/types\/post"}],"author":[{"embeddable":true,"href":"https:\/\/puntocometa.dev\/es\/wp-json\/wp\/v2\/users\/7"}],"replies":[{"embeddable":true,"href":"https:\/\/puntocometa.dev\/es\/wp-json\/wp\/v2\/comments?post=28681"}],"version-history":[{"count":0,"href":"https:\/\/puntocometa.dev\/es\/wp-json\/wp\/v2\/posts\/28681\/revisions"}],"wp:featuredmedia":[{"embeddable":true,"href":"https:\/\/puntocometa.dev\/es\/wp-json\/wp\/v2\/media\/28683"}],"wp:attachment":[{"href":"https:\/\/puntocometa.dev\/es\/wp-json\/wp\/v2\/media?parent=28681"}],"wp:term":[{"taxonomy":"category","embeddable":true,"href":"https:\/\/puntocometa.dev\/es\/wp-json\/wp\/v2\/categories?post=28681"},{"taxonomy":"post_tag","embeddable":true,"href":"https:\/\/puntocometa.dev\/es\/wp-json\/wp\/v2\/tags?post=28681"}],"curies":[{"name":"wp","href":"https:\/\/api.w.org\/{rel}","templated":true}]}}