{"id":24904,"date":"2020-10-31T15:31:33","date_gmt":"2020-10-31T14:31:33","guid":{"rendered":"https:\/\/puntocometa.dev\/?p=24904"},"modified":"2020-10-31T15:31:33","modified_gmt":"2020-10-31T14:31:33","slug":"andare-a-teatro-unesperienza-magica-e-indimenticabile","status":"publish","type":"post","link":"https:\/\/puntocometa.dev\/es\/andare-a-teatro-unesperienza-magica-e-indimenticabile\/","title":{"rendered":"ANDARE A TEATRO: \u201cUn\u2019esperienza magica e indimenticabile\u201d"},"content":{"rendered":"<p>\u201cAndare a teatro? \u00c8 stata un\u2019esperienza indimenticabile, magica e unica,\u201d dice\u00a0<strong>Margaret<\/strong>. Un\u2019affermazione di una studentessa delle medie che frequenta il nostro Diurno, a dimostrazione della bellezza e della forza di un\u2019arte che attraverso il giusto approccio pu\u00f2 risultare appassionante prima ancora che istruttiva. Dopo la visita\u00a0<strong>del gruppo teatrale del Diurno al Teatro Sociale di Como per conoscere il dietro le quinte del dramma lirico Werther<\/strong>, tratto dal romanzo epistolare di\u00a0<strong>Johann Wolfgang Goethe<\/strong>\u00a0pubblicato nel 1774 e intitolato\u00a0<strong>I dolori del giovane Werther<\/strong>, l\u2019educatore\u00a0<strong>Wesley<\/strong>\u00a0e la studentessa delle medie\u00a0<strong>Margaret<\/strong>\u00a0hanno accettato l\u2019invito della scenografa\u00a0<strong>Eleonora De Leo<\/strong>\u00a0ad andare a vedere lo spettacolo. Un\u2019occasione culturale importante e unica vista l\u2019attuale situazione dovuta alla pandemia. La rappresentazione, infatti, \u00e8 andata in scena sabato 24 ottobre poche ore prima che i teatri fossero costretti per la nuova ordinanza anti Covid-19. Preziosa resta dunque\u00a0<strong>la documentazione fotografica di Wesley e le parole della giovanissima Margaret<\/strong>\u00a0che ci racconta la trama dell\u2019opera prima di recensirla.<\/p>\n<p>&nbsp;<\/p>\n<p><img fetchpriority=\"high\" decoding=\"async\" class=\"alignnone wp-image-24906\" src=\"https:\/\/puntocometa.dev\/wp-content\/uploads\/2020\/10\/foto1111-300x225.jpeg\" alt=\"-\" width=\"296\" height=\"222\" title=\"\"><\/p>\n<p>&nbsp;<\/p>\n<p><strong>WERTHER: LA TRAMA RACCONTATA DA MARGARET<\/strong><\/p>\n<p>L\u2019arco temporale\u00a0delle\u00a0vicende va dai primi giorni\u00a0del\u00a0maggio 1771 al dicembre 1772.\u00a0<strong>Werther<\/strong>\u00a0\u00e8 un giovane ragazzo appassionato di pittura e letteratura antica.\u00a0<strong>\u00c8 innamorato della bella Charlotte<\/strong>, che per motivi di famiglia si era dovuta sposare con\u00a0<strong>Albert<\/strong>. Werther comincia a scrivere all\u2019amico\u00a0<strong>Wilhelm<\/strong>\u00a0per raccontargli il dolore provato in questa triste situazione sentimentale e che non sarebbe mai pi\u00f9 potuto ritornare felice. Proprio a causa di questo dolore alla fine il giovane eroe romantico si suicida.<br \/>\n<strong>Sophie<\/strong>, secondogenita del Borgomastro, aiuta la sorella Charlotte nei preparativi che si terranno la sera stessa. I bambini giocano a palla, il padre canta, mentre Sophie serve il vino a lui e al suo amico e tutti ballano insieme spensierati. Tra i partecipanti troviamo il giovane e gentile Werther.\u00a0Mentre gli altri sono al ballo, Sophie rimane sola a casa ad aspettare Albert, il fidanzato di Charlotte.<\/p>\n<p><strong>Werther dichiara a Charlotte il suo amore<\/strong>, ma la fanciulla gli ricorda la promessa fatta alla madre sul letto di morte: sposare Albert.<br \/>\nWerther, per\u00f2, non rinuncia al suo amore.\u00a0A settembre I fedeli vanno in chiesa per la celebrazione delle nozze.<br \/>\nDopo tre mesi Werther riceve una visita di Albert che \u00e8 a conoscenza dei suoi sentimenti.<br \/>\nIl giovane per\u00f2 va lo stesso ad attendere Charlotte vicino alla chiesa per farle capire l\u2019amore da lui provato.\u00a0Sophie innamorata di Werther lo invita a ballare ma lui la respinge e le comunica la decisione di partire per sempre.<\/p>\n<p>Durante la vigilia di Natale, Charlotte rilegge le lettere di Werther. La sorella Sophie le domanda se \u00e8 triste, ma lei sorridendo\u00a0 finge di non esserlo, finch\u00e9 non scoppia a piangere. Fuori i bambini cantavano la canzone di Natale, ma lei non voleva ascoltarli.<\/p>\n<p>Werther non si arrende e vuole riconquistarla rubandole un tenero bacio. Segue la scena di un messaggero con una lettera in cui Werther chiede ad Albert di prestargli le pistole. Albert ordina a Charlotte di consegnarle al messaggero.<\/p>\n<p>Finalmente arriva la notte di Natale: Charlotte trova Werther nel suo letto ormai in fin di vita, in un lago di sangue. Charlotte riesce a confessare l\u2019amore che provava nei suoi confronti e i due si dicono le ultime parole.<\/p>\n<p>Werther le chiede di essere sepolto sotto i tigli e subito dopo muore. In sottofondo si sentono Sophie e i bambini che cantano la canzone di Natale. Charlotte si tappa le orecchie perch\u00e9 era disperata dopo quanto era successo e aveva ancora Werther davanti agli occhi.<\/p>\n<p>&nbsp;<\/p>\n<p><img decoding=\"async\" class=\"alignnone size-medium wp-image-24907\" src=\"https:\/\/puntocometa.dev\/wp-content\/uploads\/2020\/10\/foto-2-300x168.jpeg\" alt=\"-\" width=\"300\" height=\"168\" title=\"\"><\/p>\n<p>&nbsp;<\/p>\n<p><strong>IL COMMENTO DI MARGARET<\/strong><\/p>\n<p>Gli attori mi sono sembrati credibili. Ci sono state in particolare alcune scene in cui Sophie, Charlotte, Werther e il padre di Charlotte mi hanno stupita per l\u2019energia sprigionata mentre cantavano. Questo grazie all\u2019orchestra che riusciva bene a mettere in risalto il tono delle voci e i movimenti dei personaggi truccati e abbigliati secondo la moda dell\u2019epoca.<\/p>\n<p>Alla fine dello spettacolo il pubblico era pi\u00f9 che soddisfatto e si \u00e8 scatenato in un enorme applauso.\u00a0Io non sono un\u2019appassionata di opere liriche o storie antiche, ma\u00a0<strong>ricorder\u00f2 questa data perch\u00e9 non si \u00e8 trattato di un giorno qualunque<\/strong>. \u00c8 stata un\u2019esperienza indimenticabile, magica e unica.<\/p>\n<p>Voglio infine fare un\u2019ultima considerazione. Werther si \u00e8 suicidato per amore perch\u00e9 era convinto che non avrebbe mai pi\u00f9 ritrovato la felicit\u00e0. \u00a0Ammazzarsi per una persona \u00e8 per me una soluzione inaccettabile, meglio parlarne con qualche amico o parente perch\u00e9 dobbiamo ricordarci che \u201cLA VITA \u00e8 UN DONO\u201d!<\/p>\n<p>&nbsp;<\/p>\n<p><img decoding=\"async\" class=\"alignnone size-medium wp-image-24909\" src=\"https:\/\/puntocometa.dev\/wp-content\/uploads\/2020\/10\/foto-3-300x225.jpeg\" alt=\"-\" width=\"300\" height=\"225\" title=\"\"> <img loading=\"lazy\" decoding=\"async\" class=\"alignnone size-medium wp-image-24910\" src=\"https:\/\/puntocometa.dev\/wp-content\/uploads\/2020\/10\/foto-4-300x168.jpeg\" alt=\"-\" width=\"300\" height=\"168\" title=\"\"> <img loading=\"lazy\" decoding=\"async\" class=\"alignnone size-medium wp-image-24911\" src=\"https:\/\/puntocometa.dev\/wp-content\/uploads\/2020\/10\/foto-5-300x168.jpeg\" alt=\"-\" width=\"300\" height=\"168\" title=\"\"> <img loading=\"lazy\" decoding=\"async\" class=\"alignnone size-medium wp-image-24912\" src=\"https:\/\/puntocometa.dev\/wp-content\/uploads\/2020\/10\/foto-6-300x225.jpeg\" alt=\"-\" width=\"300\" height=\"225\" title=\"\"> <img loading=\"lazy\" decoding=\"async\" class=\"alignnone size-medium wp-image-24913\" src=\"https:\/\/puntocometa.dev\/wp-content\/uploads\/2020\/10\/foto-7-300x168.jpeg\" alt=\"-\" width=\"300\" height=\"168\" title=\"\"> <img loading=\"lazy\" decoding=\"async\" class=\"alignnone size-medium wp-image-24914\" src=\"https:\/\/puntocometa.dev\/wp-content\/uploads\/2020\/10\/foto-8-300x225.jpeg\" alt=\"-\" width=\"300\" height=\"225\" title=\"\"> <img loading=\"lazy\" decoding=\"async\" class=\"alignnone size-medium wp-image-24915\" src=\"https:\/\/puntocometa.dev\/wp-content\/uploads\/2020\/10\/foto-9-300x168.jpeg\" alt=\"-\" width=\"300\" height=\"168\" title=\"\"> <img loading=\"lazy\" decoding=\"async\" class=\"alignnone size-medium wp-image-24916\" src=\"https:\/\/puntocometa.dev\/wp-content\/uploads\/2020\/10\/foto-10-300x168.jpeg\" alt=\"-\" width=\"300\" height=\"168\" title=\"\"> <img loading=\"lazy\" decoding=\"async\" class=\"alignnone size-medium wp-image-24917\" src=\"https:\/\/puntocometa.dev\/wp-content\/uploads\/2020\/10\/foto-11-300x168.jpeg\" alt=\"-\" width=\"300\" height=\"168\" title=\"\"><\/p>\n","protected":false},"excerpt":{"rendered":"<p>\u201cAndare a teatro? \u00c8 stata un\u2019esperienza indimenticabile, magica e unica,\u201d dice\u00a0Margaret. Un\u2019affermazione di una studentessa delle medie che frequenta il nostro Diurno, a dimostrazione della bellezza e della forza di un\u2019arte che attraverso il giusto approccio pu\u00f2 risultare appassionante prima ancora che istruttiva. Dopo la visita\u00a0del gruppo teatrale del Diurno al Teatro Sociale di Como [&hellip;]<\/p>\n","protected":false},"author":13,"featured_media":0,"comment_status":"open","ping_status":"open","sticky":false,"template":"","format":"standard","meta":{"_acf_changed":false,"give_campaign_id":0,"footnotes":""},"categories":[122],"tags":[],"class_list":["post-24904","post","type-post","status-publish","format-standard","hentry","category-news"],"acf":[],"_links":{"self":[{"href":"https:\/\/puntocometa.dev\/es\/wp-json\/wp\/v2\/posts\/24904","targetHints":{"allow":["GET"]}}],"collection":[{"href":"https:\/\/puntocometa.dev\/es\/wp-json\/wp\/v2\/posts"}],"about":[{"href":"https:\/\/puntocometa.dev\/es\/wp-json\/wp\/v2\/types\/post"}],"author":[{"embeddable":true,"href":"https:\/\/puntocometa.dev\/es\/wp-json\/wp\/v2\/users\/13"}],"replies":[{"embeddable":true,"href":"https:\/\/puntocometa.dev\/es\/wp-json\/wp\/v2\/comments?post=24904"}],"version-history":[{"count":0,"href":"https:\/\/puntocometa.dev\/es\/wp-json\/wp\/v2\/posts\/24904\/revisions"}],"wp:attachment":[{"href":"https:\/\/puntocometa.dev\/es\/wp-json\/wp\/v2\/media?parent=24904"}],"wp:term":[{"taxonomy":"category","embeddable":true,"href":"https:\/\/puntocometa.dev\/es\/wp-json\/wp\/v2\/categories?post=24904"},{"taxonomy":"post_tag","embeddable":true,"href":"https:\/\/puntocometa.dev\/es\/wp-json\/wp\/v2\/tags?post=24904"}],"curies":[{"name":"wp","href":"https:\/\/api.w.org\/{rel}","templated":true}]}}