{"id":21339,"date":"2020-01-08T15:30:24","date_gmt":"2020-01-08T14:30:24","guid":{"rendered":"https:\/\/puntocometa.dev\/?p=21339"},"modified":"2020-01-08T15:30:24","modified_gmt":"2020-01-08T14:30:24","slug":"al-via-il-progetto-ad-hoc-fiaccole-da-accendere","status":"publish","type":"post","link":"https:\/\/puntocometa.dev\/es\/al-via-il-progetto-ad-hoc-fiaccole-da-accendere\/","title":{"rendered":"AL VIA IL PROGETTO \u201cAD HOC\u201d: FIACCOLE DA ACCENDERE!"},"content":{"rendered":"<p>[arve url=\u00bbhttps:\/\/puntocometa.dev\/wp-content\/uploads\/2020\/01\/AD_HOC_ok.mp4&#8243; autoplay=yes \/]<br \/>\n<img decoding=\"async\" src=\"https:\/\/puntocometa.dev\/wp-content\/uploads\/2020\/01\/Logo_prg.png\" style=\"max-width:100%;height:auto;\" alt=\"-\" title=\"\"><\/p>\n<h2>\u201cI giovani non sono vasi da riempire, ma fiaccole da accendere\u201d<br \/>\n<\/h2>\n<h3>Marco Fabio Quintiliano (35-95 d.C.)<\/h3>\n<h4>\u00c8 stato felicemente avviato il progetto \u201cAD HOC. Strategie di contrasto alla dispersione\u201d, un progetto selezionato dall\u2019impresa sociale Con i Bambini, coordinato da Cometa Formazione e cofinanziato dalla Fondazione De Agostini.<\/h4>\n<p>&nbsp;<\/p>\n<h3>I promotori<\/h3>\n<p>Il progetto \u00e8 stato selezionato da <b>Con i Bambini<\/b> nell\u2019ambito del Fondo per il contrasto della povert\u00e0 educativa minorile. Il Fondo nasce da un\u2019intesa tra le<br \/>\nFondazioni di origine bancaria rappresentate da Acri, il Forum Nazionale del Terzo Settore e il Governo. Sostiene interventi finalizzati a rimuovere gli ostacoli di natura economica, sociale e culturale che impediscono la piena fruizione dei processi educativi da parte dei minori. Per attuare i programmi del Fondo, a giugno 2016 \u00e8 nata l\u2019impresa sociale Con i Bambini, organizzazione senza scopo di lucro interamente partecipata dalla Fondazione CON IL SUD. <a href=\"https:\/\/www.conibambini.org\" target=\"_blank\" rel=\"noopener noreferrer nofollow\">www.conibambini.org<\/a><br \/>\nSostiene e cofinanzia il progetto <b>Fondazione De Agostini<\/b>, nata nel 2007 a Novara e attiva principalmente nell\u2019ambito sociale, rispondendo in particolare ai bisogni delle categorie pi\u00f9 deboli \u2013 persone con disabilit\u00e0 e bambini \u2013 per fornire risposte concrete ed efficaci ai loro bisogni. Perseguendo questo obiettivo, la Fondazione collabora con Enti, Fondazioni e Istituzioni che condividono gli stessi obiettivi e le stesse finalit\u00e0 nell\u2019ambito sociale, nella formazione e nella ricerca. <a href=\"https:\/\/www.fondazionedeagostini.it\/\" target=\"_blank\" rel=\"noopener noreferrer nofollow\">www.fondazionedeagostini.it<\/a><br \/>\nCoordina il progetto <a href=\"https:\/\/puntocometa.dev\/cometa-formazione\/\">Cometa Formazione<\/a><b>\u00a0SCS<\/b>, realt\u00e0 comasca che nasce nel 2003 per dare un\u2019opportunit\u00e0 concreta a ragazzi che hanno abbandonato la scuola senza alcuna prospettiva lavorativa. In un momento di grave emergenza educativa, alcuni ragazzi che faticavano a stare nei ranghi dell\u2019istruzione trovavano cos\u00ec valido supporto alle proprie necessit\u00e0 educative nell\u2019esperienza di accoglienza di Cometa.<br \/>\nL\u2019offerta formativa di Cometa \u00e8 concepita come un percorso che non si esaurisce nell\u2019attivit\u00e0 didattica intesa come trasmissione di contenuti, ma assume come metodo la concretezza dell\u2019esperienza e la valorizzazione del lavoro (\u201cdal fare al conoscere\u201d) e si muove nella prospettiva dell\u2019orientamento personale e professionale e della rimotivazione. <a href=\"https:\/\/puntocometa.dev\/\" target=\"_blank\" rel=\"noopener noreferrer\">www.puntocometa.org<\/a><\/p>\n<hr \/>\n<hr \/>\n<p>Il progetto si avvale infatti di una<b> variegata rete di Partner<\/b> sul territorio: scuole, parrocchie, fondazioni, istituzioni, universit\u00e0, cooperative sociali, soggetti variamente attivi sul territorio in ambito educativo e sociale.<\/p>\n<h3>Il Progetto<\/h3>\n<p>\u201cAD HOC\u201d \u00e8 un importante iniziativa che si svilupper\u00e0 nell\u2019arco di 4 anni (2019-2022) e che si propone di mettere in campo un\u2019articolata serie di azioni e strategie di prevenzione e contrasto al grave fenomeno della dispersione scolastica, coinvolgendo attivamente i principali attori della comunit\u00e0 educante (famiglie, scuole,<br \/>\nistituzioni e terzo settore).<br \/>\nUn problema che affligge il 22% della popolazione giovanile in et\u00e0 scolare nella provincia di Como, area di riferimento dell\u2019iniziativa: territorio che ha un triste e sorprendente primato rispetto alla media nazionale del fenomeno, che si attesta sul pur allarmante dato del 14% (Eurostat, 2017).<\/p>\n<h3>La mission<\/h3>\n<p>Obiettivo della rete dei Partner del progetto \u00e8 contribuire a ridurre i livelli di povert\u00e0 educativa, isolamento sociale e deprivazione affettiva di cui spesso la dispersione scolastica \u00e8 l\u2019espressione pi\u00f9 eclatante.<br \/>\n<a href=\"https:\/\/puntocometa.dev\/la-mission\/\">La mission<\/a> \u00e8 perseguita attraverso un\u2019ampia e diversificata proposta di attivit\u00e0, che mirano a sostenere i ragazzi e le famiglie con percorsi personalizzati, nonch\u00e9 a rafforzare le competenze dei minori dotandoli di conoscenze e abilit\u00e0 integrative rispetto al programma scolastico.<br \/>\nSaranno beneficiari del progetto 120 ragazzi dagli 11 ai 17 anni delle Scuole medie e superiori del territorio di Como, e le loro famiglie: giovani che si trovano in situazione di marginalit\u00e0 socio-economica e in dispersione o a rischio di dispersione scolastica. Per loro verranno messi a punto percorsi cuciti su misura.<br \/>\nLe famiglie saranno coinvolte in incontri di sostegno alla genitorialit\u00e0; i docenti delle scuole partner potranno beneficiare di ore di formazione; i ragazzi potranno usufruire di un servizio di orientamento e accompagnamento al lavoro, soprattutto grazie all\u2019esperienza diretta di laboratori pratici e didattici tenuti da esperti maestri del territorio, anche nell\u2019ambito dell\u2019artigianato artistico.<br \/>\nUn progetto dunque molto articolato e innovativo, concepito per il territorio e che al territorio si apre attivamente e con modalit\u00e0 inclusive e propositive.<\/p>\n<h3>Le Azioni<\/h3>\n<p>Le azioni<br \/>\nIl progetto prevede azioni di:<\/p>\n<ul>\n<li>coordinamento territoriale, con iniziative di comunicazione e disseminazione (a cura di Fondazione Cologni dei Mestieri d\u2019Arte);<\/li>\n<li>coinvolgimento della comunit\u00e0 educante, con iniziative di formazione e informazione per le famiglie e le scuole, formazione dei formatori, rapporti con le istituzioni e altri attori del territorio;<\/li>\n<li>personalizzazione dei percorsi, con azioni di selezione dei beneficiari, supervisione educativa ed elaborazione di percorsi individuali, formazione in assetto lavorativo, cittadinanza attiva;<\/li>\n<li>orientamento e accompagnamento al lavoro, con l\u2019organizzazione di incontri e visite di avvicinamento al mondo dell\u2019artigianato, nonch\u00e9 di laboratori pratici e didattici con importanti scuole e maestri artigiani del territorio presso i loro atelier di ceramica, oreficeria, <a href=\"https:\/\/puntocometa.dev\/tessile\/\">tessile<\/a>, giardinaggio, tipografia, sartoria;<\/li>\n<li>monitoraggio-valutazione dell\u2019impatto sociale.<\/li>\n<\/ul>\n<h3>Il Logo<\/h3>\n<p>Il logo creato per il progetto ne racchiude la mission. La scommessa educativa e sociale \u00e8 quella di fornire ai giovani gli strumenti per trovare la propria \u201cvocazione\u201d e definirsi come persone, superando le difficolt\u00e0, conoscendo e sfruttando al meglio le proprie potenzialit\u00e0, scoprendo in se stessi la bellezza, che pu\u00f2 avere molte e diverse sfaccettature.<br \/>\nIl logo del progetto prende dunque ispirazione dall\u2019idea di un diamante grezzo che, grazie al lavoro di mani sapienti, come quelle dell\u2019artigiano che taglia e lucida la pietra, diventa gemma perfetta e splendente, dalle molte sfaccettature, appunto.<br \/>\nCos\u00ec un giovane in difficolt\u00e0, che \u00e8 uno scrigno di potenzialit\u00e0 inespresse, attraverso il lavoro educativo e l\u2019esperienza artigianale, a contatto con l\u2019esempio di maestri di saper fare e di vita, pu\u00f2 trovare la sua strada e valorizzare la propria personalit\u00e0.<br \/>\nIn un certo senso, far brillare la sua luce&#8230;<\/p>\n<hr \/>\n<hr \/>\n<h3>Il progetto \u201cAD HOC\u201d in breve<\/h3>\n<p><b>Bando<\/b><br \/>\nUn progetto selezionato da Con i Bambini Impresa sociale nell\u2019ambito del Fondo per il contrasto della povert\u00e0 educativa minorile e cofinanziato dalla Fondazione De Agostini<\/p>\n<p><b>Enti finanziatori<\/b><br \/>\nImpresa sociale \u201cCon i Bambini\u201d<br \/>\nFondazione De Agostini<br \/>\nEnte coordinatore del progetto<br \/>\nCometa Formazione SCS<\/p>\n<p><b>Partner del progetto<\/b><br \/>\nFilario Hotel &#038; Residences (AS Hospitality)<br \/>\nFondazione Cologni dei Mestieri d\u2019Arte<br \/>\n<a href=\"https:\/\/puntocometa.dev\/il-manto\/\">Il Manto SCS<\/a><br \/>\nIstituto Comprensivo Como Albate<br \/>\nIstituto Comprensivo Como Centro Citt\u00e0<br \/>\nIstituto Comprensivo Como Rebbio<br \/>\nParrocchia San Martino Rebbio (Como)<\/p>\n<p><b>in collaborazione con<\/b><br \/>\nCamera di Commercio Industria Artigianato e Agricoltura di Como<br \/>\nComune di Como<br \/>\nCooperativa Lotta contro l\u2019emarginazione Onlus<br \/>\n<b>Ente incaricato per la valutazione impatto sociale<\/b><br \/>\nDipartimento di Ingegneria Gestionale del Politecnico di Milano<br \/>\n<b>Obiettivo<\/b><br \/>\nStrategie di contrasto alla dispersione scolastica nel territorio comasco<br \/>\n<\/b>Beneficiari<br \/>\n120 studenti dagli 11 ai 17 anni<br \/>\n<b>Durata<\/b><br \/>\nQuadriennale (2019\/2023)<\/p>\n<h3>Per informazioni:<\/h3>\n<p>Carlo Garbagna (Responsabile progetto)<br \/>\nCometa Formazione SCS<br \/>\nVia Madruzza 36 \u2013 22100 Como<br \/>\n<a href=\"mailto:carlo.garbagna@puntocometa.dev\">carlo.garbagna@puntocometa.dev<\/a><\/p>\n<p><b>Fondazione Cologni dei Mestieri d\u2019Arte<\/b><br \/>\nVia Lovanio 5 \u2013 20121 Milano<br \/>\n<a href=\"mailto:info@fondazionecologni.it\">info@fondazionecologni.it<\/a><br \/>\n<a href=\"mailto:alessandra.denitto@fondazionecologni.it\">alessandra.denitto@fondazionecologni.it<\/a><br \/>\n<a href=\"mailto:federica.cavriana@fondazionecologni.it\">federica.cavriana@fondazionecologni.it<\/a><br \/>\ntel. 02 89655350<\/p>\n<p><b>Ufficio Stampa:<\/b><br \/>\nantonella asnaghi &amp; associati<br \/>\n+39 02 48008294 \u2013 +39 02 43982278<br \/>\nAntonella Asnaghi<br \/>\n<a href=\"mailto:fondazionecologni@asnaghiassociati.it\">fondazionecologni@asnaghiassociati.it<\/a><br \/>\nAnna Maria Calegari<br \/>\n<a href=\"mailto:am.calegari@asnaghiassociati.it\">am.calegari@asnaghiassociati.it<\/a><\/p>\n<p><a href=\"https:\/\/www.facebook.com\/progettoadhoc\/\" class=\"button\" rel=\"nofollow noopener\" target=\"_blank\">Segui il progetto su Facebook<\/a><\/p>\n","protected":false},"excerpt":{"rendered":"<p>[arve url=\u00bbhttps:\/\/puntocometa.dev\/wp-content\/uploads\/2020\/01\/AD_HOC_ok.mp4&#8243; autoplay=yes \/] \u201cI giovani non sono vasi da riempire, ma fiaccole da accendere\u201d Marco Fabio Quintiliano (35-95 d.C.) \u00c8 stato felicemente avviato il progetto \u201cAD HOC. Strategie di contrasto alla dispersione\u201d, un progetto selezionato dall\u2019impresa sociale Con i Bambini, coordinato da Cometa Formazione e cofinanziato dalla Fondazione De Agostini. &nbsp; I promotori Il [&hellip;]<\/p>\n","protected":false},"author":6,"featured_media":21341,"comment_status":"open","ping_status":"open","sticky":false,"template":"","format":"standard","meta":{"_acf_changed":false,"give_campaign_id":0,"footnotes":""},"categories":[122],"tags":[],"class_list":["post-21339","post","type-post","status-publish","format-standard","has-post-thumbnail","hentry","category-news"],"acf":[],"_links":{"self":[{"href":"https:\/\/puntocometa.dev\/es\/wp-json\/wp\/v2\/posts\/21339","targetHints":{"allow":["GET"]}}],"collection":[{"href":"https:\/\/puntocometa.dev\/es\/wp-json\/wp\/v2\/posts"}],"about":[{"href":"https:\/\/puntocometa.dev\/es\/wp-json\/wp\/v2\/types\/post"}],"author":[{"embeddable":true,"href":"https:\/\/puntocometa.dev\/es\/wp-json\/wp\/v2\/users\/6"}],"replies":[{"embeddable":true,"href":"https:\/\/puntocometa.dev\/es\/wp-json\/wp\/v2\/comments?post=21339"}],"version-history":[{"count":0,"href":"https:\/\/puntocometa.dev\/es\/wp-json\/wp\/v2\/posts\/21339\/revisions"}],"wp:featuredmedia":[{"embeddable":true,"href":"https:\/\/puntocometa.dev\/es\/wp-json\/wp\/v2\/media\/21341"}],"wp:attachment":[{"href":"https:\/\/puntocometa.dev\/es\/wp-json\/wp\/v2\/media?parent=21339"}],"wp:term":[{"taxonomy":"category","embeddable":true,"href":"https:\/\/puntocometa.dev\/es\/wp-json\/wp\/v2\/categories?post=21339"},{"taxonomy":"post_tag","embeddable":true,"href":"https:\/\/puntocometa.dev\/es\/wp-json\/wp\/v2\/tags?post=21339"}],"curies":[{"name":"wp","href":"https:\/\/api.w.org\/{rel}","templated":true}]}}