{"id":18206,"date":"2019-10-24T12:37:38","date_gmt":"2019-10-24T10:37:38","guid":{"rendered":"https:\/\/puntocometa.dev\/?p=18206"},"modified":"2019-10-24T12:37:38","modified_gmt":"2019-10-24T10:37:38","slug":"non-ce-montagna-valga-propria-vita","status":"publish","type":"post","link":"https:\/\/puntocometa.dev\/es\/non-ce-montagna-valga-propria-vita\/","title":{"rendered":"NON C\u2019\u00c8 MONTAGNA CHE VALGA LA PROPRIA VITA"},"content":{"rendered":"<p align=\"center\"><i>Avv. Daniele Turani presidente della fondazione Polli Stoppani ha incontrato i ragazzi del centro estivo di Cometa per raccontare la sua avventura sull\u2019Everest.<\/i><\/p>\n<p>Daniele Turani ha deciso di avventurarsi sull\u2019Everest qualche mese fa, senza l\u2019aspirazione di arrivare in cima ma con l\u2019obiettivo di confrontarsi con la parete Nord della grande dea madre e di ripulire insieme al suo team parte dell\u2019immondizia accumulata negli anni sulle sue pendici.<\/p>\n<p><a href=\"https:\/\/puntocometa.dev\/wp-content\/uploads\/2019\/10\/danieletunews.jpg\"><img fetchpriority=\"high\" decoding=\"async\" class=\"alignnone size-medium wp-image-18207\" src=\"https:\/\/puntocometa.dev\/wp-content\/uploads\/2019\/10\/danieletunews-320x239.jpg\" alt=\"danieletunews\" width=\"320\" height=\"239\" title=\"\"><\/a><\/p>\n<p>Ha deciso di condividere la sua avventura con i ragazzi del <a href=\"https:\/\/puntocometa.dev\/centro-estivo\/\">centro estivo<\/a>. Un\u2019avventura lunga 60 giorni, che parla di amicizia, di fiducia nello sherpa che ti accompagna, di attesa, soprattutto delle condizione atmosferiche ottimali, ma anche di confronto con se stessi, perch\u00e9 ascoltare il proprio fisico e capire se si \u00e8 in grado di reggere l\u2019altitudine \u00e8 indispensabile tanto pi\u00f9 per un alpinista. Fondamentale, per Daniele, \u00e8 stata anche la capacit\u00e0 di fermarsi rispetto ai propri limiti, perch\u00e9, come ha ripetuto pi\u00f9 volte durante il suo intervento ai ragazzi: \u201c<i>Non vale la pena di dare la vita per una scalata. Ci sono momenti in cui \u00e8 molto pi\u00f9 importante saper rinunciare alla propria realizzazione personale\u201d.<\/i><\/p>\n<p>Daniele ci ha provato, e al suo obiettivo \u00e8 arrivato\u2026 con tanta fatica, determinazione e la consapevolezza dei possibili cambiamenti di programma. All\u2019arrivo, infatti, a causa di una repentina bufera di neve il suo team ha dovuto iniziare immediatamente la discesa per non rischiare di rimanere bloccato. \u201c<i>Ma l\u2019alpinismo non \u00e8 solo fatica e stress<\/i>\u201d, afferma Daniele, \u00e8 anche la capacit\u00e0 di camminare in squadra, rispettando i tempi di ciascuno. \u201c<i>Ognuno ha la sua andatura e viaggia alla sua velocit\u00e0 con lo sherpa<\/i>.\u201d continua Daniele. \u201c<i>Che bello!\u201d<\/i> esclama un bambino nel silenzio della sala.<\/p>\n<p><i>\u00abE&#8217; stato un piacere rivivere la mia esperienza con i ragazzi\u00a0di Cometa e sono rimasto stupito dalla maturit\u00e0 delle domande che mi\u00a0 sono state rivolte. A\u00a0tratti mi hanno fatto rivivere sentimenti che pensavo sepolti alla mia partenza\u00a0dal Tibet. Considero il misurarsi con la Montagna un&#8217;esperienza talmente formativa, che\u00a0mi considererei realizzato se, a seguito del mio racconto, almeno una piccola parte dei ragazzi avesse anche solo per un attimo considerato di fare lo stesso.\u201d ci racconta Daniele<\/i><\/p>\n<p>Pi\u00f9 di 100 ragazzi di 3-4-5 elementare lo hanno ascoltato in silenzio per un\u2019ora, per poi porgli senza sosta continui quesiti: un flusso inesauribile di domande sulla paura, sulle valanghe, sugli animali dell\u2019Everest e tante altre curiosit\u00e0. Ora stiamo preparando per questi stessi ragazzi una sorpresa, proprio con l\u2019avv. Turani, di cui speriamo di aggiornarvi presto! <i><\/i><\/p>\n<p><a href=\"https:\/\/puntocometa.dev\/wp-content\/uploads\/2019\/10\/danieletunews2.jpg\"><img decoding=\"async\" class=\"alignnone size-medium wp-image-18208\" src=\"https:\/\/puntocometa.dev\/wp-content\/uploads\/2019\/10\/danieletunews2-320x426.jpg\" alt=\"danieletunews2\" width=\"320\" height=\"426\" title=\"\"><\/a><\/p>\n<p><i>Daniele Turani, avvocato di Milano, attuale presidente della fondazione Polli Stoppani, impegnata principalmente all\u2019assistenza degli anziani, delle donne, dei bambini e delle persone in difficolt\u00e0, s\u2019innamora dello sci alpino a 5 anni. In giovent\u00f9\u0300 ha servito presso la Brigata Alpina Taurinense, nel Reparto Comando e Supporti Tattici. Nel tempo libero spazia dall\u2019alpinismo alla subacquea passando dal restauro di automezzi d\u2019epoca. Lui nella spedizione \u00e8 stato il motore del team. Daniele sta supportando i bambini e i ragazzi di Cometa attraverso la fondazione Poli Stoppani. <\/i><i><\/i><\/p>\n","protected":false},"excerpt":{"rendered":"<p>Avv. Daniele Turani presidente della fondazione Polli Stoppani ha incontrato i ragazzi del centro estivo di Cometa per raccontare la sua avventura sull\u2019Everest. Daniele Turani ha deciso di avventurarsi sull\u2019Everest qualche mese fa, senza l\u2019aspirazione di arrivare in cima ma con l\u2019obiettivo di confrontarsi con la parete Nord della grande dea madre e di ripulire [&hellip;]<\/p>\n","protected":false},"author":11,"featured_media":0,"comment_status":"open","ping_status":"open","sticky":false,"template":"","format":"standard","meta":{"_acf_changed":false,"give_campaign_id":0,"footnotes":""},"categories":[122],"tags":[],"class_list":["post-18206","post","type-post","status-publish","format-standard","hentry","category-news"],"acf":[],"_links":{"self":[{"href":"https:\/\/puntocometa.dev\/es\/wp-json\/wp\/v2\/posts\/18206","targetHints":{"allow":["GET"]}}],"collection":[{"href":"https:\/\/puntocometa.dev\/es\/wp-json\/wp\/v2\/posts"}],"about":[{"href":"https:\/\/puntocometa.dev\/es\/wp-json\/wp\/v2\/types\/post"}],"author":[{"embeddable":true,"href":"https:\/\/puntocometa.dev\/es\/wp-json\/wp\/v2\/users\/11"}],"replies":[{"embeddable":true,"href":"https:\/\/puntocometa.dev\/es\/wp-json\/wp\/v2\/comments?post=18206"}],"version-history":[{"count":0,"href":"https:\/\/puntocometa.dev\/es\/wp-json\/wp\/v2\/posts\/18206\/revisions"}],"wp:attachment":[{"href":"https:\/\/puntocometa.dev\/es\/wp-json\/wp\/v2\/media?parent=18206"}],"wp:term":[{"taxonomy":"category","embeddable":true,"href":"https:\/\/puntocometa.dev\/es\/wp-json\/wp\/v2\/categories?post=18206"},{"taxonomy":"post_tag","embeddable":true,"href":"https:\/\/puntocometa.dev\/es\/wp-json\/wp\/v2\/tags?post=18206"}],"curies":[{"name":"wp","href":"https:\/\/api.w.org\/{rel}","templated":true}]}}