{"id":15081,"date":"2016-09-15T22:26:51","date_gmt":"2016-09-15T20:26:51","guid":{"rendered":"https:\/\/puntocometa.dev\/?p=15081"},"modified":"2016-09-15T22:26:51","modified_gmt":"2016-09-15T20:26:51","slug":"chicago-childrens-choir-coro-oliver","status":"publish","type":"post","link":"https:\/\/puntocometa.dev\/es\/chicago-childrens-choir-coro-oliver\/","title":{"rendered":"Chicago Children&#8217;s Choir e il Coro di Oliver"},"content":{"rendered":"<p><iframe src=\"https:\/\/www.youtube.com\/embed\/b8mDEq3V8zg\" width=\"560\" height=\"315\" frameborder=\"0\" allowfullscreen=\"allowfullscreen\"><\/iframe><\/p>\n<p><strong>Avete visto il video della Cena con Cometa 2016?<\/strong><\/p>\n<p><strong><a href=\"https:\/\/puntocometa.dev\/il-coro-di-oliver\/\">Il Coro di Oliver<\/a> si \u00e8 esibito davanti ad una platea molto prestigiosa.<\/strong><\/p>\n<p>Ma come hanno fatto i ragazzi ad arrivare a divertirsi mentre cantavano, a godersi quel momento unico e irripetibile e lasciarsi andare esprimendo con tutto il loro essere la gioia del canto insieme??!!<\/p>\n<div>\n<p>Straordinari sono stati il lavoro del <strong>Maestro Angelo Nicastro, Direttore artistico del Ravenna Festival<\/strong> e anima di questo coro, la passione per la danza di\u00a0<strong>Chiara Nicastro<\/strong>, che ha insegnato ai ragazzi a coordinarsi e a esprimersi a tempo di musica ma \u201cla ciliegina sulla torta\u201d \u00e8 stato il lavoro fatto con il mitico\u00a0<strong>Chicago Children&#8217;s Choir.<\/strong><\/p>\n<p>Si tratta di un coro che oggi conta 4000 giovani e che \u00e8 nato per offrire un\u2019opportunit\u00e0 di vita ai bambini di Chicago pi\u00f9 in difficolt\u00e0, attraverso la passione per la musica e il canto corale.<\/p>\n<p>Guardate la lezione di domenica scorsa: la<strong> Presidente e Direttore artistico del Chicago Children\u2019s Choir, Josphine Lee, <\/strong>ha polarizzato l\u2019attenzione, dimostrato altissima professionalit\u00e0 ma soprattutto ha ispirato e trascinato tutti quanti nel canto e nella danza. :)))<\/p>\n<p><strong>Non potrete stare fermi!!!\u00a0<\/strong><br \/>\n<a href=\"https:\/\/www.facebook.com\/hashtag\/amicidicometa?source=feed_text&amp;story_id=1143244785745870\" data-ft=\"{&quot;tn&quot;:&quot;*N&quot;,&quot;type&quot;:104}\" rel=\"nofollow noopener\" target=\"_blank\">#amicidicometa<\/a><\/p>\n<\/div>\n<p><iframe src=\"https:\/\/www.youtube.com\/embed\/vzKXYPbwtNs\" width=\"560\" height=\"315\" frameborder=\"0\" allowfullscreen=\"allowfullscreen\"><\/iframe><\/p>\n","protected":false},"excerpt":{"rendered":"<p>Avete visto il video della Cena con Cometa 2016? Il Coro di Oliver si \u00e8 esibito davanti ad una platea molto prestigiosa. Ma come hanno fatto i ragazzi ad arrivare a divertirsi mentre cantavano, a godersi quel momento unico e irripetibile e lasciarsi andare esprimendo con tutto il loro essere la gioia del canto insieme??!! [&hellip;]<\/p>\n","protected":false},"author":10,"featured_media":15132,"comment_status":"open","ping_status":"open","sticky":false,"template":"","format":"standard","meta":{"_acf_changed":false,"give_campaign_id":0,"footnotes":""},"categories":[122],"tags":[],"class_list":["post-15081","post","type-post","status-publish","format-standard","has-post-thumbnail","hentry","category-news"],"acf":[],"_links":{"self":[{"href":"https:\/\/puntocometa.dev\/es\/wp-json\/wp\/v2\/posts\/15081","targetHints":{"allow":["GET"]}}],"collection":[{"href":"https:\/\/puntocometa.dev\/es\/wp-json\/wp\/v2\/posts"}],"about":[{"href":"https:\/\/puntocometa.dev\/es\/wp-json\/wp\/v2\/types\/post"}],"author":[{"embeddable":true,"href":"https:\/\/puntocometa.dev\/es\/wp-json\/wp\/v2\/users\/10"}],"replies":[{"embeddable":true,"href":"https:\/\/puntocometa.dev\/es\/wp-json\/wp\/v2\/comments?post=15081"}],"version-history":[{"count":0,"href":"https:\/\/puntocometa.dev\/es\/wp-json\/wp\/v2\/posts\/15081\/revisions"}],"wp:attachment":[{"href":"https:\/\/puntocometa.dev\/es\/wp-json\/wp\/v2\/media?parent=15081"}],"wp:term":[{"taxonomy":"category","embeddable":true,"href":"https:\/\/puntocometa.dev\/es\/wp-json\/wp\/v2\/categories?post=15081"},{"taxonomy":"post_tag","embeddable":true,"href":"https:\/\/puntocometa.dev\/es\/wp-json\/wp\/v2\/tags?post=15081"}],"curies":[{"name":"wp","href":"https:\/\/api.w.org\/{rel}","templated":true}]}}