{"id":15033,"date":"2016-09-07T23:55:50","date_gmt":"2016-09-07T21:55:50","guid":{"rendered":"https:\/\/puntocometa.dev\/?p=15033"},"modified":"2016-09-07T23:55:50","modified_gmt":"2016-09-07T21:55:50","slug":"dalla-parte-dei-bambini","status":"publish","type":"post","link":"https:\/\/puntocometa.dev\/es\/dalla-parte-dei-bambini\/","title":{"rendered":"DALLA PARTE DEI BAMBINI"},"content":{"rendered":"<p><strong>\u00abMettiamola cos\u00ec. Passi una giornata in questo posto e ti senti gi\u00e0 a casa: al punto che avresti solo voglia di tornarci e quando esci hai il cuore pi\u00f9 leggero.<br \/>\nCometa \u00e8 tante cose:&#8230;\u00bb<\/strong>\u00a0<a href=\"http:\/\/bit.ly\/2c6q7A6\" target=\"_blank\" rel=\"nofollow noopener noreferrer\">http:\/\/bit.ly\/2c6q7A6<\/a><\/p>\n<p><strong>Elisabetta Soglio, Corriere della Sera, 7 settembre 2016<\/strong><\/p>\n<p><strong>La pagina di inchiesta:<\/strong><\/p>\n<p><a href=\"https:\/\/puntocometa.dev\/wp-content\/uploads\/2016\/09\/CORRIEREFC_NAZIONALE_WEB2016_09_07_Page26.pdf\" target=\"_blank\" rel=\"noopener noreferrer\">Dalla parte dei bambini, E. Soglio e E. Serra, Corriere della Sera, 07\/09\/2016 &#8211;<br \/>\nPARTE 1<\/a>\u00a0e\u00a0<a href=\"https:\/\/puntocometa.dev\/wp-content\/uploads\/2016\/09\/CORRIEREFC_NAZIONALE_WEB2016_09_07_Page27.pdf\" target=\"_blank\" rel=\"noopener noreferrer\">PARTE 2<\/a><\/p>\n<h2>CONVEGNO \u00abDALLA PARTE DEI BAMBINI\u00bb<\/h2>\n<p><strong>Quali sono i diritti dei bambini?<\/strong><\/p>\n<p><strong>La nostra legislazione cosa fa e cosa dovrebbe fare sul tema dell&#8217;adozione e dell&#8217;affido?<\/strong><br \/>\n<strong>Il Corriere della Sera e la sua Fondazione, insieme a Cometa, cercheranno di approfondire l&#8217;argomento nel corso di un Convegno che si terr\u00e0 luned\u00ec 12 settembre ore 9.30 in sala Buzzati\u00a0<strong>(Via Eugenio Balzan, 3 \u00a0&#8211; Milano &#8211; sede Fondazione Corriere della Sera).<\/strong><\/strong><\/p>\n<p><strong>Interverranno esperti e operatori del settore.<\/strong><\/p>\n<p><a href=\"https:\/\/puntocometa.dev\/wp-content\/uploads\/2015\/04\/Invito_Dalla-parte-dei-bambini_12-set.jpg\"><img fetchpriority=\"high\" decoding=\"async\" class=\"aligncenter size-large wp-image-15039\" src=\"https:\/\/puntocometa.dev\/wp-content\/uploads\/2015\/04\/Invito_Dalla-parte-dei-bambini_12-set-680x1306.jpg\" alt=\"invito_dalla-parte-dei-bambini_12-set\" width=\"680\" height=\"1306\" title=\"\"><\/a><\/p>\n<p>&nbsp;<\/p>\n<h2><a href=\"http:\/\/video.corriere.it\/dalla-parte-bambini-adozione-affido-opportunita-problemi\/ea9f3e64-78b3-11e6-a466-5328024eb1f5\" target=\"_blank\" rel=\"noopener noreferrer nofollow\">Il CONVEGNO sar\u00e0 visibile in streaming<\/a><br \/>\n<a href=\"http:\/\/video.corriere.it\/dalla-parte-bambini-adozione-affido-opportunita-problemi\/ea9f3e64-78b3-11e6-a466-5328024eb1f5\" target=\"_blank\" rel=\"noopener noreferrer nofollow\"> luned\u00ec 12 settembre a partire dalle ore 9.30<\/a><\/h2>\n<p><a href=\"http:\/\/video.corriere.it\/dalla-parte-bambini-adozione-affido-opportunita-problemi\/ea9f3e64-78b3-11e6-a466-5328024eb1f5\" target=\"_blank\" rel=\"noopener noreferrer nofollow\">Clicca qui<\/a><\/p>\n","protected":false},"excerpt":{"rendered":"<p>\u00abMettiamola cos\u00ec. Passi una giornata in questo posto e ti senti gi\u00e0 a casa: al punto che avresti solo voglia di tornarci e quando esci hai il cuore pi\u00f9 leggero. Cometa \u00e8 tante cose:&#8230;\u00bb\u00a0http:\/\/bit.ly\/2c6q7A6 Elisabetta Soglio, Corriere della Sera, 7 settembre 2016 La pagina di inchiesta: Dalla parte dei bambini, E. Soglio e E. Serra, [&hellip;]<\/p>\n","protected":false},"author":10,"featured_media":15034,"comment_status":"open","ping_status":"open","sticky":false,"template":"","format":"standard","meta":{"_acf_changed":false,"give_campaign_id":0,"footnotes":""},"categories":[122],"tags":[],"class_list":["post-15033","post","type-post","status-publish","format-standard","has-post-thumbnail","hentry","category-news"],"acf":[],"_links":{"self":[{"href":"https:\/\/puntocometa.dev\/es\/wp-json\/wp\/v2\/posts\/15033","targetHints":{"allow":["GET"]}}],"collection":[{"href":"https:\/\/puntocometa.dev\/es\/wp-json\/wp\/v2\/posts"}],"about":[{"href":"https:\/\/puntocometa.dev\/es\/wp-json\/wp\/v2\/types\/post"}],"author":[{"embeddable":true,"href":"https:\/\/puntocometa.dev\/es\/wp-json\/wp\/v2\/users\/10"}],"replies":[{"embeddable":true,"href":"https:\/\/puntocometa.dev\/es\/wp-json\/wp\/v2\/comments?post=15033"}],"version-history":[{"count":0,"href":"https:\/\/puntocometa.dev\/es\/wp-json\/wp\/v2\/posts\/15033\/revisions"}],"wp:attachment":[{"href":"https:\/\/puntocometa.dev\/es\/wp-json\/wp\/v2\/media?parent=15033"}],"wp:term":[{"taxonomy":"category","embeddable":true,"href":"https:\/\/puntocometa.dev\/es\/wp-json\/wp\/v2\/categories?post=15033"},{"taxonomy":"post_tag","embeddable":true,"href":"https:\/\/puntocometa.dev\/es\/wp-json\/wp\/v2\/tags?post=15033"}],"curies":[{"name":"wp","href":"https:\/\/api.w.org\/{rel}","templated":true}]}}