{"id":14030,"date":"2016-04-12T08:21:33","date_gmt":"2016-04-12T06:21:33","guid":{"rendered":"https:\/\/puntocometa.dev\/?p=14030"},"modified":"2016-04-12T08:21:33","modified_gmt":"2016-04-12T06:21:33","slug":"rinascita-materia-in-mostra-milanosesto","status":"publish","type":"post","link":"https:\/\/puntocometa.dev\/es\/rinascita-materia-in-mostra-milanosesto\/","title":{"rendered":"La rinascita della materia, in una mostra a MilanoSesto"},"content":{"rendered":"<p><strong><i>Mobili e complementi d&#8217;arredo possono prendere vita da legno di botte esausto e ferro dismesso. \u00c8 quello che hanno fatto i ragazzi di Cometa Formazione, le cui creazioni saranno in mostra durante il Salone del Mobile<\/i><\/strong><\/p>\n<p><strong>Il <a href=\"http:\/\/www.vanityfair.it\/lifestyle\/casa\/16\/04\/06\/salone-del-mobile-2016-anteprima-prodotti-fiera-milano-design\" rel=\"nofollow noopener\" target=\"_blank\">Salone del Mobile<\/a> \u00e8 alle porte e oltre al consueto polo fieristico, anche il centro di Milano \u00e8 pronto ad animarsi con <a href=\"https:\/\/puntocometa.dev\/eventi\/\">eventi<\/a>, esposizioni e installazioni. <\/strong><\/p>\n<p><strong>Tra gli appuntamenti del Fuorisalone, anche la mostra <i>\u201cLa rinascita della materia\u201d,<\/i> uno dei progetti di <a href=\"https:\/\/puntocometa.dev\/home\/chi-siamo\/organizzazione\/cometa-formazione\/\">Cometa Formazione, <\/a>realt\u00e0 impegnata nell\u2019accoglienza, nell\u2019educazione e formazione di bambini e ragazzi e nel sostegno delle loro famiglie.\u00a0<\/strong><\/p>\n<p><strong>L\u2019esposizione, ospitata da Milanosesto, sar\u00e0 l\u2019occasione per ammirare mobili e complementi d\u2019arredo realizzati dai giovani talenti di <a href=\"https:\/\/puntocometa.dev\/contrada-degli-artigiani\/\">Contrada degli Artigiani<\/a>, una delle realt\u00e0 didattiche di Cometa Formazione. <\/strong><\/p>\n<p><strong>L\u2019intera collezione, realizzata utilizzando ferro dismesso e legno di botte esausto, racconta non solo la nuova vita data ai materiali utilizzati, ma anche la rinascita personale degli studenti.<\/strong><\/p>\n<p><strong>Cometa \u00e8 infatti un luogo in cui i giovani sono accompagnati alla conoscenza della realt\u00e0, educati a cogliere il senso e la bellezza della vita e, la Contrada degli Artigiani \u00e8 una delle realt\u00e0 didattiche in cui i Maestri Artigiani insegnano e accompagnano i ragazzi nella realizzazione di prodotti d\u2019eccellenza.<\/strong><\/p>\n<p><strong>L&#8217;esposizione sar\u00e0 aperta al pubblico da 13 al 17 aprile presso la Palazzina Esedra.<\/strong><\/p>\n<p><em><strong>Credits VanityFair.it<\/strong><\/em><\/p>\n<p><a href=\"https:\/\/puntocometa.dev\/wp-content\/uploads\/2016\/04\/b3e3fde0-53e7-4c7a-b229-a0ce6faec9dc.jpg\"><img fetchpriority=\"high\" decoding=\"async\" class=\"aligncenter size-full wp-image-14032\" src=\"https:\/\/puntocometa.dev\/wp-content\/uploads\/2016\/04\/b3e3fde0-53e7-4c7a-b229-a0ce6faec9dc.jpg\" alt=\"b3e3fde0-53e7-4c7a-b229-a0ce6faec9dc\" width=\"1350\" height=\"900\" title=\"\"><\/a><a href=\"https:\/\/puntocometa.dev\/wp-content\/uploads\/2016\/04\/a65b29ab-c343-482f-a8bb-214093052493.jpg\"><img decoding=\"async\" class=\"aligncenter size-full wp-image-14033\" src=\"https:\/\/puntocometa.dev\/wp-content\/uploads\/2016\/04\/a65b29ab-c343-482f-a8bb-214093052493.jpg\" alt=\"a65b29ab-c343-482f-a8bb-214093052493\" width=\"636\" height=\"900\" title=\"\"><\/a><a href=\"https:\/\/puntocometa.dev\/wp-content\/uploads\/2016\/04\/d68a4546-4724-4f31-8be7-a8f16ddae05a.jpg\"><img decoding=\"async\" class=\"aligncenter size-full wp-image-14034\" src=\"https:\/\/puntocometa.dev\/wp-content\/uploads\/2016\/04\/d68a4546-4724-4f31-8be7-a8f16ddae05a.jpg\" alt=\"d68a4546-4724-4f31-8be7-a8f16ddae05a\" width=\"636\" height=\"900\" title=\"\"><\/a><\/p>\n","protected":false},"excerpt":{"rendered":"<p>Mobili e complementi d&#8217;arredo possono prendere vita da legno di botte esausto e ferro dismesso. \u00c8 quello che hanno fatto i ragazzi di Cometa Formazione, le cui creazioni saranno in mostra durante il Salone del Mobile Il Salone del Mobile \u00e8 alle porte e oltre al consueto polo fieristico, anche il centro di Milano \u00e8 [&hellip;]<\/p>\n","protected":false},"author":10,"featured_media":14031,"comment_status":"open","ping_status":"open","sticky":false,"template":"","format":"standard","meta":{"_acf_changed":false,"give_campaign_id":0,"footnotes":""},"categories":[122],"tags":[],"class_list":["post-14030","post","type-post","status-publish","format-standard","has-post-thumbnail","hentry","category-news"],"acf":[],"_links":{"self":[{"href":"https:\/\/puntocometa.dev\/es\/wp-json\/wp\/v2\/posts\/14030","targetHints":{"allow":["GET"]}}],"collection":[{"href":"https:\/\/puntocometa.dev\/es\/wp-json\/wp\/v2\/posts"}],"about":[{"href":"https:\/\/puntocometa.dev\/es\/wp-json\/wp\/v2\/types\/post"}],"author":[{"embeddable":true,"href":"https:\/\/puntocometa.dev\/es\/wp-json\/wp\/v2\/users\/10"}],"replies":[{"embeddable":true,"href":"https:\/\/puntocometa.dev\/es\/wp-json\/wp\/v2\/comments?post=14030"}],"version-history":[{"count":0,"href":"https:\/\/puntocometa.dev\/es\/wp-json\/wp\/v2\/posts\/14030\/revisions"}],"wp:attachment":[{"href":"https:\/\/puntocometa.dev\/es\/wp-json\/wp\/v2\/media?parent=14030"}],"wp:term":[{"taxonomy":"category","embeddable":true,"href":"https:\/\/puntocometa.dev\/es\/wp-json\/wp\/v2\/categories?post=14030"},{"taxonomy":"post_tag","embeddable":true,"href":"https:\/\/puntocometa.dev\/es\/wp-json\/wp\/v2\/tags?post=14030"}],"curies":[{"name":"wp","href":"https:\/\/api.w.org\/{rel}","templated":true}]}}