{"id":12477,"date":"2015-10-03T23:19:12","date_gmt":"2015-10-03T21:19:12","guid":{"rendered":"https:\/\/puntocometa.dev\/?p=12477"},"modified":"2015-10-03T23:19:12","modified_gmt":"2015-10-03T21:19:12","slug":"social-innovation-in-cometa-2","status":"publish","type":"post","link":"https:\/\/puntocometa.dev\/es\/social-innovation-in-cometa-2\/","title":{"rendered":"SOCIAL INNOVATION IN COMETA"},"content":{"rendered":"<h3><strong>Dentro il mondo che cambia<\/strong><\/h3>\n<p>La Via Italiana alla Social Innovation, in occasione della seconda edizione, intende confermarsi come\u00a0<strong>hub internazionale di idee e proposte<\/strong>\u00a0al servizio delle crescenti emergenze sociali dell\u2019attuale contesto storico e culturale.<\/p>\n<p>Dopo il successo della prima edizione, Cometa e Fondazione Vodafone, con il sostegno de Il Sole 24 Ore e Vetrya, intendono proseguire il lavoro di dialogo e confronto sul tema della Social Innovation per contribuire al cambiamento in atto.<\/p>\n<p>L\u2019affermarsi dell\u2019attuale profondo mutamento sociale, la\u00a0<strong>\u201csociet\u00e0 liquida\u201d<\/strong>, pone infatti nuove sfide e opportunit\u00e0 per tutti. Anche quest\u2019anno il confronto \u00e8 stato tra alcuni protagonisti dell\u2019innovazione sociale per dare slancio alla\u00a0<strong>ricerca di nuove strade, in nuovi contesti, per nuovi problemi.<\/strong><\/p>\n<p>I lavori sono stati introdotti da un dialogo con\u00a0<strong>Zygmunt Bauman<\/strong>\u00a0intervistato da\u00a0<strong>Juan Carlos De Martin<\/strong>\u00a0per un quadro della cambiamento epocale in atto e delle sue conseguenze visibili.<\/p>\n<p>Nella stagione della decostruzione occorre anzitutto, per dirla con Bauman, una \u201cgenuina rivoluzione culturale\u201d che, nel riscoprire la posizione pi\u00f9 vera dell\u2019uomo di fronte all\u2019ordine della natura, permetta un lavoro di ricostruzione della persona e della societ\u00e0 come rete di persone. Per questo,\u00a0<strong>Giorgio Vittadini<\/strong>, presidente della Fondazione per la Sussidiariet\u00e0, ha introdotto il tema del realismo come metodo di conoscenza ed opportunit\u00e0 di ricostruzione.<\/p>\n<p>Come l\u2019innovazione sociale pu\u00f2 offrire una risposta concreta in ambito economico, educativo e lavorativo, al cambiamento sociale in atto? La tavola rotonda ha offerto spunti importanti grazie alla partecipazione di voci illustri del panorama italiano e internazionale.<\/p>\n<p>Per il mondo dell\u2019impresa \u00e8 intervenuto\u00a0<strong>Stefano Micelli<\/strong>, noto studioso del rapporto tra creativit\u00e0 e sviluppo economico.<\/p>\n<p>Il lavoro, inteso come rapporto organico con la realt\u00e0, pu\u00f2 costituire attualmente il pi\u00f9 potente elemento di cambiamento ed innovazione del settore educativo, come \u00e8 emerso nelle esperienze di\u00a0<strong>Roberto Peverelli<\/strong>, dirigente scolastico dell\u2019I.S.I.S. Paolo Carcano di Como, e\u00a0<strong>Vincenzo Sibillo<\/strong>, preside dell\u2019Istituto Leone XIII di Milano. Una proposta interessante \u00e8 stata lanciata da\u00a0<strong>Carlo Ossola<\/strong>, docente presso il Coll\u00e8ge de France e l\u2019Universit\u00e0 della Svizzera Italiana: \u00e8 l\u2019innovativo progetto del Liceo Artigianale, un liceo scientifico delle scienze applicate, nato nell\u2019ambito della Scuola Oliver Twist di <a href=\"https:\/\/puntocometa.dev\/cometa-formazione\/\">Cometa Formazione<\/a>, che vuole rifondare il distintivo patrimonio culturale della nostra tradizione ripartendo da un apprendimento esperienziale.<\/p>\n<p>Il <a href=\"https:\/\/puntocometa.dev\/liceo-artigianale\/\">Liceo Artigianale<\/a>\u00a0sar\u00e0 il primo liceo candidato all\u2019apprendistato grazie alle nuove disposizioni introdotte dalle riforme de \u201cLa Buona Scuola\u201d e del \u201cJob Act\u201d.<br \/>\nLe conclusioni dei lavori sono state affidate all\u2019on.\u00a0<strong>Gabriele Toccafondi<\/strong>, sottosegretario del MIUR.<\/p>\n<h3>PARTNER:\u00a0Fondazione Vodafone<br \/>\nCon il sostegno di: Gruppo 24ore<br \/>\nPATROCINIO: Regione Lombardia, MIUR, Comune di Como<\/h3>\n<p><a href=\"https:\/\/puntocometa.dev\/wp-content\/uploads\/2015\/09\/CS-convegno-Social-Innovation-2-ed-.pdf\" target=\"_blank\" rel=\"noopener noreferrer\">QUI IL COMUNICATO STAMPA<\/a><\/p>\n<p><a href=\"http:\/\/www.ilsole24ore.com\/art\/notizie\/2015-10-02\/dentro-mondo-che-cambia-como-convegno-il-sociologo-bauman--141641.shtml?uuid=\" target=\"_blank\" rel=\"noopener noreferrer nofollow\">ARTICOLO SOLE24ORE<\/a>:\u00a0<strong>Dentro il mondo che cambia: a Como convegno con il sociologo Bauman<\/strong><\/p>\n<p><a href=\"http:\/\/www.vita.it\/it\/article\/2015\/09\/29\/lartigianale-di-cometa-primo-liceo-dove-si-fara-apprendistato\/136709\/\" target=\"_blank\" rel=\"noopener noreferrer nofollow\">ARTICOLO VITA.IT\u00a0<\/a><strong>L&#8217;Artigianale di Cometa primo liceo dove si far\u00e0 apprendistato<\/strong><\/p>\n<p><a href=\"https:\/\/youtu.be\/nuLRO6zbrlY\" target=\"_blank\" rel=\"noopener noreferrer nofollow\">ESPANSIONE TV &#8211; LIBERO 24X7<\/a>\u00a0&#8211; \u00a0<strong>Zygmut Bauman a Como<\/strong><\/p>\n<p><a href=\"https:\/\/puntocometa.dev\/wp-content\/uploads\/2015\/10\/La-Provincia-4-ottobre_definizione-600.pdf\" target=\"_blank\" rel=\"noopener noreferrer\">ARTICOLO LA PROVINCIA<\/a>\u00a0<strong>La saggezza perduta ai tempi di Internet. Bauman ospite della Cometa\u00a0<a href=\"https:\/\/puntocometa.dev\/wp-content\/uploads\/2015\/10\/La-Provincia-4-ottobre_definizione-600.pdf\" target=\"_blank\" rel=\"noopener noreferrer\"><span style=\"color: #444444; font-size: 1rem;\"><br \/>\n<\/span><\/a><\/strong><\/p>\n<p><a href=\"https:\/\/puntocometa.dev\/wp-content\/uploads\/2015\/10\/151003001.jpg\"><img fetchpriority=\"high\" decoding=\"async\" class=\"alignnone size-medium wp-image-12486\" src=\"https:\/\/puntocometa.dev\/wp-content\/uploads\/2015\/10\/151003001-320x483.jpg\" alt=\"151003001\" width=\"320\" height=\"483\" title=\"\"><\/a> <a href=\"https:\/\/puntocometa.dev\/wp-content\/uploads\/2015\/10\/151003002.jpg\"><img decoding=\"async\" class=\"alignnone size-medium wp-image-12487\" src=\"https:\/\/puntocometa.dev\/wp-content\/uploads\/2015\/10\/151003002-320x481.jpg\" alt=\"Como Cometa convegno &quot;La via italiana alla Social Innovation - dentro il mondo che cambia&quot; con Zygmunt Bauman\" width=\"320\" height=\"481\" title=\"\"><\/a><a href=\"https:\/\/puntocometa.dev\/wp-content\/uploads\/2015\/10\/151003003.jpg\"><img decoding=\"async\" class=\"alignnone size-medium wp-image-12489\" src=\"https:\/\/puntocometa.dev\/wp-content\/uploads\/2015\/10\/151003003-320x226.jpg\" alt=\"Como Cometa convegno &quot;La via italiana alla Social Innovation - dentro il mondo che cambia&quot; con Zygmunt Bauman\" width=\"320\" height=\"226\" title=\"\"><\/a> <a href=\"https:\/\/puntocometa.dev\/wp-content\/uploads\/2015\/10\/151003004.jpg\"><img loading=\"lazy\" decoding=\"async\" class=\"alignnone size-medium wp-image-12490\" src=\"https:\/\/puntocometa.dev\/wp-content\/uploads\/2015\/10\/151003004-320x211.jpg\" alt=\"Como Cometa convegno &quot;La via italiana alla Social Innovation - dentro il mondo che cambia&quot; con Zygmunt Bauman\" width=\"320\" height=\"211\" title=\"\"><\/a><\/p>\n<h3><strong><a href=\"https:\/\/puntocometa.dev\/wp-content\/uploads\/2015\/10\/151003005.jpg\"><img loading=\"lazy\" decoding=\"async\" src=\"https:\/\/puntocometa.dev\/wp-content\/uploads\/2015\/10\/151003005-320x219.jpg\" alt=\"Como Cometa convegno &quot;La via italiana alla Social Innovation - dentro il mondo che cambia&quot; con Zygmunt Bauman\" width=\"320\" height=\"219\" title=\"\"><\/a>\u00a0<a href=\"https:\/\/puntocometa.dev\/wp-content\/uploads\/2015\/10\/151003006.jpg\"><img loading=\"lazy\" decoding=\"async\" src=\"https:\/\/puntocometa.dev\/wp-content\/uploads\/2015\/10\/151003006-320x216.jpg\" alt=\"Como Cometa convegno &quot;La via italiana alla Social Innovation - dentro il mondo che cambia&quot; con Zygmunt Bauman\" width=\"320\" height=\"216\" title=\"\"><\/a><a href=\"https:\/\/puntocometa.dev\/wp-content\/uploads\/2015\/10\/151003014.jpg\"><img loading=\"lazy\" decoding=\"async\" src=\"https:\/\/puntocometa.dev\/wp-content\/uploads\/2015\/10\/151003014-320x215.jpg\" alt=\"Como Cometa convegno &quot;La via italiana alla Social Innovation - dentro il mondo che cambia&quot; con Zygmunt Bauman\" width=\"320\" height=\"215\" title=\"\"><\/a>\u00a0<a href=\"https:\/\/puntocometa.dev\/wp-content\/uploads\/2015\/10\/151003015.jpg\"><img loading=\"lazy\" decoding=\"async\" src=\"https:\/\/puntocometa.dev\/wp-content\/uploads\/2015\/10\/151003015-320x211.jpg\" alt=\"Como Cometa convegno &quot;La via italiana alla Social Innovation - dentro il mondo che cambia&quot; con Zygmunt Bauman\" width=\"320\" height=\"211\" title=\"\"><\/a>\u00a0<a href=\"https:\/\/puntocometa.dev\/wp-content\/uploads\/2015\/10\/151003017.jpg\"><img loading=\"lazy\" decoding=\"async\" src=\"https:\/\/puntocometa.dev\/wp-content\/uploads\/2015\/10\/151003017-320x215.jpg\" alt=\"Como Cometa convegno &quot;La via italiana alla Social Innovation - dentro il mondo che cambia&quot; con Zygmunt Bauman, l&#039;intervento del sottosegretario Gabriele Toccafondi\" width=\"320\" height=\"215\" title=\"\"><\/a><a href=\"https:\/\/puntocometa.dev\/wp-content\/uploads\/2015\/10\/151003013.jpg\"><img loading=\"lazy\" decoding=\"async\" src=\"https:\/\/puntocometa.dev\/wp-content\/uploads\/2015\/10\/151003013-320x219.jpg\" alt=\"Como Cometa convegno &quot;La via italiana alla Social Innovation - dentro il mondo che cambia&quot; con Zygmunt Bauman\" width=\"320\" height=\"219\" title=\"\"><\/a><\/strong><\/h3>\n<p>&nbsp;<\/p>\n","protected":false},"excerpt":{"rendered":"<p>Dentro il mondo che cambia La Via Italiana alla Social Innovation, in occasione della seconda edizione, intende confermarsi come\u00a0hub internazionale di idee e proposte\u00a0al servizio delle crescenti emergenze sociali dell\u2019attuale contesto storico e culturale. Dopo il successo della prima edizione, Cometa e Fondazione Vodafone, con il sostegno de Il Sole 24 Ore e Vetrya, intendono [&hellip;]<\/p>\n","protected":false},"author":10,"featured_media":12478,"comment_status":"open","ping_status":"open","sticky":false,"template":"","format":"standard","meta":{"_acf_changed":false,"give_campaign_id":0,"footnotes":""},"categories":[122],"tags":[],"class_list":["post-12477","post","type-post","status-publish","format-standard","has-post-thumbnail","hentry","category-news"],"acf":[],"_links":{"self":[{"href":"https:\/\/puntocometa.dev\/es\/wp-json\/wp\/v2\/posts\/12477","targetHints":{"allow":["GET"]}}],"collection":[{"href":"https:\/\/puntocometa.dev\/es\/wp-json\/wp\/v2\/posts"}],"about":[{"href":"https:\/\/puntocometa.dev\/es\/wp-json\/wp\/v2\/types\/post"}],"author":[{"embeddable":true,"href":"https:\/\/puntocometa.dev\/es\/wp-json\/wp\/v2\/users\/10"}],"replies":[{"embeddable":true,"href":"https:\/\/puntocometa.dev\/es\/wp-json\/wp\/v2\/comments?post=12477"}],"version-history":[{"count":0,"href":"https:\/\/puntocometa.dev\/es\/wp-json\/wp\/v2\/posts\/12477\/revisions"}],"wp:attachment":[{"href":"https:\/\/puntocometa.dev\/es\/wp-json\/wp\/v2\/media?parent=12477"}],"wp:term":[{"taxonomy":"category","embeddable":true,"href":"https:\/\/puntocometa.dev\/es\/wp-json\/wp\/v2\/categories?post=12477"},{"taxonomy":"post_tag","embeddable":true,"href":"https:\/\/puntocometa.dev\/es\/wp-json\/wp\/v2\/tags?post=12477"}],"curies":[{"name":"wp","href":"https:\/\/api.w.org\/{rel}","templated":true}]}}