{"id":12219,"date":"2015-09-12T18:52:18","date_gmt":"2015-09-12T16:52:18","guid":{"rendered":"https:\/\/puntocometa.dev\/?p=12219"},"modified":"2015-09-12T18:52:18","modified_gmt":"2015-09-12T16:52:18","slug":"protagonisti-spazio-anagramma","status":"publish","type":"post","link":"https:\/\/puntocometa.dev\/es\/protagonisti-spazio-anagramma\/","title":{"rendered":"PROTAGONISTI ALLO SPAZIO ANAGRAMMA"},"content":{"rendered":"<p><strong>Seguici sulla pagina Facebook dello Spazio Anagramma!<\/strong><\/p>\n<p><strong>Ecco a voi il primo capitolo di\u00a0<a href=\"https:\/\/www.facebook.com\/hashtag\/anagrammadacopertina?source=feed_text&amp;story_id=1676040152641276\" data-ft=\"{&quot;tn&quot;:&quot;*N&quot;,&quot;type&quot;:104}\" rel=\"nofollow noopener\" target=\"_blank\">\u202a#\u200eAnagrammadacopertina\u202c<\/a>, la rubrica con i vostri scatti pi\u00f9 belli allo Spazio Anagramma.<\/strong><br \/>\n<strong>Fate una recensione e caricate una foto ENTRO IL 30 SETTEMBRE.<\/strong><br \/>\n<strong>Votate le foto che preferite.<\/strong><br \/>\n<strong>Quella che ricever\u00e0 pi\u00f9 like diventer\u00e0 la cover della nostra pagina Facebook!<\/strong><\/p>\n<p><strong>Alcune foto dell&#8217;ALBUM:<\/strong><\/p>\n<p><a href=\"https:\/\/puntocometa.dev\/wp-content\/uploads\/2015\/09\/anagramma-di-Gi\u00f2.jpg\"><img fetchpriority=\"high\" decoding=\"async\" class=\"alignnone size-medium wp-image-12221\" src=\"https:\/\/puntocometa.dev\/wp-content\/uploads\/2015\/09\/anagramma-di-Gi\u00f2-320x320.jpg\" alt=\"anagramma di Gi\u00f2\" width=\"320\" height=\"320\" title=\"\"><\/a> <a href=\"https:\/\/puntocometa.dev\/wp-content\/uploads\/2015\/09\/anagramma-di-Patty.jpg\"><img decoding=\"async\" class=\"alignnone size-medium wp-image-12222\" src=\"https:\/\/puntocometa.dev\/wp-content\/uploads\/2015\/09\/anagramma-di-Patty-320x240.jpg\" alt=\"anagramma di Patty\" width=\"320\" height=\"240\" title=\"\"><\/a> <a href=\"https:\/\/puntocometa.dev\/wp-content\/uploads\/2015\/09\/Anagramma-di-Victor.jpg\"><img decoding=\"async\" class=\"alignnone size-medium wp-image-12223\" src=\"https:\/\/puntocometa.dev\/wp-content\/uploads\/2015\/09\/Anagramma-di-Victor-320x426.jpg\" alt=\"Anagramma di Victor\" width=\"320\" height=\"426\" title=\"\"><\/a><\/p>\n","protected":false},"excerpt":{"rendered":"<p>Seguici sulla pagina Facebook dello Spazio Anagramma! Ecco a voi il primo capitolo di\u00a0\u202a#\u200eAnagrammadacopertina\u202c, la rubrica con i vostri scatti pi\u00f9 belli allo Spazio Anagramma. Fate una recensione e caricate una foto ENTRO IL 30 SETTEMBRE. Votate le foto che preferite. Quella che ricever\u00e0 pi\u00f9 like diventer\u00e0 la cover della nostra pagina Facebook! Alcune foto [&hellip;]<\/p>\n","protected":false},"author":10,"featured_media":12220,"comment_status":"open","ping_status":"open","sticky":false,"template":"","format":"standard","meta":{"_acf_changed":false,"give_campaign_id":0,"footnotes":""},"categories":[122],"tags":[],"class_list":["post-12219","post","type-post","status-publish","format-standard","has-post-thumbnail","hentry","category-news"],"acf":[],"_links":{"self":[{"href":"https:\/\/puntocometa.dev\/es\/wp-json\/wp\/v2\/posts\/12219","targetHints":{"allow":["GET"]}}],"collection":[{"href":"https:\/\/puntocometa.dev\/es\/wp-json\/wp\/v2\/posts"}],"about":[{"href":"https:\/\/puntocometa.dev\/es\/wp-json\/wp\/v2\/types\/post"}],"author":[{"embeddable":true,"href":"https:\/\/puntocometa.dev\/es\/wp-json\/wp\/v2\/users\/10"}],"replies":[{"embeddable":true,"href":"https:\/\/puntocometa.dev\/es\/wp-json\/wp\/v2\/comments?post=12219"}],"version-history":[{"count":0,"href":"https:\/\/puntocometa.dev\/es\/wp-json\/wp\/v2\/posts\/12219\/revisions"}],"wp:attachment":[{"href":"https:\/\/puntocometa.dev\/es\/wp-json\/wp\/v2\/media?parent=12219"}],"wp:term":[{"taxonomy":"category","embeddable":true,"href":"https:\/\/puntocometa.dev\/es\/wp-json\/wp\/v2\/categories?post=12219"},{"taxonomy":"post_tag","embeddable":true,"href":"https:\/\/puntocometa.dev\/es\/wp-json\/wp\/v2\/tags?post=12219"}],"curies":[{"name":"wp","href":"https:\/\/api.w.org\/{rel}","templated":true}]}}