{"id":11021,"date":"2015-05-03T18:59:21","date_gmt":"2015-05-03T16:59:21","guid":{"rendered":"https:\/\/puntocometa.dev\/?p=11021"},"modified":"2015-05-03T18:59:21","modified_gmt":"2015-05-03T16:59:21","slug":"al-lavoro-al-baradello","status":"publish","type":"post","link":"https:\/\/puntocometa.dev\/es\/al-lavoro-al-baradello\/","title":{"rendered":"AL LAVORO AL BARADELLO"},"content":{"rendered":"<p><strong>La Torre del Baradello \u00e8 un simbolo di Como, perch\u00e9 si vede da ogni parte della citt\u00e0 e ne rappresenta la storia.<\/strong><br \/>\n<strong>Si trova nel parco Spina Verde.<\/strong><\/p>\n<p><strong>In occasione dell\u2019EXPO 2015 <a href=\"https:\/\/puntocometa.dev\/cometa-formazione\/\">Cometa Formazione<\/a>\u00a0con la Scuola Oliver Twist hanno ricevuto l\u2019incarico di realizzare gli arredi interni della Torre.<\/strong><br \/>\n<strong>Sono stati interamente progettati da Erasmo Figini e ora sono in fase di realizzazione presso <\/strong><a href=\"https:\/\/puntocometa.dev\/home\/cosa-facciamo\/scuola-e-formazione\/scuola-professionale\/bottega-del-legno\/contrada-degli-artigiani\/\" target=\"_blank\" rel=\"noopener noreferrer\">Contrada degli Artigiani,<\/a>\u00a0<strong>la Bottega del Legno di Cometa Formazione.<\/strong><\/p>\n<p><strong>Si lavora anche il sabato\u00a0per fare in tempo: a fine mese sono previste le prime visite guidate.<\/strong><br \/>\n<strong>Ma la notizia pi\u00f9 straordinaria \u00e8 che attraverso commesse come quella del Baradello o quella del Salone del Mobile, che ha appena chiuso i battenti, i nostri ragazzi fanno esperienze vere di impegno, di occupabilit\u00e0, chiedendo loro stessi di venire a lavorare (anche) il sabato e dimenticando di guardare l&#8217;orologio(!).<\/strong><\/p>\n<p><strong>I manufatti danno lustro alla Scuola ma l\u00bbesperienza dei ragazzi d\u00e0 loro un futuro.<\/strong><br \/>\n<strong>QUI<\/strong> <a href=\"https:\/\/puntocometa.dev\/\u2026\/progetti-c\u2026\/progetto-baradello\/\" target=\"_blank\" rel=\"noopener noreferrer\">LA STORIA DEL PROGETTO\u00a0<\/a><\/p>\n","protected":false},"excerpt":{"rendered":"<p>La Torre del Baradello \u00e8 un simbolo di Como, perch\u00e9 si vede da ogni parte della citt\u00e0 e ne rappresenta la storia. Si trova nel parco Spina Verde. In occasione dell\u2019EXPO 2015 Cometa Formazione\u00a0con la Scuola Oliver Twist hanno ricevuto l\u2019incarico di realizzare gli arredi interni della Torre. Sono stati interamente progettati da Erasmo Figini [&hellip;]<\/p>\n","protected":false},"author":10,"featured_media":11022,"comment_status":"open","ping_status":"open","sticky":false,"template":"","format":"standard","meta":{"_acf_changed":false,"give_campaign_id":0,"footnotes":""},"categories":[122],"tags":[],"class_list":["post-11021","post","type-post","status-publish","format-standard","has-post-thumbnail","hentry","category-news"],"acf":[],"_links":{"self":[{"href":"https:\/\/puntocometa.dev\/es\/wp-json\/wp\/v2\/posts\/11021","targetHints":{"allow":["GET"]}}],"collection":[{"href":"https:\/\/puntocometa.dev\/es\/wp-json\/wp\/v2\/posts"}],"about":[{"href":"https:\/\/puntocometa.dev\/es\/wp-json\/wp\/v2\/types\/post"}],"author":[{"embeddable":true,"href":"https:\/\/puntocometa.dev\/es\/wp-json\/wp\/v2\/users\/10"}],"replies":[{"embeddable":true,"href":"https:\/\/puntocometa.dev\/es\/wp-json\/wp\/v2\/comments?post=11021"}],"version-history":[{"count":0,"href":"https:\/\/puntocometa.dev\/es\/wp-json\/wp\/v2\/posts\/11021\/revisions"}],"wp:attachment":[{"href":"https:\/\/puntocometa.dev\/es\/wp-json\/wp\/v2\/media?parent=11021"}],"wp:term":[{"taxonomy":"category","embeddable":true,"href":"https:\/\/puntocometa.dev\/es\/wp-json\/wp\/v2\/categories?post=11021"},{"taxonomy":"post_tag","embeddable":true,"href":"https:\/\/puntocometa.dev\/es\/wp-json\/wp\/v2\/tags?post=11021"}],"curies":[{"name":"wp","href":"https:\/\/api.w.org\/{rel}","templated":true}]}}