{"id":1008750,"date":"2026-04-28T11:11:41","date_gmt":"2026-04-28T09:11:41","guid":{"rendered":"https:\/\/puntocometa.dev\/?p=1008750"},"modified":"2026-04-28T11:35:22","modified_gmt":"2026-04-28T09:35:22","slug":"accogliere-cambia-le-storie-tavolo-nazionale-affido","status":"publish","type":"post","link":"https:\/\/puntocometa.dev\/es\/accogliere-cambia-le-storie-tavolo-nazionale-affido\/","title":{"rendered":"Accogliere cambia le storie &#8211; Tavolo Nazionale Affido"},"content":{"rendered":"\n<p class=\"wp-block-paragraph\"><em>\u201cL\u2019affido comincia quando una famiglia apre la porta di casa e, insieme, apre la propria vita. \u00c8 da qui che tutto prende forma e si impara che i figli sono un dono, non qualcosa che possediamo. E questo rende pi\u00f9 vera la vita di tutti: di chi accoglie, di chi \u00e8 accolto, di chi accompagna.\u201d<\/em><\/p>\n\n\n\n<p class=\"wp-block-paragraph\"><\/p>\n\n\n\n<p class=\"wp-block-paragraph\">Il 5 maggio a Roma <strong>parteciperemo al Tavolo Nazionale Affido<em> \u201cAccogliere cambia le storie\u201d,<\/em><\/strong> per riflettere insieme e <strong>proseguire il percorso costruito negli anni dal Tavolo Nazionale Affido<\/strong> nel dialogo con le istituzioni come occasione per <strong>promuovere una cultura dell\u2019accoglienza e della corresponsabilit\u00e0.<\/strong><\/p>\n\n\n\n<p class=\"wp-block-paragraph\">Interverranno:<\/p>\n\n\n\n<ul class=\"wp-block-list\">\n<li><strong>Eugenia Roccella <\/strong>&#8211; <em>Ministra per la famiglia, la natalit\u00e0 e le pari opportunit\u00e0<\/em><\/li>\n\n\n\n<li><strong>Maria Teresa Bellucci<\/strong> &#8211; <em>Viceministro del Lavoro e delle Politiche Sociali<\/em><\/li>\n\n\n\n<li><strong>Marina Terragni <\/strong>&#8211; <em>autorit\u00e0 garante PER l\u2019infanzia e PER l\u2019adolescenza<\/em><\/li>\n\n\n\n<li><strong>Pasqualina Straface <\/strong>&#8211; <em>conferenza DELLE regioni &#8211; commissione Politiche sociali<\/em><\/li>\n\n\n\n<li><strong>Vittoria Ferdinandi<\/strong> &#8211; <em>sindaca di Perugia &#8211; delegata Anci<\/em><\/li>\n<\/ul>\n\n\n\n<p class=\"wp-block-paragraph\">A seguire:<\/p>\n\n\n\n<ul class=\"wp-block-list\">\n<li><strong>Raffella Iafrate<\/strong> &#8211; <em>docente di psicologia sociale &#8211; delegata pari opportunit\u00e0 Universit\u00e0 Cattolica Milano<\/em><\/li>\n\n\n\n<li><strong>Arianna Saulini<\/strong> &#8211; <em>Coordinatrice Gruppo di Lavoro per la Convenzione sui diritti dell&#8217;infanzia e dell&#8217;adolescenza (Gruppo CRC)<\/em><\/li>\n<\/ul>\n\n\n\n<p class=\"wp-block-paragraph\">L\u2019incontro sar\u00e0 <strong>moderato da<\/strong> <strong>Giampaolo Cerri,<\/strong> caporedattore di Vita, e sar\u00e0 arricchito da alcune<strong> letture dell\u2019attore Matteo di Maggio<\/strong>.<\/p>\n\n\n\n<div class=\"wp-block-buttons is-layout-flex wp-block-buttons-is-layout-flex\">\n<div class=\"wp-block-button\"><a class=\"wp-block-button__link has-white-color has-text-color has-link-color wp-element-button\" href=\"https:\/\/puntocometa.dev\/wp-content\/uploads\/2026\/04\/TNA-Convegno5maggio2026.pdf\">scarica la locandina<\/a><\/div>\n<\/div>\n\n\n\n<p class=\"wp-block-paragraph\"><\/p>\n","protected":false},"excerpt":{"rendered":"<p>\u201cL\u2019affido comincia quando una famiglia apre la porta di casa e, insieme, apre la propria vita. \u00c8 da qui che tutto prende forma e si impara che i figli sono un dono, non qualcosa che possediamo. E questo rende pi\u00f9 vera la vita di tutti: di chi accoglie, di chi \u00e8 accolto, di chi accompagna.\u201d [&hellip;]<\/p>\n","protected":false},"author":15,"featured_media":1008755,"comment_status":"open","ping_status":"open","sticky":false,"template":"","format":"standard","meta":{"_acf_changed":false,"give_campaign_id":0,"footnotes":""},"categories":[1],"tags":[],"class_list":["post-1008750","post","type-post","status-publish","format-standard","has-post-thumbnail","hentry","category-senza-categoria"],"acf":[],"_links":{"self":[{"href":"https:\/\/puntocometa.dev\/es\/wp-json\/wp\/v2\/posts\/1008750","targetHints":{"allow":["GET"]}}],"collection":[{"href":"https:\/\/puntocometa.dev\/es\/wp-json\/wp\/v2\/posts"}],"about":[{"href":"https:\/\/puntocometa.dev\/es\/wp-json\/wp\/v2\/types\/post"}],"author":[{"embeddable":true,"href":"https:\/\/puntocometa.dev\/es\/wp-json\/wp\/v2\/users\/15"}],"replies":[{"embeddable":true,"href":"https:\/\/puntocometa.dev\/es\/wp-json\/wp\/v2\/comments?post=1008750"}],"version-history":[{"count":5,"href":"https:\/\/puntocometa.dev\/es\/wp-json\/wp\/v2\/posts\/1008750\/revisions"}],"predecessor-version":[{"id":1008761,"href":"https:\/\/puntocometa.dev\/es\/wp-json\/wp\/v2\/posts\/1008750\/revisions\/1008761"}],"wp:featuredmedia":[{"embeddable":true,"href":"https:\/\/puntocometa.dev\/es\/wp-json\/wp\/v2\/media\/1008755"}],"wp:attachment":[{"href":"https:\/\/puntocometa.dev\/es\/wp-json\/wp\/v2\/media?parent=1008750"}],"wp:term":[{"taxonomy":"category","embeddable":true,"href":"https:\/\/puntocometa.dev\/es\/wp-json\/wp\/v2\/categories?post=1008750"},{"taxonomy":"post_tag","embeddable":true,"href":"https:\/\/puntocometa.dev\/es\/wp-json\/wp\/v2\/tags?post=1008750"}],"curies":[{"name":"wp","href":"https:\/\/api.w.org\/{rel}","templated":true}]}}