{"id":9635,"date":"2015-02-08T17:34:49","date_gmt":"2015-02-08T16:34:49","guid":{"rendered":"https:\/\/puntocometa.dev\/?p=9635"},"modified":"2015-02-08T17:34:49","modified_gmt":"2015-02-08T16:34:49","slug":"musikschule-grunwald-cometa","status":"publish","type":"post","link":"https:\/\/puntocometa.dev\/en\/musikschule-grunwald-cometa\/","title":{"rendered":"Musikschule Gr\u00fcnwald e Cometa"},"content":{"rendered":"<h2>7 FEBBRAIO 2015<\/h2>\n<p><strong>Ieri sera, presso la magnifica Sala Bianca del Teatro Sociale di Como,\u00a0<\/strong><\/p>\n<p><a href=\"https:\/\/puntocometa.dev\/wp-content\/uploads\/2015\/02\/foto-0.jpg\"><img fetchpriority=\"high\" decoding=\"async\" class=\"alignnone size-medium wp-image-9664\" alt=\"foto 0\" src=\"https:\/\/puntocometa.dev\/wp-content\/uploads\/2015\/02\/foto-0-320x320.jpg\" width=\"320\" height=\"320\" title=\"\"><\/a> <a href=\"https:\/\/puntocometa.dev\/wp-content\/uploads\/2015\/02\/Teatro_Sociale.jpg\"><img decoding=\"async\" class=\"alignnone size-medium wp-image-9665\" alt=\"Teatro_Sociale\" src=\"https:\/\/puntocometa.dev\/wp-content\/uploads\/2015\/02\/Teatro_Sociale-320x320.jpg\" width=\"320\" height=\"320\" title=\"\"><\/a><\/p>\n<p><strong>la Musikschule Gr\u00fcnwald,\u00a0<\/strong><strong>una delle pi\u00f9 prestigiose scuole di musica della Baviera,<\/strong><br \/>\n<strong>ha presentato il programma <\/strong><a href=\"https:\/\/puntocometa.dev\/2015\/02\/02\/concerto-7215-como\/\" target=\"_blank\" rel=\"noopener noreferrer\">DUETTI PER COMETA<strong>,\u00a0<\/strong><\/a><strong>un&#8217;esibizione benefica a favore di Cometa.<\/strong><\/p>\n<p><a href=\"https:\/\/puntocometa.dev\/wp-content\/uploads\/2015\/02\/foto-2.jpg\"><img decoding=\"async\" class=\"alignnone size-medium wp-image-9638\" alt=\"foto 2\" src=\"https:\/\/puntocometa.dev\/wp-content\/uploads\/2015\/02\/foto-2-320x320.jpg\" width=\"320\" height=\"320\" title=\"\"><\/a><a href=\"https:\/\/puntocometa.dev\/wp-content\/uploads\/2015\/02\/foto-3.jpg\"><img loading=\"lazy\" decoding=\"async\" class=\"alignnone size-medium wp-image-9639\" alt=\"foto 3\" src=\"https:\/\/puntocometa.dev\/wp-content\/uploads\/2015\/02\/foto-3-320x320.jpg\" width=\"320\" height=\"320\" title=\"\"><\/a><\/p>\n<p><strong>Emozionante il concerto: giovani musicisti della\u00a0Musikschule Gr\u00fcnwald,\u00a0<\/strong><a href=\"https:\/\/puntocometa.dev\/eventi\/concerto-musikschule-a-como\/\" target=\"_blank\" rel=\"noopener noreferrer\">con opere selezionate dai loro programmi<\/a><strong>,\u00a0hanno regalato al pubblico una straordinaria esibizione.<\/strong><\/p>\n<p><strong><a href=\"https:\/\/puntocometa.dev\/wp-content\/uploads\/2015\/02\/foto-4-bis.jpg\"><img loading=\"lazy\" decoding=\"async\" class=\"alignnone size-medium wp-image-9640\" alt=\"foto 4 bis\" src=\"https:\/\/puntocometa.dev\/wp-content\/uploads\/2015\/02\/foto-4-bis-320x320.jpg\" width=\"320\" height=\"320\" title=\"\"><\/a> <a href=\"https:\/\/puntocometa.dev\/wp-content\/uploads\/2015\/02\/foto-4.jpg\"><img loading=\"lazy\" decoding=\"async\" class=\"alignnone size-medium wp-image-9641\" alt=\"foto 4\" src=\"https:\/\/puntocometa.dev\/wp-content\/uploads\/2015\/02\/foto-4-320x320.jpg\" width=\"320\" height=\"320\" title=\"\"><\/a> <a href=\"https:\/\/puntocometa.dev\/wp-content\/uploads\/2015\/02\/foto-7-bis.jpg\"><img loading=\"lazy\" decoding=\"async\" class=\"alignnone size-medium wp-image-9642\" alt=\"foto 7 bis\" src=\"https:\/\/puntocometa.dev\/wp-content\/uploads\/2015\/02\/foto-7-bis-320x239.jpg\" width=\"320\" height=\"239\" title=\"\"><\/a> <a href=\"https:\/\/puntocometa.dev\/wp-content\/uploads\/2015\/02\/foto-7.jpg\"><img loading=\"lazy\" decoding=\"async\" class=\"alignnone size-medium wp-image-9643\" alt=\"foto 7\" src=\"https:\/\/puntocometa.dev\/wp-content\/uploads\/2015\/02\/foto-7-320x239.jpg\" width=\"320\" height=\"239\" title=\"\"><\/a> <a href=\"https:\/\/puntocometa.dev\/wp-content\/uploads\/2015\/02\/FOTO-8-TRIS.jpg\"><img loading=\"lazy\" decoding=\"async\" class=\"alignnone size-medium wp-image-9657\" alt=\"FOTO 8 TRIS\" src=\"https:\/\/puntocometa.dev\/wp-content\/uploads\/2015\/02\/FOTO-8-TRIS-320x320.jpg\" width=\"320\" height=\"320\" title=\"\"><\/a> <a href=\"https:\/\/puntocometa.dev\/wp-content\/uploads\/2015\/02\/FOTO-8-BIS.jpg\"><img loading=\"lazy\" decoding=\"async\" class=\"alignnone size-medium wp-image-9658\" alt=\"FOTO 8 BIS\" src=\"https:\/\/puntocometa.dev\/wp-content\/uploads\/2015\/02\/FOTO-8-BIS-320x320.jpg\" width=\"320\" height=\"320\" title=\"\"><\/a><a href=\"https:\/\/puntocometa.dev\/wp-content\/uploads\/2015\/02\/foto-9.jpg\"><img loading=\"lazy\" decoding=\"async\" class=\"alignnone size-medium wp-image-9645\" alt=\"foto 9\" src=\"https:\/\/puntocometa.dev\/wp-content\/uploads\/2015\/02\/foto-9-320x240.jpg\" width=\"320\" height=\"240\" title=\"\"><\/a> <a href=\"https:\/\/puntocometa.dev\/wp-content\/uploads\/2015\/02\/foto-10.jpg\"><img loading=\"lazy\" decoding=\"async\" class=\"alignnone size-medium wp-image-9646\" alt=\"foto 10\" src=\"https:\/\/puntocometa.dev\/wp-content\/uploads\/2015\/02\/foto-10-320x240.jpg\" width=\"320\" height=\"240\" title=\"\"><\/a><br \/>\n<\/strong><\/p>\n<h2>VISITA IN COMETA<\/h2>\n<p><strong>Ragazzi e dirigenti della\u00a0Musikschule Gr\u00fcnwald hanno visitato Cometa e stretto una sincera amicizia.<\/strong><strong><\/strong><\/p>\n<p><a href=\"https:\/\/puntocometa.dev\/wp-content\/uploads\/2015\/02\/cena-in-Cometa.jpg\"><img loading=\"lazy\" decoding=\"async\" class=\"size-medium wp-image-9647 aligncenter\" alt=\"cena in Cometa\" src=\"https:\/\/puntocometa.dev\/wp-content\/uploads\/2015\/02\/cena-in-Cometa-320x428.jpg\" width=\"320\" height=\"428\" title=\"\"><\/a><\/p>\n<p><a href=\"https:\/\/puntocometa.dev\/wp-content\/uploads\/2015\/02\/visita-1.jpg\"><img loading=\"lazy\" decoding=\"async\" class=\"alignnone size-medium wp-image-9648\" alt=\"visita 1\" src=\"https:\/\/puntocometa.dev\/wp-content\/uploads\/2015\/02\/visita-1-320x320.jpg\" width=\"320\" height=\"320\" title=\"\"><\/a> <a href=\"https:\/\/puntocometa.dev\/wp-content\/uploads\/2015\/02\/visita-2.jpg\"><img loading=\"lazy\" decoding=\"async\" class=\"alignnone size-medium wp-image-9649\" alt=\"visita 2\" src=\"https:\/\/puntocometa.dev\/wp-content\/uploads\/2015\/02\/visita-2-320x320.jpg\" width=\"320\" height=\"320\" title=\"\"><\/a> <a href=\"https:\/\/puntocometa.dev\/wp-content\/uploads\/2015\/02\/visita-3-bis.jpg\"><img loading=\"lazy\" decoding=\"async\" class=\"alignnone size-medium wp-image-9650\" alt=\"visita 3 bis\" src=\"https:\/\/puntocometa.dev\/wp-content\/uploads\/2015\/02\/visita-3-bis-320x240.jpg\" width=\"320\" height=\"240\" title=\"\"><\/a> <a href=\"https:\/\/puntocometa.dev\/wp-content\/uploads\/2015\/02\/visita-4.jpg\"><img loading=\"lazy\" decoding=\"async\" class=\"alignnone size-medium wp-image-9651\" alt=\"visita 4\" src=\"https:\/\/puntocometa.dev\/wp-content\/uploads\/2015\/02\/visita-4-320x240.jpg\" width=\"320\" height=\"240\" title=\"\"><\/a><\/p>\n<h2>GRAZIE<\/h2>\n<p><strong>Grazie alla Musikschule Gr\u00fcnwald per l\u2019iniziativa da parte di tutta Cometa.<\/strong><\/p>\n<p><strong>Grazie al Teatro Sociale di Como per aver ospitato questa preziosa esibizione.<\/strong><\/p>\n<p><strong><span style=\"color: #808080;\"><em>Gro\u00dfes Benefizkonzert gestern um 18:00 Uhr in Como, Italien. Junge Musiker haben dem Publikum eine au\u00dfergew\u00f6hnliche Auff\u00fchrung mit ausgew\u00e4hlten Werken aus dem eigenen Wettbewerbs-Programm geschenkt. Alle gesammelten Spenden sind zu Gunsten von Cometa. Die gesamte Cometa sagt Vielen Dank der Musikschule Gr\u00fcnwald f\u00fcr die Initiative!<\/em><\/span><\/strong><\/p>\n<p><strong>Arrivederci!<br \/>\n<span style=\"color: #808080;\"><em>Auf wiedersehen!<\/em><\/span><br \/>\n<\/strong><\/p>\n<p>&nbsp;<\/p>\n","protected":false},"excerpt":{"rendered":"<p>7 FEBBRAIO 2015 Ieri sera, presso la magnifica Sala Bianca del Teatro Sociale di Como,\u00a0 la Musikschule Gr\u00fcnwald,\u00a0una delle pi\u00f9 prestigiose scuole di musica della Baviera, ha presentato il programma DUETTI PER COMETA,\u00a0un&#8217;esibizione benefica a favore di Cometa. Emozionante il concerto: giovani musicisti della\u00a0Musikschule Gr\u00fcnwald,\u00a0con opere selezionate dai loro programmi,\u00a0hanno regalato al pubblico una straordinaria [&hellip;]<\/p>\n","protected":false},"author":10,"featured_media":9684,"comment_status":"open","ping_status":"open","sticky":false,"template":"","format":"standard","meta":{"_acf_changed":false,"give_campaign_id":0,"footnotes":""},"categories":[122],"tags":[],"class_list":["post-9635","post","type-post","status-publish","format-standard","has-post-thumbnail","hentry","category-news"],"acf":[],"_links":{"self":[{"href":"https:\/\/puntocometa.dev\/en\/wp-json\/wp\/v2\/posts\/9635","targetHints":{"allow":["GET"]}}],"collection":[{"href":"https:\/\/puntocometa.dev\/en\/wp-json\/wp\/v2\/posts"}],"about":[{"href":"https:\/\/puntocometa.dev\/en\/wp-json\/wp\/v2\/types\/post"}],"author":[{"embeddable":true,"href":"https:\/\/puntocometa.dev\/en\/wp-json\/wp\/v2\/users\/10"}],"replies":[{"embeddable":true,"href":"https:\/\/puntocometa.dev\/en\/wp-json\/wp\/v2\/comments?post=9635"}],"version-history":[{"count":0,"href":"https:\/\/puntocometa.dev\/en\/wp-json\/wp\/v2\/posts\/9635\/revisions"}],"wp:attachment":[{"href":"https:\/\/puntocometa.dev\/en\/wp-json\/wp\/v2\/media?parent=9635"}],"wp:term":[{"taxonomy":"category","embeddable":true,"href":"https:\/\/puntocometa.dev\/en\/wp-json\/wp\/v2\/categories?post=9635"},{"taxonomy":"post_tag","embeddable":true,"href":"https:\/\/puntocometa.dev\/en\/wp-json\/wp\/v2\/tags?post=9635"}],"curies":[{"name":"wp","href":"https:\/\/api.w.org\/{rel}","templated":true}]}}