{"id":40812,"date":"2025-12-10T14:34:04","date_gmt":"2025-12-10T13:34:04","guid":{"rendered":"https:\/\/puntocometa.dev\/?p=40812"},"modified":"2026-02-05T09:05:11","modified_gmt":"2026-02-05T08:05:11","slug":"casa-comunita-alleanze-e-solidarieta-per-laccoglienza","status":"publish","type":"post","link":"https:\/\/puntocometa.dev\/en\/casa-comunita-alleanze-e-solidarieta-per-laccoglienza\/","title":{"rendered":"CASA &#8211; Comunit\u00e0, Alleanze e Solidariet\u00e0 per l&#8217;Accoglienza"},"content":{"rendered":"<p><strong>IL PROGETTO<\/strong><\/p>\n<p>L&#8217;iniziativa vuole promuovere <strong>la cultura dell\u2019accoglienza dei minori e la solidariet\u00e0 familiare<\/strong> al fine di divulgare e intensificare <strong>l\u2019apertura all\u2019affido e all\u2019adozione sul territorio nazionale<\/strong>. Attraverso la <strong>collaborazione tra associazioni<\/strong> che si occupano da anni del tema si vogliono mettere a sistema le <strong>buone prassi<\/strong> e le <strong>esperienze<\/strong> maturate per <strong>sensibilizzare<\/strong> e <strong>accompagnare, in sinergia con le istituzioni pubbliche, i singoli e le famiglie<\/strong>.<\/p>\n<p>La <strong>valorizzazione delle forme di aggregazione<\/strong> tra famiglie accoglienti rendono l\u2019esperienza dell\u2019affido e dell\u2019adozione desiderabile anche per nuove famiglie. L&#8217;iniziativa pone l&#8217;accento sulla <strong>solidariet\u00e0<\/strong>, <strong>l&#8217;utilit\u00e0 sociale, la cooperazione nazionale, l&#8217;educazione e l&#8217;inclusione sociale<\/strong>, mettendo <strong>al centro il valore della persona umana<\/strong>.<\/p>\n<p>Il dialogo tra istituzioni, associazioni e famiglie, pu\u00f2 innescare un processo virtuoso capace di evidenziare gli aspetti generativi dell&#8217;accoglienza dei minori.<\/p>\n<p><strong>LA STRATEGIA, GLI OBIETTIVI E LE ATTIVIT\u00c0<\/strong><\/p>\n<p>La scelta della <strong>metodologia integrata<\/strong> che combina <strong>azioni di sensibilizzazione, formazione e supporto diretto<\/strong> deriva dalla necessit\u00e0 di <strong>affrontare criticit\u00e0 strutturali nel sistema attuale di affido e adozione e di promuovere un cambiamento culturale duraturo<\/strong>.<\/p>\n<p>Le <strong>tre<\/strong> fasi principali della metodologia sono:<\/p>\n<p><strong>1. Sensibilizzazione e Educazione Pubblica: <\/strong><\/p>\n<ul>\n<li>Obiettivo: Informare e sensibilizzare l&#8217;opinione pubblica sull&#8217;importanza dell&#8217;affido e dell&#8217;adozione.<\/li>\n<li>Attivit\u00e0: Campagne mediatiche, eventi pubblici, workshop educativi nelle scuole e comunit\u00e0 locali.<\/li>\n<\/ul>\n<p><strong>2. Formazione e Supporto alle Famiglie: <\/strong><\/p>\n<ul>\n<li>Obiettivo: Preparare e sostenere le famiglie interessate all&#8217;affido e all&#8217;adozione.<\/li>\n<li>Attivit\u00e0: Corsi di formazione, sessioni di consulenza personalizzata, gruppi di sostegno tra pari.<\/li>\n<\/ul>\n<p><strong>3. Supporto Psicologico e Educativo per i Minori: <\/strong><\/p>\n<ul>\n<li>Obiettivo: Fornire un ambiente sicuro e stabile per i minori in situazioni di affido e adozione.<\/li>\n<li>Attivit\u00e0: Servizi di supporto psicologico individuale e di gruppo, attivit\u00e0 educative mirate.<\/li>\n<\/ul>\n<p>&nbsp;<\/p>\n<p><strong>Il progetto CASA &#8211; Comunit\u00e0, Alleanze e Solidariet\u00e0 per l&#8217;Accoglienza \u00e8 realizzato con il finanziamento ministeriale concesso per l\u2019anno 2024 ai sensi dell\u2019art. 72, primo comma, del D.Lgs n. 117 del 2017 <\/strong><strong>s.m.i.<\/strong><\/p>\n<p>&nbsp;<\/p>\n<p><strong><a href=\"http:\/\/https:\/\/servizi.lavoro.gov.it\/Public\/login?retUrl=https:\/\/servizi.lavoro.gov.it\/&amp;App=ServiziHome\" rel=\"nofollow\">\u00a0 \u00a0 \u00a0 \u00a0 \u00a0 \u00a0 <img decoding=\"async\" class=\"alignnone wp-image-40815\" src=\"https:\/\/puntocometa.dev\/wp-content\/uploads\/2025\/12\/Screenshot-2025-12-09-091424.png\" alt=\"-\" width=\"181\" height=\"141\" title=\"\"><\/a><a href=\"http:\/\/https:\/\/piemonte.forumfamiglie.org\/2025\/12\/08\/progetto-casa-insieme-per-dare-casa-alla-vita\/\" rel=\"nofollow\"><img decoding=\"async\" class=\"alignleft wp-image-40816\" src=\"https:\/\/puntocometa.dev\/wp-content\/uploads\/2025\/12\/CASA_logo_COL-1024x360.jpg\" alt=\"-\" width=\"224\" height=\"79\" title=\"\" srcset=\"https:\/\/puntocometa.dev\/wp-content\/uploads\/2025\/12\/CASA_logo_COL-1024x360.jpg 1024w, https:\/\/puntocometa.dev\/wp-content\/uploads\/2025\/12\/CASA_logo_COL-300x105.jpg 300w, https:\/\/puntocometa.dev\/wp-content\/uploads\/2025\/12\/CASA_logo_COL-768x270.jpg 768w, https:\/\/puntocometa.dev\/wp-content\/uploads\/2025\/12\/CASA_logo_COL-1536x540.jpg 1536w, https:\/\/puntocometa.dev\/wp-content\/uploads\/2025\/12\/CASA_logo_COL.jpg 1682w\" sizes=\"(max-width: 224px) 100vw, 224px\" \/><\/a><\/strong><\/p>\n","protected":false},"excerpt":{"rendered":"<p>IL PROGETTO L&#8217;iniziativa vuole promuovere la cultura dell\u2019accoglienza dei minori e la solidariet\u00e0 familiare al fine di divulgare e intensificare l\u2019apertura all\u2019affido e all\u2019adozione sul territorio nazionale. Attraverso la collaborazione tra associazioni che si occupano da anni del tema si vogliono mettere a sistema le buone prassi e le esperienze maturate per sensibilizzare e accompagnare, [&hellip;]<\/p>\n","protected":false},"author":15,"featured_media":40829,"comment_status":"open","ping_status":"open","sticky":false,"template":"","format":"standard","meta":{"_acf_changed":false,"give_campaign_id":0,"footnotes":""},"categories":[285],"tags":[66],"class_list":["post-40812","post","type-post","status-publish","format-standard","has-post-thumbnail","hentry","category-news-progetti","tag-accoglienza"],"acf":[],"_links":{"self":[{"href":"https:\/\/puntocometa.dev\/en\/wp-json\/wp\/v2\/posts\/40812","targetHints":{"allow":["GET"]}}],"collection":[{"href":"https:\/\/puntocometa.dev\/en\/wp-json\/wp\/v2\/posts"}],"about":[{"href":"https:\/\/puntocometa.dev\/en\/wp-json\/wp\/v2\/types\/post"}],"author":[{"embeddable":true,"href":"https:\/\/puntocometa.dev\/en\/wp-json\/wp\/v2\/users\/15"}],"replies":[{"embeddable":true,"href":"https:\/\/puntocometa.dev\/en\/wp-json\/wp\/v2\/comments?post=40812"}],"version-history":[{"count":1,"href":"https:\/\/puntocometa.dev\/en\/wp-json\/wp\/v2\/posts\/40812\/revisions"}],"predecessor-version":[{"id":1006282,"href":"https:\/\/puntocometa.dev\/en\/wp-json\/wp\/v2\/posts\/40812\/revisions\/1006282"}],"wp:featuredmedia":[{"embeddable":true,"href":"https:\/\/puntocometa.dev\/en\/wp-json\/wp\/v2\/media\/40829"}],"wp:attachment":[{"href":"https:\/\/puntocometa.dev\/en\/wp-json\/wp\/v2\/media?parent=40812"}],"wp:term":[{"taxonomy":"category","embeddable":true,"href":"https:\/\/puntocometa.dev\/en\/wp-json\/wp\/v2\/categories?post=40812"},{"taxonomy":"post_tag","embeddable":true,"href":"https:\/\/puntocometa.dev\/en\/wp-json\/wp\/v2\/tags?post=40812"}],"curies":[{"name":"wp","href":"https:\/\/api.w.org\/{rel}","templated":true}]}}