{"id":40619,"date":"2025-01-29T16:14:40","date_gmt":"2025-01-29T15:14:40","guid":{"rendered":"https:\/\/puntocometa.dev\/?p=40619"},"modified":"2026-06-12T09:41:54","modified_gmt":"2026-06-12T07:41:54","slug":"cinque-giorni-a-matera-sulle-tracce-del-senso-dellabitare-lesperienza-del-liceo-imprenditoriale-artigianale-del-design-2","status":"publish","type":"post","link":"https:\/\/puntocometa.dev\/en\/cinque-giorni-a-matera-sulle-tracce-del-senso-dellabitare-lesperienza-del-liceo-imprenditoriale-artigianale-del-design-2\/","title":{"rendered":"Cinque giorni a Matera sulle tracce del senso dell&#8217;abitare: l&#8217;esperienza del Liceo Artistico Imprenditoriale Artigianale del Design"},"content":{"rendered":"<p><span data-contrast=\"auto\">Cinque giorni a Matera, tra nuovi legami e conoscenze. \u00c8 stata un\u2019esperienza immersiva e suggestiva quella vissuta da un gruppo di 27 studenti del Liceo Imprenditoriale Artigianale del Design di Cometa nel capoluogo della Basilicata. Un viaggio istruttivo, nato con l\u2019intento di approfondire il tema dell\u2019anno: <\/span><i><span data-contrast=\"auto\">Abitare.<\/span><\/i><span data-ccp-props=\"{&quot;335551550&quot;:6,&quot;335551620&quot;:6}\">\u00a0<\/span><\/p>\n<p><span data-contrast=\"auto\">Matera si sposa perfettamente con questo tema, grazie alla sua storia, alla sua trasformazione e all\u2019esperienza di comunit\u00e0 che rappresenta. Una citt\u00e0 in cui gli abitanti hanno saputo trasformare ci\u00f2 che avevano in unit\u00e0 abitative, diventando simbolo di un riscatto culturale legato ai \u201cSassi\u201d, che l\u2019hanno portata da \u201cvergogna nazionale\u201d a \u201cCapitale europea della cultura\u201d.\u00a0<\/span><span data-ccp-props=\"{&quot;335551550&quot;:6,&quot;335551620&quot;:6}\">\u00a0<\/span><\/p>\n<p><span data-contrast=\"auto\">Nel corso di questi cinque giorni, gli studenti hanno avuto l\u2019opportunit\u00e0 di incontrare le persone del luogo, scoprire le realt\u00e0 artigianali del territorio e alloggiare nei Sassi, riscoprendo il valore di una vita pi\u00f9 lenta, propria di altri tempi. \u00c8 bastato cambiare contesto per suscitare in loro molte domande e un cambiamento nelle abitudini quotidiane, tanto da spingerli ad alzarsi presto per ammirare l\u2019alba e andare a correre.<\/span><span data-ccp-props=\"{&quot;335551550&quot;:6,&quot;335551620&quot;:6}\">\u00a0<\/span><\/p>\n<p><span data-contrast=\"auto\">Ma le attivit\u00e0 svolte sono state ancora pi\u00f9 preziose. Un momento fondamentale \u00e8 stato l&#8217;incontro con Luigi Martulli, presidente di Materahub, un consorzio che per oltre 10 anni, lavora in sostegno del settore creativo e culturale.<\/span><span data-ccp-props=\"{}\">\u00a0<\/span><\/p>\n<p><span data-contrast=\"auto\">Un incontro utile non solo per approfondire il tema dello sviluppo del business, ma anche per esplorare l\u2019utilizzo di mezzi tecnologici innovativi. Successivamente, gli studenti hanno partecipato a un laboratorio di artigianato solidale guidato da Uccio Santochirico con la cooperativa sociale Oltre l&#8217;Arte, esplorando la tecnica della cartapesta e realizzato con la metodologia dell\u2019Hackathon, in una struttura che accoglie e offre opportunit\u00e0 di lavoro per ragazzi con Sindrome di Down. <\/span><span aria-label=\"Controllo contenuto RTF\"><span data-contrast=\"auto\">\u200b<\/span><span data-contrast=\"auto\">\u200b<\/span><\/span><span data-contrast=\"auto\">In aggiunta, un laboratorio di valorizzazione degli scarti industriali dei divani con Veronica Scardillo.\u00a0 In collaborazione con gli studenti del liceo artistico Duni C.Levi di Matera, hanno creato una piccola commessa, dando vita a un prodotto che raccontasse l&#8217;incontro tra Como e Matera. Un incontro che si \u00e8 concretizzato anche nella sinergia tra i ragazzi: quelli di Cometa, forti nell&#8217;ideazione, e quelli locali, esperti nella lavorazione della cartapesta.<\/span><span data-ccp-props=\"{}\">\u00a0<\/span><\/p>\n<p><span data-contrast=\"auto\">Un altro laboratorio che ha appassionato tutti \u00e8 stato quello sul tessile lucano, guidato da due artigiane locali, la stilista Damiana Spoto con la sua attivit\u00e0 LeQuadre e Angela Ramundo. L&#8217;arte dell&#8217;uncinetto ha catturato l&#8217;interesse degli studenti, che si sono concentrati per ore, imparando una tradizione antica e ricca di fascino.<\/span><span data-ccp-props=\"{}\">\u00a0<\/span><\/p>\n<p><span data-contrast=\"auto\">Non \u00e8 mancata la visita ai Sassi e al territorio circostante, che hanno inevitabilmente suscitato numerose domande, a cui hanno cercato di rispondere sia gli abitanti locali sia l&#8217;architetto che ha contribuito alla progettazione dei nuovi quartieri della citt\u00e0.<\/span><span data-ccp-props=\"{}\">\u00a0<\/span><\/p>\n<p><span data-contrast=\"auto\">Per tutta la durata dei cinque giorni, anche a Matera \u00e8 stato applicato il metodo didattico di Cometa. Una piazza della citt\u00e0 si \u00e8 trasformata in un&#8217;aula a cielo aperto, in cui gli studenti hanno avuto l&#8217;opportunit\u00e0 di porsi domande generative prima di iniziare ogni giornata (il &#8220;do now&#8221;) e di riflettere su quanto vissuto, restituendo le proprie impressioni (exit ticket). A guidare gli studenti, \u00e8 stata anche una lezione preliminare con il filosofo Silvano Pietrosino, che insieme agli studenti della Scuola Oliver Twist ha trattato il senso dell&#8217;abitare e ci\u00f2 che trasforma uno spazio in un luogo, concetti poi ripresi al ritorno a scuola per riflettere insieme su quanto appreso e visto in Basilicata.<\/span><span data-ccp-props=\"{}\">\u00a0<\/span><\/p>\n<p><span data-contrast=\"auto\">Un&#8217;esperienza a 360 gradi che ha toccato temi legati all&#8217;abitare, all&#8217;imprenditorialit\u00e0, all&#8217;artigianato e al design, offrendo ai ragazzi e agli insegnanti un ricco materiale su cui riflettere e lavorare. <\/span><span data-ccp-props=\"{}\">\u00a0<\/span><\/p>\n<p><i><span data-contrast=\"auto\">\u201cL\u2019impatto umano \u00e8 stato innegabile<\/span><\/i><span data-contrast=\"auto\"> \u2013 conclude Isacchi \u2013 <\/span><i><span data-contrast=\"auto\">Tutti sono cambiati, maturati. Anche il preside Giovanni Figini lo ha notato dal loro sguardo al ritorno a scuola. Ora la sfida \u00e8 trasferire ci\u00f2 che abbiamo vissuto nella didattica. Ma \u00e8 certo che questa sia stata una delle esperienze pi\u00f9 significative degli ultimi anni, poich\u00e9 ha condensato, in un unico viaggio, tutto ci\u00f2 che immaginiamo debba essere il liceo<\/span><\/i><span data-contrast=\"auto\">.\u201d<\/span><span data-ccp-props=\"{}\">\u00a0<\/span><\/p>\n<p><i><span data-contrast=\"auto\">\u201c\u00c8 stata un\u2019esperienza costruttiva<\/span><\/i><span data-contrast=\"auto\"> \u2013 commentano gli studenti \u2013 <\/span><i><span data-contrast=\"auto\">non solo per i laboratori svolti, ma anche per il modo di stare insieme. Si \u00e8 creato un bel clima tra le due classi, cosa che non ci saremmo mai aspettati. Per quanto riguarda il tema dell\u2019abitare, durante i giorni a Matera lo abbiamo approfondito e, soprattutto, lo abbiamo potuto vivere concretamente. Tutti insieme, abbiamo cercato la modalit\u00e0 migliore per abitare la citt\u00e0 nel modo pi\u00f9 adatto a noi. Speriamo ora di riuscire ad abitare nel miglior modo possibile anche la nostra scuola, cominciando dalla nostra classe, creando un ambiente in cui stare bene insieme ai nostri compagni.\u201d<\/span><\/i><span data-ccp-props=\"{}\">\u00a0<\/span><\/p>\n<p><em>Il viaggio si \u00e8 svolto nell\u2019ambito del progetto \u201cTessere Legami\u201d, sostenuto dal Fondo di Beneficenza ed opere di carattere sociale e culturale di Intesa Sanpaolo<\/em><\/p>\n<p><!-- gallery rimossa --><\/p>\n","protected":false},"excerpt":{"rendered":"<p>Cinque giorni a Matera, tra nuovi legami e conoscenze. \u00c8 stata un\u2019esperienza immersiva e suggestiva quella vissuta da un gruppo di 27 studenti del Liceo Imprenditoriale Artigianale del Design di Cometa nel capoluogo della Basilicata. Un viaggio istruttivo, nato con l\u2019intento di approfondire il tema dell\u2019anno: Abitare.\u00a0 Matera si sposa perfettamente con questo tema, grazie [&hellip;]<\/p>\n","protected":false},"author":15,"featured_media":38506,"comment_status":"open","ping_status":"open","sticky":false,"template":"","format":"standard","meta":{"_acf_changed":false,"give_campaign_id":0,"footnotes":""},"categories":[122],"tags":[170,489],"class_list":["post-40619","post","type-post","status-publish","format-standard","has-post-thumbnail","hentry","category-news","tag-educazione","tag-tessere-legami"],"acf":[],"_links":{"self":[{"href":"https:\/\/puntocometa.dev\/en\/wp-json\/wp\/v2\/posts\/40619","targetHints":{"allow":["GET"]}}],"collection":[{"href":"https:\/\/puntocometa.dev\/en\/wp-json\/wp\/v2\/posts"}],"about":[{"href":"https:\/\/puntocometa.dev\/en\/wp-json\/wp\/v2\/types\/post"}],"author":[{"embeddable":true,"href":"https:\/\/puntocometa.dev\/en\/wp-json\/wp\/v2\/users\/15"}],"replies":[{"embeddable":true,"href":"https:\/\/puntocometa.dev\/en\/wp-json\/wp\/v2\/comments?post=40619"}],"version-history":[{"count":2,"href":"https:\/\/puntocometa.dev\/en\/wp-json\/wp\/v2\/posts\/40619\/revisions"}],"predecessor-version":[{"id":1009269,"href":"https:\/\/puntocometa.dev\/en\/wp-json\/wp\/v2\/posts\/40619\/revisions\/1009269"}],"wp:featuredmedia":[{"embeddable":true,"href":"https:\/\/puntocometa.dev\/en\/wp-json\/wp\/v2\/media\/38506"}],"wp:attachment":[{"href":"https:\/\/puntocometa.dev\/en\/wp-json\/wp\/v2\/media?parent=40619"}],"wp:term":[{"taxonomy":"category","embeddable":true,"href":"https:\/\/puntocometa.dev\/en\/wp-json\/wp\/v2\/categories?post=40619"},{"taxonomy":"post_tag","embeddable":true,"href":"https:\/\/puntocometa.dev\/en\/wp-json\/wp\/v2\/tags?post=40619"}],"curies":[{"name":"wp","href":"https:\/\/api.w.org\/{rel}","templated":true}]}}