{"id":40539,"date":"2024-10-31T16:03:14","date_gmt":"2024-10-31T15:03:14","guid":{"rendered":"https:\/\/puntocometa.dev\/?p=40539"},"modified":"2026-02-05T09:05:12","modified_gmt":"2026-02-05T08:05:12","slug":"tessere-legami","status":"publish","type":"post","link":"https:\/\/puntocometa.dev\/en\/tessere-legami\/","title":{"rendered":"TESSERE LEGAMI"},"content":{"rendered":"<div class=\"elementor-element elementor-element-f0b044d elementor-widget elementor-widget-heading\" data-id=\"f0b044d\" data-element_type=\"widget\" data-widget_type=\"heading.default\">\n<p class=\"elementor-heading-title elementor-size-default\"><span style=\"color: #808080;\"><strong><a style=\"color: #808080;\" href=\"https:\/\/puntocometa.dev\/2025\/01\/29\/cinque-giorni-a-matera-sulle-tracce-del-senso-dellabitare-lesperienza-del-liceo-imprenditoriale-artigianale-del-design\/\">Descrizione<\/a><\/strong><\/span><\/p>\n<\/div>\n<div class=\"elementor-element elementor-element-5298774 elementor-widget elementor-widget-text-editor\" data-id=\"5298774\" data-element_type=\"widget\" data-widget_type=\"text-editor.default\">\n<p><span style=\"color: #808080;\"><a style=\"color: #808080;\" href=\"https:\/\/puntocometa.dev\/2025\/01\/29\/cinque-giorni-a-matera-sulle-tracce-del-senso-dellabitare-lesperienza-del-liceo-imprenditoriale-artigianale-del-design\/\">Il Progetto \u201cTessere Legami\u201d \u00e8 sostenuto dal finanziamento del Fondo di Beneficenza Intesa San Paolo e si inserisce nell\u2019obiettivo generale del\u00a0contrasto alla povert\u00e0 educativa e alla dispersione scolastica\u00a0attraverso la creazione di un ecosistema che aumenti e sostenga le possibilit\u00e0 educative di apprendimento dei ragazzi con un\u2019attenzione particolare a condizioni di svantaggio.<\/a><\/span><\/p>\n<p><span style=\"color: #808080;\"><a style=\"color: #808080;\" href=\"https:\/\/puntocometa.dev\/2025\/01\/29\/cinque-giorni-a-matera-sulle-tracce-del-senso-dellabitare-lesperienza-del-liceo-imprenditoriale-artigianale-del-design\/\">Il progetto\u00a0unisce i territori di Como e Matera\u00a0in un obiettivo comune: favorire nei territori il rafforzamento della comunit\u00e0 educante e il capacity building degli attori educativi e formativi con la finalit\u00e0 di contrastare la povert\u00e0 educativa dei pi\u00f9 giovani.<\/a><\/span><\/p>\n<p><span style=\"color: #808080;\"><a style=\"color: #808080;\" href=\"https:\/\/puntocometa.dev\/2025\/01\/29\/cinque-giorni-a-matera-sulle-tracce-del-senso-dellabitare-lesperienza-del-liceo-imprenditoriale-artigianale-del-design\/\">Lo scambio di know-how e buone pratiche tra i professionisti coinvolti accresce le loro conoscenze e competenze, crea la possibilit\u00e0 di\u00a0scambiare e testare modelli e metodologie integrabili nei differenti contesti, e al contempo genera una ricaduta positiva e a lungo termine sulle opportunit\u00e0 educative e formative rivolte ai giovani beneficiari, attraverso:<\/a><\/span><\/p>\n<ul>\n<li><span style=\"color: #808080;\"><a style=\"color: #808080;\" href=\"https:\/\/puntocometa.dev\/2025\/01\/29\/cinque-giorni-a-matera-sulle-tracce-del-senso-dellabitare-lesperienza-del-liceo-imprenditoriale-artigianale-del-design\/\">esperienze e laboratori pratici\u00a0condivisi tra pari di diversi territori;<\/a><\/span><\/li>\n<li><span style=\"color: #808080;\"><a style=\"color: #808080;\" href=\"https:\/\/puntocometa.dev\/2025\/01\/29\/cinque-giorni-a-matera-sulle-tracce-del-senso-dellabitare-lesperienza-del-liceo-imprenditoriale-artigianale-del-design\/\">approcci e metodologie\u00a0che estendono i tempi e gli spazi dell\u2019apprendimento formale, stimolano creativit\u00e0, il saper fare manuale, il lavoro di gruppo, le relazioni e l\u2019incontro;<\/a><\/span><\/li>\n<li><span style=\"color: #808080;\"><a style=\"color: #808080;\" href=\"https:\/\/puntocometa.dev\/2025\/01\/29\/cinque-giorni-a-matera-sulle-tracce-del-senso-dellabitare-lesperienza-del-liceo-imprenditoriale-artigianale-del-design\/\">l\u2019acquisizione di competenze cognitive e trasversali\u00a0trasponibili nel contesto di vita personale e formativo per renderli pi\u00f9 autonomi e capaci di emanciparsi da condizioni personali e\/o di contesto che li pongono in una condizione di marginalit\u00e0.<\/a><\/span><\/li>\n<\/ul>\n<\/div>\n<p>Scopri di pi\u00f9: <a href=\"https:\/\/www.associazionematerahub.it\/progetti\/tessere-legami\/\" rel=\"nofollow noopener\" target=\"_blank\">Tessere Legami &#8211; Associazione Materahub<\/a><\/p>\n<p><strong>Indice di progetto:<\/strong><\/p>\n<p>https:\/\/puntocometa.dev\/2025\/01\/29\/cinque-giorni-a-matera-sulle-tracce-del-senso-dellabitare-lesperienza-del-liceo-imprenditoriale-artigianale-del-design-2\/<\/p>\n<p>https:\/\/puntocometa.dev\/2025\/05\/05\/tessere-legami-scambio-di-esperienze-tra-como-e-la-basilicata\/<\/p>\n","protected":false},"excerpt":{"rendered":"<p>Descrizione Il Progetto \u201cTessere Legami\u201d \u00e8 sostenuto dal finanziamento del Fondo di Beneficenza Intesa San Paolo e si inserisce nell\u2019obiettivo generale del\u00a0contrasto alla povert\u00e0 educativa e alla dispersione scolastica\u00a0attraverso la creazione di un ecosistema che aumenti e sostenga le possibilit\u00e0 educative di apprendimento dei ragazzi con un\u2019attenzione particolare a condizioni di svantaggio. Il progetto\u00a0unisce i [&hellip;]<\/p>\n","protected":false},"author":15,"featured_media":40494,"comment_status":"open","ping_status":"open","sticky":false,"template":"","format":"standard","meta":{"_acf_changed":false,"give_campaign_id":0,"footnotes":""},"categories":[285],"tags":[170],"class_list":["post-40539","post","type-post","status-publish","format-standard","has-post-thumbnail","hentry","category-news-progetti","tag-educazione"],"acf":[],"_links":{"self":[{"href":"https:\/\/puntocometa.dev\/en\/wp-json\/wp\/v2\/posts\/40539","targetHints":{"allow":["GET"]}}],"collection":[{"href":"https:\/\/puntocometa.dev\/en\/wp-json\/wp\/v2\/posts"}],"about":[{"href":"https:\/\/puntocometa.dev\/en\/wp-json\/wp\/v2\/types\/post"}],"author":[{"embeddable":true,"href":"https:\/\/puntocometa.dev\/en\/wp-json\/wp\/v2\/users\/15"}],"replies":[{"embeddable":true,"href":"https:\/\/puntocometa.dev\/en\/wp-json\/wp\/v2\/comments?post=40539"}],"version-history":[{"count":1,"href":"https:\/\/puntocometa.dev\/en\/wp-json\/wp\/v2\/posts\/40539\/revisions"}],"predecessor-version":[{"id":1006293,"href":"https:\/\/puntocometa.dev\/en\/wp-json\/wp\/v2\/posts\/40539\/revisions\/1006293"}],"wp:featuredmedia":[{"embeddable":true,"href":"https:\/\/puntocometa.dev\/en\/wp-json\/wp\/v2\/media\/40494"}],"wp:attachment":[{"href":"https:\/\/puntocometa.dev\/en\/wp-json\/wp\/v2\/media?parent=40539"}],"wp:term":[{"taxonomy":"category","embeddable":true,"href":"https:\/\/puntocometa.dev\/en\/wp-json\/wp\/v2\/categories?post=40539"},{"taxonomy":"post_tag","embeddable":true,"href":"https:\/\/puntocometa.dev\/en\/wp-json\/wp\/v2\/tags?post=40539"}],"curies":[{"name":"wp","href":"https:\/\/api.w.org\/{rel}","templated":true}]}}