{"id":40213,"date":"2025-10-02T16:19:32","date_gmt":"2025-10-02T14:19:32","guid":{"rendered":"https:\/\/puntocometa.dev\/?p=40213"},"modified":"2026-02-05T09:05:12","modified_gmt":"2026-02-05T08:05:12","slug":"affidarsi-famiglie-in-cammino-per-laffido-e-laccoglienza","status":"publish","type":"post","link":"https:\/\/puntocometa.dev\/en\/affidarsi-famiglie-in-cammino-per-laffido-e-laccoglienza\/","title":{"rendered":"Affidarsi. Famiglie in cammino per l\u2019affido e l\u2019accoglienza."},"content":{"rendered":"<p><strong>IL PROGETTO<\/strong><\/p>\n<p><em>L\u2019atto di generosit\u00e0 pi\u00f9 grande \u00e8 quello di chi accoglie, sapendo di dover lasciar andare\u2026<\/em><\/p>\n<p>Il progetto\u00a0<strong>\u201cAffidarsi\u201d<\/strong>\u00a0nasce per tutelare il bene dei\u00a0<strong>minori in affido<\/strong>, con particolare attenzione ai minori con disabilit\u00e0, e alla prevenzione di possibili\u00a0<strong>interruzioni dei percorsi di accoglienza<\/strong>.<\/p>\n<p><strong>I NOSTRI OBIETTIVI\u2026<\/strong><\/p>\n<ul>\n<li><strong>Accompagnare le famiglie affidatarie<\/strong>\u00a0e le nuove famiglie\u00a0<strong>durante l\u2019intero percorso dell\u2019affido<\/strong>, favorendo il Pronto intervento di quei minori pi\u00f9 fragili.<\/li>\n<li><strong>Garantire il sostegno di 12 minori<\/strong>, delle relative famiglie affidatarie grazie alle attivit\u00e0 svolte da un\u2019\u00e9quipe multidisciplinare durante tutte le fasi del percorso di affido.<\/li>\n<li><strong>Sostenere l\u2019accoglienza\u00a0<\/strong>di minori con disabilit\u00e0 in famiglia affidataria fornendo strumenti e ausili necessari nel percorso di crescita.<\/li>\n<\/ul>\n<p><strong>LE ATTIVITA\u2019<\/strong><\/p>\n<p><em>Per un futuro dell\u2019accoglienza e dell\u2019affido<\/em><\/p>\n<p><strong><em><u>Consapevolezza nei percorsi di affido<\/u><\/em><\/strong><\/p>\n<p>Grazie al progetto sar\u00e0 possibile\u00a0<strong>sostenere la formazione continua<\/strong>\u00a0delle famiglie affidatarie e percorsi di formazione per famiglie interessate all\u2019affido, fornendo loro\u00a0<strong>gli strumenti, le competenze, le esperienze e gli interventi<\/strong>\u00a0necessari.<\/p>\n<p><strong><em><u>Sostegno alle famiglie affidatarie<\/u><\/em><\/strong><\/p>\n<p>Le famiglie affidatarie potranno beneficiare di un\u00a0<strong>accompagnamento e supporto continuativo<\/strong>\u00a0grazie al lavoro di\u00a0<strong>un\u2019\u00e9quipe multidisciplinare e della rete di famiglie<\/strong>. Il sostegno verr\u00e0 inoltre garantito, laddove necessario, attraverso\u00a0<strong>percorsi di supporto individuale\u00a0<\/strong>per i minori in difficolt\u00e0.<\/p>\n<p><strong><em><u>Ausili e strumenti per l\u2019inclusione<\/u><\/em><\/strong><\/p>\n<p>Le famiglie che accolgono bambini con disabilit\u00e0 devono essere messe nella condizione di\u00a0<strong>rispondere prontamente e adeguatamente agli specifici bisogni del minore<\/strong>. Attraverso il progetto sar\u00e0 possibile provvedere all\u2019acquisto di\u00a0<strong>strumenti ed ausili necessari\u00a0<\/strong>per rispondere ai\u00a0<strong>bisogni connessi alla condizione di disabilit\u00e0<\/strong>.<\/p>\n<p><strong>Con il contributo di:\u00a0<\/strong>Fondazione Barbara Genovese<\/p>\n<p><a href=\"https:\/\/sites.google.com\/view\/fondazione-barbaragenovese\/home?authuser=0\" rel=\"nofollow noopener\" target=\"_blank\"><img decoding=\"async\" class=\"alignleft wp-image-39496\" title=\"fondazione genovese \" src=\"https:\/\/puntocometa.dev\/wp-content\/uploads\/2025\/09\/Immagine1.png\" alt=\"-\" width=\"221\" height=\"74\"><\/a><\/p>\n","protected":false},"excerpt":{"rendered":"<p>IL PROGETTO L\u2019atto di generosit\u00e0 pi\u00f9 grande \u00e8 quello di chi accoglie, sapendo di dover lasciar andare\u2026 Il progetto\u00a0\u201cAffidarsi\u201d\u00a0nasce per tutelare il bene dei\u00a0minori in affido, con particolare attenzione ai minori con disabilit\u00e0, e alla prevenzione di possibili\u00a0interruzioni dei percorsi di accoglienza. I NOSTRI OBIETTIVI\u2026 Accompagnare le famiglie affidatarie\u00a0e le nuove famiglie\u00a0durante l\u2019intero percorso dell\u2019affido, [&hellip;]<\/p>\n","protected":false},"author":15,"featured_media":40158,"comment_status":"open","ping_status":"open","sticky":false,"template":"","format":"standard","meta":{"_acf_changed":false,"give_campaign_id":0,"footnotes":""},"categories":[285],"tags":[66],"class_list":["post-40213","post","type-post","status-publish","format-standard","has-post-thumbnail","hentry","category-news-progetti","tag-accoglienza"],"acf":[],"_links":{"self":[{"href":"https:\/\/puntocometa.dev\/en\/wp-json\/wp\/v2\/posts\/40213","targetHints":{"allow":["GET"]}}],"collection":[{"href":"https:\/\/puntocometa.dev\/en\/wp-json\/wp\/v2\/posts"}],"about":[{"href":"https:\/\/puntocometa.dev\/en\/wp-json\/wp\/v2\/types\/post"}],"author":[{"embeddable":true,"href":"https:\/\/puntocometa.dev\/en\/wp-json\/wp\/v2\/users\/15"}],"replies":[{"embeddable":true,"href":"https:\/\/puntocometa.dev\/en\/wp-json\/wp\/v2\/comments?post=40213"}],"version-history":[{"count":1,"href":"https:\/\/puntocometa.dev\/en\/wp-json\/wp\/v2\/posts\/40213\/revisions"}],"predecessor-version":[{"id":1006284,"href":"https:\/\/puntocometa.dev\/en\/wp-json\/wp\/v2\/posts\/40213\/revisions\/1006284"}],"wp:featuredmedia":[{"embeddable":true,"href":"https:\/\/puntocometa.dev\/en\/wp-json\/wp\/v2\/media\/40158"}],"wp:attachment":[{"href":"https:\/\/puntocometa.dev\/en\/wp-json\/wp\/v2\/media?parent=40213"}],"wp:term":[{"taxonomy":"category","embeddable":true,"href":"https:\/\/puntocometa.dev\/en\/wp-json\/wp\/v2\/categories?post=40213"},{"taxonomy":"post_tag","embeddable":true,"href":"https:\/\/puntocometa.dev\/en\/wp-json\/wp\/v2\/tags?post=40213"}],"curies":[{"name":"wp","href":"https:\/\/api.w.org\/{rel}","templated":true}]}}