{"id":38984,"date":"2025-06-24T09:10:26","date_gmt":"2025-06-24T07:10:26","guid":{"rendered":"https:\/\/puntocometa.dev\/?p=38984"},"modified":"2025-06-24T09:10:26","modified_gmt":"2025-06-24T07:10:26","slug":"al-via-la-seconda-edizione-di-un-corso-per-persone-con-disabilita-intellettiva","status":"publish","type":"post","link":"https:\/\/puntocometa.dev\/en\/al-via-la-seconda-edizione-di-un-corso-per-persone-con-disabilita-intellettiva\/","title":{"rendered":"AL VIA LA SECONDA EDIZIONE DI UN CORSO PER PERSONE CON DISABILIT\u00c0 INTELLETTIVA"},"content":{"rendered":"<p>Cometa ha a cuore che <strong>le persone con disabilit\u00e0 intellettiva abbiano un ruolo attivo nella societ\u00e0 attraverso la formazione professionale e il lavoro.<\/strong><\/p>\n<p><strong>Nel lavoro ciascuno pu\u00f2 scoprire i propri talenti<\/strong>, maturare competenze professionali e raggiungere autonomie spendibili nella quotidianit\u00e0. Il raggiungimento di queste autonomie per\u00f2 non \u00e8 sufficiente: <strong>occorre un lavoro educativo e formativo stabile e continuativo, perch\u00e9 tali autonomie possano maturare e permanere nel tempo<\/strong>, partendo da una formazione iniziale propedeutica al lavoro.<\/p>\n<p>Si accompagneranno i corsisti a conoscere il mestiere di \u201cassistente alle vendite\u201d, sviluppare competenze trasversali, avere comportamenti socialmente adeguati e avere una maggiore accessibilit\u00e0 cognitiva.<\/p>\n<p>Seguiti da un\u2019\u00e9quipe educativa specializzata in collaborazione con professionisti del settore vendite, i corsisti saranno coinvolti <strong>in 500 ore di lezioni teoriche e laboratori pratici in aula e fuori aula e 200 ore di tirocinio in azienda.<\/strong> Al termine del corso, che si svolger\u00e0 presso la Parrocchia di S. Maria Regina a Muggi\u00f2, verr\u00e0 rilasciato <strong>un attestato di frequenza<\/strong> (con frequenza di almeno 400 ore di lezioni teoriche e laboratori pratici e completamento dell\u2019intero il tirocinio) e al termine \u00e8 previsto un<strong> colloquio finale di orientamento.<\/strong><\/p>\n<p>Per candidarsi \u00e8 necessario avere i\u00a0<strong>seguenti requisiti:<\/strong><\/p>\n<ul>\n<li>Essere residente in provincia di Como<\/li>\n<li>Avere una et\u00e0 compresa tra i 18 e 30 anni<\/li>\n<li>Avere un\u2019invalidit\u00e0 pari o superiore al 46% e un certificato di disabilit\u00e0 intellettiva con comprovate capacit\u00e0 lavorative<\/li>\n<li>Aver fatto domanda aggiornata per legge 68\/99<\/li>\n<li>Avere competenze didattiche di base di lettura e scrittura<\/li>\n<li>Avere autonomie nella vita personale e sociale<\/li>\n<li>Manifestare il desiderio di formarsi<\/li>\n<li>Non \u00e8 necessario avere gi\u00e0 un titolo di studio o una qualifica professionale<\/li>\n<\/ul>\n<p><strong>L\u2019obiettivo finale del corso \u00e8 offrire ai partecipanti un\u2019opportunit\u00e0 di benessere volta a migliorare la qualit\u00e0 di vita di ognuno, attraverso una proposta formativa e lavorativa, accompagnando la persona nel passaggio verso la vita adulta.<\/strong> <\/p>\n<p><\/p>\n<p>Per candidature scrivere a <a href=\"mailto:corsi@puntocometa.dev\">corsi@puntocometa.dev<\/a>,<br \/>\nper informazioni scrivere su WhatsApp al <a href=\"tel:+393895686592\">+39 389 5686592<\/a> da luned\u00ec a venerd\u00ec dalle 9 alle 18.<\/p>\n<p><\/p>\n<p><strong>Candidature entro il 30 luglio 2025.<\/strong><\/p>\n<p><a href=\"https:\/\/puntocometa.dev\/wp-content\/uploads\/2025\/06\/gaia_web_2025_corsoaddettovendita_DEF.pdf?fbclid=IwY2xjawK-SUFleHRuA2FlbQIxMABicmlkETFiWVFURDRodEdtakNwSEt1AR63wq02hN-zK93Z4U-nLbvYvTY1cxpVF4j70AwzdMUFcXvaL_dqG_V-BOozFA_aem_sg_kB4YVPTXQkLlg7H35SQ\"><strong><em>A questo link<\/em><\/strong><em>\u00a0<\/em><\/a><em>\u00e8 possibile scaricare la locandina del corso.<\/em><\/p>\n","protected":false},"excerpt":{"rendered":"<p>Cometa ha a cuore che le persone con disabilit\u00e0 intellettiva abbiano un ruolo attivo nella societ\u00e0 attraverso la formazione professionale e il lavoro. Nel lavoro ciascuno pu\u00f2 scoprire i propri talenti, maturare competenze professionali e raggiungere autonomie spendibili nella quotidianit\u00e0. Il raggiungimento di queste autonomie per\u00f2 non \u00e8 sufficiente: occorre un lavoro educativo e formativo [&hellip;]<\/p>\n","protected":false},"author":15,"featured_media":38985,"comment_status":"open","ping_status":"open","sticky":false,"template":"","format":"standard","meta":{"_acf_changed":false,"give_campaign_id":0,"footnotes":""},"categories":[122],"tags":[140],"class_list":["post-38984","post","type-post","status-publish","format-standard","has-post-thumbnail","hentry","category-news","tag-lavoro"],"acf":[],"_links":{"self":[{"href":"https:\/\/puntocometa.dev\/en\/wp-json\/wp\/v2\/posts\/38984","targetHints":{"allow":["GET"]}}],"collection":[{"href":"https:\/\/puntocometa.dev\/en\/wp-json\/wp\/v2\/posts"}],"about":[{"href":"https:\/\/puntocometa.dev\/en\/wp-json\/wp\/v2\/types\/post"}],"author":[{"embeddable":true,"href":"https:\/\/puntocometa.dev\/en\/wp-json\/wp\/v2\/users\/15"}],"replies":[{"embeddable":true,"href":"https:\/\/puntocometa.dev\/en\/wp-json\/wp\/v2\/comments?post=38984"}],"version-history":[{"count":0,"href":"https:\/\/puntocometa.dev\/en\/wp-json\/wp\/v2\/posts\/38984\/revisions"}],"wp:featuredmedia":[{"embeddable":true,"href":"https:\/\/puntocometa.dev\/en\/wp-json\/wp\/v2\/media\/38985"}],"wp:attachment":[{"href":"https:\/\/puntocometa.dev\/en\/wp-json\/wp\/v2\/media?parent=38984"}],"wp:term":[{"taxonomy":"category","embeddable":true,"href":"https:\/\/puntocometa.dev\/en\/wp-json\/wp\/v2\/categories?post=38984"},{"taxonomy":"post_tag","embeddable":true,"href":"https:\/\/puntocometa.dev\/en\/wp-json\/wp\/v2\/tags?post=38984"}],"curies":[{"name":"wp","href":"https:\/\/api.w.org\/{rel}","templated":true}]}}