{"id":37934,"date":"2024-09-17T14:06:41","date_gmt":"2024-09-17T12:06:41","guid":{"rendered":"https:\/\/puntocometa.dev\/?p=37934"},"modified":"2026-02-05T09:05:12","modified_gmt":"2026-02-05T08:05:12","slug":"un_pezzo_di_pane","status":"publish","type":"post","link":"https:\/\/puntocometa.dev\/en\/un_pezzo_di_pane\/","title":{"rendered":"UN PEZZO DI PANE \u2013 Nuova attivit\u00e0 di impresa per l\u2019inclusione e l\u2019inserimento al lavoro di giovani con disabilit\u00e0 o in situazioni di svantaggio."},"content":{"rendered":"<p><strong><span style=\"color: #d4912c;\">IL PROGETTO<\/span><\/strong><\/p>\n<p style=\"font-weight: 400;\">Il progetto nasce nel 2021 per offrire a ragazzi con disabilit\u00e0 e in situazioni di svantaggio socioeconomico e personale un\u2019opportunit\u00e0 di ingresso nel mondo del lavoro attraverso l\u2019attivazione di un nuovo ramo di attivit\u00e0 di La Cometa SCS dedicato alla produzione e vendita di prodotti di panetteria e caffetteria: \u201c<strong>Il Pane di Sandro<\/strong>\u201d.<\/p>\n<p style=\"font-weight: 400;\">Grazie al contributo di <strong>Fondazione San Zeno<\/strong> \u00e8 stato possibile ristrutturare e rendere agibile il locale dove oggi \u00e8 in essere l\u2019attivit\u00e0 commerciale che negli ultimi 3 anni ha offerto un\u2019opportunit\u00e0 di lavoro per 11 giovani con disabilit\u00e0 o fragilit\u00e0.<\/p>\n<p><strong><span style=\"color: #d4912c;\">DURATA<br \/>\n<\/span><\/strong><\/p>\n<p>Luglio 2021 \u2013 aprile 2025<\/p>\n<p>&nbsp;<\/p>\n<hr \/>\n<p data-ccp-border-bottom=\"0px none #000000\" data-ccp-padding-bottom=\"0px\" data-ccp-border-between=\"0px none #000000\" data-ccp-padding-between=\"0px\"><em><strong><span style=\"color: #d4912c;\">Sostenuto da:<br \/>\n<\/span><\/strong><\/em>Fondazione San Zeno<\/p>\n<p><a href=\"https:\/\/www.fondazionesanzeno.org\" rel=\"nofollow noopener\" target=\"_blank\"><img decoding=\"async\" class=\"alignnone wp-image-37935\" src=\"https:\/\/puntocometa.dev\/wp-content\/uploads\/2025\/02\/Fondazione-San-Zeno.png\" alt=\"-\" width=\"394\" height=\"48\" title=\"\"><\/a><\/p>\n<p data-ccp-border-bottom=\"0px none #000000\" data-ccp-padding-bottom=\"0px\" data-ccp-border-between=\"0px none #000000\" data-ccp-padding-between=\"0px\">\n","protected":false},"excerpt":{"rendered":"<p>IL PROGETTO Il progetto nasce nel 2021 per offrire a ragazzi con disabilit\u00e0 e in situazioni di svantaggio socioeconomico e personale un\u2019opportunit\u00e0 di ingresso nel mondo del lavoro attraverso l\u2019attivazione di un nuovo ramo di attivit\u00e0 di La Cometa SCS dedicato alla produzione e vendita di prodotti di panetteria e caffetteria: \u201cIl Pane di Sandro\u201d. [&hellip;]<\/p>\n","protected":false},"author":13,"featured_media":31368,"comment_status":"open","ping_status":"open","sticky":false,"template":"","format":"standard","meta":{"_acf_changed":false,"give_campaign_id":0,"footnotes":""},"categories":[285],"tags":[140],"class_list":["post-37934","post","type-post","status-publish","format-standard","has-post-thumbnail","hentry","category-news-progetti","tag-lavoro"],"acf":[],"_links":{"self":[{"href":"https:\/\/puntocometa.dev\/en\/wp-json\/wp\/v2\/posts\/37934","targetHints":{"allow":["GET"]}}],"collection":[{"href":"https:\/\/puntocometa.dev\/en\/wp-json\/wp\/v2\/posts"}],"about":[{"href":"https:\/\/puntocometa.dev\/en\/wp-json\/wp\/v2\/types\/post"}],"author":[{"embeddable":true,"href":"https:\/\/puntocometa.dev\/en\/wp-json\/wp\/v2\/users\/13"}],"replies":[{"embeddable":true,"href":"https:\/\/puntocometa.dev\/en\/wp-json\/wp\/v2\/comments?post=37934"}],"version-history":[{"count":1,"href":"https:\/\/puntocometa.dev\/en\/wp-json\/wp\/v2\/posts\/37934\/revisions"}],"predecessor-version":[{"id":1006297,"href":"https:\/\/puntocometa.dev\/en\/wp-json\/wp\/v2\/posts\/37934\/revisions\/1006297"}],"wp:featuredmedia":[{"embeddable":true,"href":"https:\/\/puntocometa.dev\/en\/wp-json\/wp\/v2\/media\/31368"}],"wp:attachment":[{"href":"https:\/\/puntocometa.dev\/en\/wp-json\/wp\/v2\/media?parent=37934"}],"wp:term":[{"taxonomy":"category","embeddable":true,"href":"https:\/\/puntocometa.dev\/en\/wp-json\/wp\/v2\/categories?post=37934"},{"taxonomy":"post_tag","embeddable":true,"href":"https:\/\/puntocometa.dev\/en\/wp-json\/wp\/v2\/tags?post=37934"}],"curies":[{"name":"wp","href":"https:\/\/api.w.org\/{rel}","templated":true}]}}