{"id":37195,"date":"2024-11-21T09:32:38","date_gmt":"2024-11-21T08:32:38","guid":{"rendered":"https:\/\/puntocometa.dev\/?p=37195"},"modified":"2024-11-21T09:32:38","modified_gmt":"2024-11-21T08:32:38","slug":"crescere-in-bellezza-evento-di-presentazione-dei-principi-del-metodo-dei-risultati-delle-storie-del-manifesto-e-della-pubblicazione-conclusiva-del-progetto-di-bellezza-si-vive","status":"publish","type":"post","link":"https:\/\/puntocometa.dev\/en\/crescere-in-bellezza-evento-di-presentazione-dei-principi-del-metodo-dei-risultati-delle-storie-del-manifesto-e-della-pubblicazione-conclusiva-del-progetto-di-bellezza-si-vive\/","title":{"rendered":"CRESCERE IN BELLEZZA &#8211; Evento di presentazione dei principi, del metodo, dei risultati, delle storie, del Manifesto e della pubblicazione conclusiva del progetto Di Bellezza Si Vive"},"content":{"rendered":"<p>Il 25 novembre si terr\u00e0 a Roma Crescere in Bellezza, l\u2019evento conclusivo del progetto Di Bellezza Si Vive che &#8211; ponendo al centro l\u2019intersoggettivit\u00e0 e la relazione &#8211; ha voluto scientificamente dimostrare come la bellezza (nel campo dell\u2019arte visiva, della musica, del teatro, della danza, del paesaggio, della cura dei luoghi) rappresenti un\u2019esperienza capace di estendere il potenziale delle persone da un punto di vista emozionale, cognitivo e comportamentale, contrastando la povert\u00e0 educativa, migliorando le condizioni di vita e riducendo i costi sociali.<\/p>\n<p>In quattro anni di sperimentazione sono stati coinvolti quasi 5.000 minori e le loro famiglie, pi\u00f9 di 160 insegnanti e educatori, pi\u00f9 di 20 scuole, 9 territori (Milano e Como, Messina e Catania, Torino e Rivoli, Poli, Frascati e Roma) e oltre 40 stakeholder territoriali pubblici e privati, avvalendosi della collaborazione di moltissimi artisti locali e nazionali, scienziati, artigiani, oratori e parrocchie, imprese, enti non profit e imprese culturali e creative, generando una comunit\u00e0 educante molto estesa e trans-disciplinare.<\/p>\n<p>Le 60 sperimentazioni realizzate sono state progettate con la metodologia Research Based Learning e hanno connesso molteplici esperienze di bellezza con 5 ambiti: famiglia, scuola, spazi di vita, luoghi culturali, mondi digitali, quali \u201carene emozionali-cognitive e educative\u201d in cui si generano tutte quelle criticit\u00e0 rilevanti che possono causare povert\u00e0 educativa e allo stesso tempo attivare potenzialit\u00e0 che &#8211; se sostenute e combinate attraverso l\u2019esperienza estetica e la bellezza &#8211; favoriscono processi di creativit\u00e0 ed emancipazione individuale e sociale.<\/p>\n<p>Durante l\u2019evento verranno presentati il Manifesto del progetto e l\u2019E-book contenente i principi, il metodo i risultati, le storie del progetto.<\/p>\n<p>Il Manifesto \u00e8 un documento che pone al centro dell\u2019apprendimento l\u2019importanza della relazione affettiva tra chi educa e chi \u00e8 educato e l\u2019urgenza di creare una nuova alleanza tra scienza, discipline umanistiche, artigianato, arte, transizione ecologica e tecnologica, ponendo enfasi sulla necessit\u00e0 di ri-orientare la formazione degli adulti ancor prima di quella dei minori.<br \/>\nL\u2019E-book traduce le indicazioni del Manifesto e ne diventa strumento operativo che permette un approccio relazionale, affettivo e cognitivo a diversi livelli di profondit\u00e0, attraverso modalit\u00e0 di interazione che si avvalgono di contenuti video, audio e testuali. Consultando l\u2019E-book \u00e8 possibile approfondire le premesse scientifiche da cui si sono originate le diverse sperimentazioni sui territori, conoscere i metodi di ricerca-azione e co-design, leggere alcune delle storie pi\u00f9 significative e rappresentative del progetto nei diversi ambiti di sperimentazione, leggere i risultati e gli impatti generati.<\/p>\n<p>Durante l\u2019evento si terr\u00e0 inoltre un Talk di approfondimento che porta al tavolo i partner protagonisti del progetto ed esperti del mondo dell\u2019educazione, della scienza, dell\u2019economia, della psicologia, della filantropia e del giornalismo per attivare un dialogo e un confronto sull\u2019importanza della dimensione estetica, economica e politica dell\u2019educare.<\/p>\n<p>Il futuro dell\u2019economia, del lavoro e dell\u2019umanit\u00e0\u202fdipendono\u202fanche dall\u2019educazione alla bellezza, che \u00e8 capace di estendere e rendere accessibili in modo universale i beni materiali e culturali. Educazione e politica sono poi due tasselli dello stesso puzzle.<br \/>\nPer cambiare \u00e8 necessario ri-fondare il senso dell\u2019educare anche sul valore politico della bellezza, favorendo nuove forme di apprendimento esperienziale, interdisciplinare e di inclusione. L\u2019educazione, il lavoro, la casa sono liberalit\u00e0 fondamentali di ogni essere umano e investire in un\u2019educazione di qualit\u00e0 basata sulla bellezza generatrice \u00e8 fondamentale soprattutto per assicurare l\u2019emancipazione di tutti.<\/p>\n<p>&nbsp;<\/p>\n<p data-ccp-border-bottom=\"0px none #000000\" data-ccp-padding-bottom=\"0px\" data-ccp-border-between=\"0px none #000000\" data-ccp-padding-between=\"0px\"><span style=\"color: #d4912c;\"><strong><em><span style=\"color: #d4912c;\"><a style=\"color: #d4912c;\" href=\"https:\/\/www.eventbrite.it\/e\/crescere-in-bellezza-tickets-1074374064749?aff=oddtdtcreator\" rel=\"nofollow noopener\" target=\"_blank\">CLICCA QUI<\/a> <\/span><\/em><span style=\"color: #333333;\">per iscriverti all&#8217;evento<\/span><\/strong><\/span><\/p>\n<p data-ccp-border-bottom=\"0px none #000000\" data-ccp-padding-bottom=\"0px\" data-ccp-border-between=\"0px none #000000\" data-ccp-padding-between=\"0px\"><span style=\"color: #d4912c;\"><strong><em><span style=\"color: #d4912c;\"><a style=\"color: #d4912c;\" href=\"https:\/\/puntocometa.dev\/wp-content\/uploads\/2024\/11\/DBSV_Programma-DEF_20112024_1.pdf\">CLICCA QUI<\/a><\/span> <\/em><span style=\"color: #333333;\">per leggere il programma dell&#8217;evento<\/span><\/strong><\/span><\/p>\n<hr \/>\n<p data-ccp-border-bottom=\"0px none #000000\" data-ccp-padding-bottom=\"0px\" data-ccp-border-between=\"0px none #000000\" data-ccp-padding-between=\"0px\"><em><strong><span style=\"color: #d4912c;\"><a style=\"color: #d4912c;\" href=\"https:\/\/puntocometa.dev\/wp-content\/uploads\/2024\/11\/DBSV-Manifesto_16102024.pdf\">LEGGI IL MANIFESTO<\/a><\/span><\/strong><\/em><\/p>\n<p data-ccp-border-bottom=\"0px none #000000\" data-ccp-padding-bottom=\"0px\" data-ccp-border-between=\"0px none #000000\" data-ccp-padding-between=\"0px\"><em><strong><span style=\"color: #d4912c;\"><a style=\"color: #d4912c;\" href=\"https:\/\/issuu.com\/vitamagazine\/docs\/pdf_-_ebook_-_di_bellezza_si_vive_light2-compresso\" rel=\"nofollow noopener\" target=\"_blank\">LEGGI L&#8217;EBOOK<\/a><\/span><\/strong><\/em><\/p>\n<hr \/>\n<p data-ccp-border-bottom=\"0px none #000000\" data-ccp-padding-bottom=\"0px\" data-ccp-border-between=\"0px none #000000\" data-ccp-padding-between=\"0px\"><span style=\"color: #d4912c;\">RASSEGNA STAMPA\u00a0<\/span><\/p>\n<p data-ccp-border-bottom=\"0px none #000000\" data-ccp-padding-bottom=\"0px\" data-ccp-border-between=\"0px none #000000\" data-ccp-padding-between=\"0px\">19\/11\/2024<br \/>\n<strong>VITA<br \/>\n<\/strong><em>Perch\u00e9 l\u2019educazione ha bisogno di mettere al centro la bellezza (e come fare)<br \/>\n<\/em><a href=\"https:\/\/www.vita.it\/perche-leducazione-ha-bisogno-di-mettere-al-centro-la-bellezza-e-come-fare\/\" target=\"_blank\" rel=\"noopener nofollow\">Leggi l\u2019articolo<\/a><\/p>\n<p data-ccp-border-bottom=\"0px none #000000\" data-ccp-padding-bottom=\"0px\" data-ccp-border-between=\"0px none #000000\" data-ccp-padding-between=\"0px\">\n","protected":false},"excerpt":{"rendered":"<p>Il 25 novembre si terr\u00e0 a Roma Crescere in Bellezza, l\u2019evento conclusivo del progetto Di Bellezza Si Vive che &#8211; ponendo al centro l\u2019intersoggettivit\u00e0 e la relazione &#8211; ha voluto scientificamente dimostrare come la bellezza (nel campo dell\u2019arte visiva, della musica, del teatro, della danza, del paesaggio, della cura dei luoghi) rappresenti un\u2019esperienza capace di [&hellip;]<\/p>\n","protected":false},"author":15,"featured_media":37199,"comment_status":"open","ping_status":"open","sticky":false,"template":"","format":"standard","meta":{"_acf_changed":false,"give_campaign_id":0,"footnotes":""},"categories":[69],"tags":[170],"class_list":["post-37195","post","type-post","status-publish","format-standard","has-post-thumbnail","hentry","category-eventi","tag-educazione"],"acf":[],"_links":{"self":[{"href":"https:\/\/puntocometa.dev\/en\/wp-json\/wp\/v2\/posts\/37195","targetHints":{"allow":["GET"]}}],"collection":[{"href":"https:\/\/puntocometa.dev\/en\/wp-json\/wp\/v2\/posts"}],"about":[{"href":"https:\/\/puntocometa.dev\/en\/wp-json\/wp\/v2\/types\/post"}],"author":[{"embeddable":true,"href":"https:\/\/puntocometa.dev\/en\/wp-json\/wp\/v2\/users\/15"}],"replies":[{"embeddable":true,"href":"https:\/\/puntocometa.dev\/en\/wp-json\/wp\/v2\/comments?post=37195"}],"version-history":[{"count":0,"href":"https:\/\/puntocometa.dev\/en\/wp-json\/wp\/v2\/posts\/37195\/revisions"}],"wp:featuredmedia":[{"embeddable":true,"href":"https:\/\/puntocometa.dev\/en\/wp-json\/wp\/v2\/media\/37199"}],"wp:attachment":[{"href":"https:\/\/puntocometa.dev\/en\/wp-json\/wp\/v2\/media?parent=37195"}],"wp:term":[{"taxonomy":"category","embeddable":true,"href":"https:\/\/puntocometa.dev\/en\/wp-json\/wp\/v2\/categories?post=37195"},{"taxonomy":"post_tag","embeddable":true,"href":"https:\/\/puntocometa.dev\/en\/wp-json\/wp\/v2\/tags?post=37195"}],"curies":[{"name":"wp","href":"https:\/\/api.w.org\/{rel}","templated":true}]}}