{"id":37184,"date":"2024-11-20T09:42:46","date_gmt":"2024-11-20T08:42:46","guid":{"rendered":"https:\/\/puntocometa.dev\/?p=37184"},"modified":"2024-11-20T09:42:46","modified_gmt":"2024-11-20T08:42:46","slug":"insieme-per-un-protagonismo-inclusivo-un-evento-di-cometa-per-presentare-un-corso-di-formazione-e-una-guida-turistica-pensati-per-le-persone-con-disabilita","status":"publish","type":"post","link":"https:\/\/puntocometa.dev\/en\/insieme-per-un-protagonismo-inclusivo-un-evento-di-cometa-per-presentare-un-corso-di-formazione-e-una-guida-turistica-pensati-per-le-persone-con-disabilita\/","title":{"rendered":"\u201cINSIEME PER UN PROTAGONISMO INCLUSIVO\u201d: UN EVENTO DI COMETA PER PRESENTARE UN CORSO DI FORMAZIONE E UNA GUIDA TURISTICA PENSATI PER LE PERSONE CON DISABILIT\u00c0"},"content":{"rendered":"<p><strong>Cometa ha a cuore che le persone con disabilit\u00e0 intellettiva abbiano un ruolo attivo nella societ\u00e0 e nel mondo del lavoro.<\/strong> Proprio di questi temi si \u00e8 parlato all\u2019evento <em>\u201cInsieme per un protagonismo inclusivo\u201d, <\/em>tenutosi a Como luned\u00ec 18 novembre. Durante l\u2019incontro, alla presenza delle autorit\u00e0 e della Ministra per le disabilit\u00e0 Alessandra Locatelli, \u00e8 stato <strong>presentato il nuovo corso professionalizzante di Cometa per persone con disabilit\u00e0 intellettiva e la nuova guida al turismo accessibile della citt\u00e0 di Como.<\/strong><\/p>\n<p>Durante l\u2019incontro il Ministro Locatelli ha sottolineato come <em>\u201cnoi parliamo di inclusione lavorativa, ma non solo. Parliamo di <strong>valorizzare le persone, i talenti, le competenze e di avere pi\u00f9 autonomia <\/strong>nella vita quotidiana; maggiore indipendenza e <strong>il diritto di tutti alla piena partecipazione alla vita civile, sociale e politica dei nostri Paesi<\/strong>\u201d <\/em>per poi proseguire ricordando che<em> \u201c\u00e8 fondamentale creare la consapevolezza in tutti che <strong>i talenti e le competenze delle persone, <\/strong>di tutte le persone,<strong> possono potenziare anche l&#8217;economia dei nostri Paesi.\u201d<\/strong><\/em><\/p>\n<p>Evidenziando ulteriormente questa visione, Alessandro Figini, responsabile dell\u2019Area disabilit\u00e0 e fragilit\u00e0-formazione e lavoro di Cometa, ha ricordato come \u201c<strong><em>nel lavoro<\/em><\/strong> <strong><em>ciascuno pu\u00f2 scoprire i propri talenti<\/em><\/strong><em>, maturare competenze professionali e raggiungere autonomie spendibili nella quotidianit\u00e0, <strong>sperimentando gratificazione e soddisfazione e portando un valore aggiunto agli altri e alla societ\u00e0.\u201d<\/strong><\/em><\/p>\n<p>In questa prospettiva, nel tempo sono nati all\u2019interno di Cometa il bar bistrot <em>Anagramma<\/em>, un laboratorio di pasticceria e la panetteria, <em>Il pane di Sandro<\/em>. Si sono poi aggiunte delle collaborazioni con il mondo profit che hanno portato alla nascita del negozio <em>for&amp;from <\/em>grazie a Inditex, di un work caf\u00e9 presso LVMH e del negozio\/outlet <em>in\u00b7store<\/em> grazie al gruppo Calzedonia.<\/p>\n<p><em>\u201cDall\u2019esperienza maturata nei luoghi di lavoro di Cometa<\/em> \u2013 ha proseguito Figini &#8211; <em>\u00e8 nata poi <strong>la volont\u00e0 di fornire alle persone con disabilit\u00e0 una formazione professionalizzante <\/strong>che <strong>migliori la qualit\u00e0 di vita, insegni una professione e quindi agevoli il loro ingresso nel mondo del lavoro e le accompagni nel passaggio alla vita adulta <\/strong>attraverso l\u2019acquisizione e lo sviluppo di maggiori autonomie.\u201d<\/em><\/p>\n<p>Da questo desiderio \u00e8 <strong>nato il primo corso di formazione professionalizzante per assistente alle vendite, un progetto in collaborazione con <\/strong><strong>Intesa Sanpaolo<\/strong><strong> sviluppato anche grazie alla collaborazione con Associazione APSA<\/strong>, realt\u00e0 spagnola che da tempo lavora in questo ambito a livello pedagogico e universitario, oltre che nel mondo del lavoro.<\/p>\n<p>Andrea Forghieri, Executive Director di Intesa Sanpaolo per il Sociale, commenta: <em>&#8220;<strong>Intesa Sanpaolo sostiene con convinzione il progetto di Cometa <\/strong>perch\u00e9 attraverso una formazione molto pragmatica offre a persone con disabilit\u00e0 intellettiva l\u2019opportunit\u00e0 di imparare una nuova professione e favorisce quindi una loro maggiore emancipazione. <strong>Rientra perfettamente nell\u2019impegno sociale del Gruppo<\/strong> di dare risposte concrete alle nostre comunit\u00e0 affiancando le migliori iniziative sul territorio.&#8221;<\/em><\/p>\n<p>Il corso sar\u00e0 suddiviso in due parti: <strong>una prima parte<\/strong> dalla durata di sei mesi focalizzata <strong>su lezioni teoriche, laboratori pratici in aula e sul campo nei negozi di Cometa<\/strong>, seguita da <strong>una seconda fase<\/strong> in cui i corsisti verranno <strong>inseriti in tirocini nelle aziende del territorio.<\/strong><\/p>\n<p>Riguardo al <strong>prezioso coinvolgimento delle aziende nel processo di inserimento lavorativo di persone con disabilit\u00e0 intellettiva <\/strong>Maria Cristina Span\u00f2, coordinatrice del corso, ha spiegato<em>: \u201cPer questo corso abbiamo <strong>arredato l&#8217;aula con dei cartelli scritti in un linguaggio semplificato corredati di immagini<\/strong>. Questi accorgimenti ad hoc possono essere<strong> strumenti e spunti anche per un&#8217;azienda, da poter introdurre all&#8217;interno dei propri ambienti. <\/strong>A volte \u00e8 semplicemente sufficiente poter allestire gli ambienti di lavoro con questi piccoli facilitatori per <strong>mettere anche persone con disabilit\u00e0 nelle condizioni di poter svolgere un lavoro.<\/strong> <\/em><br \/>\n<strong><em>La nostra non \u00e8 una formazione speciale.<\/em><\/strong><em> Al contrario \u00e8, una formazione specifica, che <strong>non vuole creare una bolla<\/strong> per le persone che hanno una disabilit\u00e0 intellettiva, ma al contrario <strong>accompagnarle nel mondo, lavorando sull\u2019inclusione lavorativa, in un percorso che insegni loro non solo a fare ma anche ad essere.\u201d<\/strong><\/em><\/p>\n<p>Dalla consapevolezza che <strong>un approccio personalizzato pu\u00f2 aprire all\u2019inclusione<\/strong> delle persone con disabilit\u00e0 intellettiva \u00e8 nata anche <strong><em>\u201cComo facile\u201d,<\/em> una guida turistica di Como in linguaggio facile da leggere, frutto della collaborazione tra Cometa e l\u2019Associazione APSA.<\/strong><\/p>\n<p>Come ricordato da Carlos Giner \u2013 direttore di Associazione APSA \u2013 nella prefazione alla guida <em>\u201cci\u00f2 che avete tra le mani non \u00e8 una semplice sintesi di raccomandazioni turistiche. \u00c8 stata infatti <strong>scritta e progettata in linguaggio facile da leggere, garantendone l\u2019accessibilit\u00e0<\/strong> a tutte le persone indipendentemente dalle loro capacit\u00e0, competenze linguistiche, et\u00e0 o provenienza. <strong>Crediamo fermamente nel diritto di tutti di poter accedere alla cultura e al tempo libero<\/strong> e questa guida \u00e8 un passo avanti verso una societ\u00e0 pi\u00f9 inclusiva, dove tutti i gruppi trovino spazio e possano esercitare pienamente i propri diritti. Confido nel fatto che questa guida non servir\u00e0 solo come risorsa preziosa per esplorare gli angoli pi\u00f9 belli di Como, ma anche <strong>per ispirare altri a vedere il turismo da un\u2019altra prospettiva.\u201d<\/strong><\/em><\/p>\n\n\t\t<style>\n\t\t\t#gallery-1 {\n\t\t\t\tmargin: auto;\n\t\t\t}\n\t\t\t#gallery-1 .gallery-item {\n\t\t\t\tfloat: left;\n\t\t\t\tmargin-top: 10px;\n\t\t\t\ttext-align: center;\n\t\t\t\twidth: 33%;\n\t\t\t}\n\t\t\t#gallery-1 img {\n\t\t\t\tborder: 2px solid #cfcfcf;\n\t\t\t}\n\t\t\t#gallery-1 .gallery-caption {\n\t\t\t\tmargin-left: 0;\n\t\t\t}\n\t\t\t\/* see gallery_shortcode() in wp-includes\/media.php *\/\n\t\t<\/style>\n\t\t<div id='gallery-1' class='gallery galleryid-37184 gallery-columns-3 gallery-size-full'><dl class='gallery-item'>\n\t\t\t<dt class='gallery-icon landscape'>\n\t\t\t\t<a href='https:\/\/puntocometa.dev\/en\/immagine-1\/'><img fetchpriority=\"high\" decoding=\"async\" width=\"2400\" height=\"1502\" src=\"https:\/\/puntocometa.dev\/wp-content\/uploads\/2024\/11\/immagine-1-1.jpg\" class=\"attachment-full size-full\" alt=\"-\" srcset=\"https:\/\/puntocometa.dev\/wp-content\/uploads\/2024\/11\/immagine-1-1.jpg 2400w, https:\/\/puntocometa.dev\/wp-content\/uploads\/2024\/11\/immagine-1-1-300x188.jpg 300w, https:\/\/puntocometa.dev\/wp-content\/uploads\/2024\/11\/immagine-1-1-1024x641.jpg 1024w, https:\/\/puntocometa.dev\/wp-content\/uploads\/2024\/11\/immagine-1-1-768x481.jpg 768w, https:\/\/puntocometa.dev\/wp-content\/uploads\/2024\/11\/immagine-1-1-1536x961.jpg 1536w, https:\/\/puntocometa.dev\/wp-content\/uploads\/2024\/11\/immagine-1-1-2048x1282.jpg 2048w\" sizes=\"(max-width: 2400px) 100vw, 2400px\" title=\"\"><\/a>\n\t\t\t<\/dt><\/dl><dl class='gallery-item'>\n\t\t\t<dt class='gallery-icon landscape'>\n\t\t\t\t<a href='https:\/\/puntocometa.dev\/en\/immagine-4\/'><img decoding=\"async\" width=\"800\" height=\"483\" src=\"https:\/\/puntocometa.dev\/wp-content\/uploads\/2024\/11\/immagine-6.jpg\" class=\"attachment-full size-full\" alt=\"-\" srcset=\"https:\/\/puntocometa.dev\/wp-content\/uploads\/2024\/11\/immagine-6.jpg 800w, https:\/\/puntocometa.dev\/wp-content\/uploads\/2024\/11\/immagine-6-300x181.jpg 300w, https:\/\/puntocometa.dev\/wp-content\/uploads\/2024\/11\/immagine-6-768x464.jpg 768w\" sizes=\"(max-width: 800px) 100vw, 800px\" title=\"\"><\/a>\n\t\t\t<\/dt><\/dl><dl class='gallery-item'>\n\t\t\t<dt class='gallery-icon landscape'>\n\t\t\t\t<a href='https:\/\/puntocometa.dev\/en\/immagine-4-2\/'><img decoding=\"async\" width=\"2000\" height=\"1333\" src=\"https:\/\/puntocometa.dev\/wp-content\/uploads\/2024\/11\/immagine-4-1.jpg\" class=\"attachment-full size-full\" alt=\"-\" srcset=\"https:\/\/puntocometa.dev\/wp-content\/uploads\/2024\/11\/immagine-4-1.jpg 2000w, https:\/\/puntocometa.dev\/wp-content\/uploads\/2024\/11\/immagine-4-1-300x200.jpg 300w, https:\/\/puntocometa.dev\/wp-content\/uploads\/2024\/11\/immagine-4-1-1024x682.jpg 1024w, https:\/\/puntocometa.dev\/wp-content\/uploads\/2024\/11\/immagine-4-1-768x512.jpg 768w, https:\/\/puntocometa.dev\/wp-content\/uploads\/2024\/11\/immagine-4-1-1536x1024.jpg 1536w\" sizes=\"(max-width: 2000px) 100vw, 2000px\" title=\"\"><\/a>\n\t\t\t<\/dt><\/dl><br style=\"clear: both\" \/><dl class='gallery-item'>\n\t\t\t<dt class='gallery-icon landscape'>\n\t\t\t\t<a href='https:\/\/puntocometa.dev\/en\/immagine-3-2\/'><img loading=\"lazy\" decoding=\"async\" width=\"800\" height=\"533\" src=\"https:\/\/puntocometa.dev\/wp-content\/uploads\/2024\/11\/immagine-3-1.jpg\" class=\"attachment-full size-full\" alt=\"-\" srcset=\"https:\/\/puntocometa.dev\/wp-content\/uploads\/2024\/11\/immagine-3-1.jpg 800w, https:\/\/puntocometa.dev\/wp-content\/uploads\/2024\/11\/immagine-3-1-300x200.jpg 300w, https:\/\/puntocometa.dev\/wp-content\/uploads\/2024\/11\/immagine-3-1-768x512.jpg 768w\" sizes=\"(max-width: 800px) 100vw, 800px\" title=\"\"><\/a>\n\t\t\t<\/dt><\/dl><dl class='gallery-item'>\n\t\t\t<dt class='gallery-icon landscape'>\n\t\t\t\t<a href='https:\/\/puntocometa.dev\/en\/immagine-5\/'><img loading=\"lazy\" decoding=\"async\" width=\"2400\" height=\"1555\" src=\"https:\/\/puntocometa.dev\/wp-content\/uploads\/2024\/11\/immagine-5-1.jpg\" class=\"attachment-full size-full\" alt=\"-\" srcset=\"https:\/\/puntocometa.dev\/wp-content\/uploads\/2024\/11\/immagine-5-1.jpg 2400w, https:\/\/puntocometa.dev\/wp-content\/uploads\/2024\/11\/immagine-5-1-300x194.jpg 300w, https:\/\/puntocometa.dev\/wp-content\/uploads\/2024\/11\/immagine-5-1-1024x663.jpg 1024w, https:\/\/puntocometa.dev\/wp-content\/uploads\/2024\/11\/immagine-5-1-768x498.jpg 768w, https:\/\/puntocometa.dev\/wp-content\/uploads\/2024\/11\/immagine-5-1-1536x995.jpg 1536w, https:\/\/puntocometa.dev\/wp-content\/uploads\/2024\/11\/immagine-5-1-2048x1327.jpg 2048w\" sizes=\"(max-width: 2400px) 100vw, 2400px\" title=\"\"><\/a>\n\t\t\t<\/dt><\/dl><dl class='gallery-item'>\n\t\t\t<dt class='gallery-icon landscape'>\n\t\t\t\t<a href='https:\/\/puntocometa.dev\/en\/immagine-2-3\/'><img loading=\"lazy\" decoding=\"async\" width=\"2400\" height=\"1673\" src=\"https:\/\/puntocometa.dev\/wp-content\/uploads\/2024\/11\/immagine-2-1.jpg\" class=\"attachment-full size-full\" alt=\"-\" srcset=\"https:\/\/puntocometa.dev\/wp-content\/uploads\/2024\/11\/immagine-2-1.jpg 2400w, https:\/\/puntocometa.dev\/wp-content\/uploads\/2024\/11\/immagine-2-1-300x209.jpg 300w, https:\/\/puntocometa.dev\/wp-content\/uploads\/2024\/11\/immagine-2-1-1024x714.jpg 1024w, https:\/\/puntocometa.dev\/wp-content\/uploads\/2024\/11\/immagine-2-1-768x535.jpg 768w, https:\/\/puntocometa.dev\/wp-content\/uploads\/2024\/11\/immagine-2-1-1536x1071.jpg 1536w, https:\/\/puntocometa.dev\/wp-content\/uploads\/2024\/11\/immagine-2-1-2048x1428.jpg 2048w\" sizes=\"(max-width: 2400px) 100vw, 2400px\" title=\"\"><\/a>\n\t\t\t<\/dt><\/dl><br style=\"clear: both\" \/>\n\t\t<\/div>\n\n<p>&nbsp;<\/p>\n","protected":false},"excerpt":{"rendered":"<p>Cometa ha a cuore che le persone con disabilit\u00e0 intellettiva abbiano un ruolo attivo nella societ\u00e0 e nel mondo del lavoro. Proprio di questi temi si \u00e8 parlato all\u2019evento \u201cInsieme per un protagonismo inclusivo\u201d, tenutosi a Como luned\u00ec 18 novembre. Durante l\u2019incontro, alla presenza delle autorit\u00e0 e della Ministra per le disabilit\u00e0 Alessandra Locatelli, \u00e8 [&hellip;]<\/p>\n","protected":false},"author":15,"featured_media":37190,"comment_status":"open","ping_status":"open","sticky":false,"template":"","format":"standard","meta":{"_acf_changed":false,"give_campaign_id":0,"footnotes":""},"categories":[69],"tags":[140],"class_list":["post-37184","post","type-post","status-publish","format-standard","has-post-thumbnail","hentry","category-eventi","tag-lavoro"],"acf":[],"_links":{"self":[{"href":"https:\/\/puntocometa.dev\/en\/wp-json\/wp\/v2\/posts\/37184","targetHints":{"allow":["GET"]}}],"collection":[{"href":"https:\/\/puntocometa.dev\/en\/wp-json\/wp\/v2\/posts"}],"about":[{"href":"https:\/\/puntocometa.dev\/en\/wp-json\/wp\/v2\/types\/post"}],"author":[{"embeddable":true,"href":"https:\/\/puntocometa.dev\/en\/wp-json\/wp\/v2\/users\/15"}],"replies":[{"embeddable":true,"href":"https:\/\/puntocometa.dev\/en\/wp-json\/wp\/v2\/comments?post=37184"}],"version-history":[{"count":0,"href":"https:\/\/puntocometa.dev\/en\/wp-json\/wp\/v2\/posts\/37184\/revisions"}],"wp:featuredmedia":[{"embeddable":true,"href":"https:\/\/puntocometa.dev\/en\/wp-json\/wp\/v2\/media\/37190"}],"wp:attachment":[{"href":"https:\/\/puntocometa.dev\/en\/wp-json\/wp\/v2\/media?parent=37184"}],"wp:term":[{"taxonomy":"category","embeddable":true,"href":"https:\/\/puntocometa.dev\/en\/wp-json\/wp\/v2\/categories?post=37184"},{"taxonomy":"post_tag","embeddable":true,"href":"https:\/\/puntocometa.dev\/en\/wp-json\/wp\/v2\/tags?post=37184"}],"curies":[{"name":"wp","href":"https:\/\/api.w.org\/{rel}","templated":true}]}}