{"id":36894,"date":"2024-09-13T12:30:14","date_gmt":"2024-09-13T10:30:14","guid":{"rendered":"https:\/\/puntocometa.dev\/?p=36894"},"modified":"2024-09-13T12:30:14","modified_gmt":"2024-09-13T10:30:14","slug":"iscriviti-alla-conferenza-eccellenza-inclusiva-e-competitivita-un-nuovo-modo-di-fare-inclusione-per-imprese-istituzioni-e-scuole","status":"publish","type":"post","link":"https:\/\/puntocometa.dev\/en\/iscriviti-alla-conferenza-eccellenza-inclusiva-e-competitivita-un-nuovo-modo-di-fare-inclusione-per-imprese-istituzioni-e-scuole\/","title":{"rendered":"Iscriviti alla conferenza &#8220;Eccellenza inclusiva e competitivit\u00e0. Un nuovo modo di fare inclusione per imprese, istituzioni e scuole&#8221; &#8211; The GIVE Project"},"content":{"rendered":"<p><b><i>Background<\/i><\/b><\/p>\n<p>Nell&#8217;istruzione e nel mondo del lavoro \u00e8 necessario un cambiamento che accompagni il passaggio da un <b>approccio<\/b> performativo a uno <b>centrato sull&#8217;uomo<\/b> e che aiuti ognuno a scoprire la propria unicit\u00e0 e dia la possibilit\u00e0 di trovare il proprio posto nel mondo. Questo approccio non \u00e8 solo uno strumento prezioso per orientare, ma una condizione fondamentale affinch\u00e9 ognuno possa esprimere la propria <b>eccellenza<\/b>. ll <b>progetto GIVE<\/b>, promosso da Cometa, mira a promuovere un <b>approccio basato sull\u2019Eccellenza Inclusiva<\/b> fondato su due principi: <b>apprendimento attraverso l\u2019esperienza <\/b>(reality-based learning) e<b> personalizzazione<\/b>. Una occasione privilegiata per sperimentare questo approccio \u00e8 rappresentata dalle esperienze di <b>tirocini e mobilit\u00e0 transnazionali<\/b> degli studenti nell&#8217;ambito di GIVE un\u2019opportunit\u00e0 di esperienza di work-based learning in un contesto lavorativo reale. La mobilit\u00e0 rappresenta non solo occasione di apprendimento ma anche uno strumento per le stesse aziende per la transizione a una nuova cultura del lavoro, dove l\u2019inclusione diventa uno strumento di <b>competitivit\u00e0<\/b> in grado di offrire numerosi vantaggi, tra cui il miglioramento delle competenze, l&#8217;aumento dell&#8217;engagement dei dipendenti, la promozione dell&#8217;innovazione e lo sviluppo della leadership. L\u2019eccellenza inclusiva promossa dal progetto \u201cGIVE\u201d favorisce quindi un modello in cui la formazione professionale si fa motore per la creazione di ecosistemi inclusivi , grazie alla collaborazione con imprese e decisori pubblici. Con questo approccio \u00e8 possibile generare impatti positivi non solo sulle persone e sulle comunit\u00e0, ma anche sul sistema delle imprese e delle policy. Affinch\u00e9 tale approccio non sia solo un\u2019idea, ma un fatto reale e tangibile occorrono azioni di sistema, messe in atto e <b>co-costruite da tutti gli attori coinvolti<\/b> (aziende, centri di formazione professionale,\u00a0istituzioni, studenti, famiglie) con l\u2019obiettivo ultimo di creare alleanze stabili, consolidate e sostenibili nel tempo<\/p>\n<p><b><i>Obiettivo<\/i><\/b><\/p>\n<p>L\u2019obiettivo della conferenza \u00e8 rafforzare il processo di costruzione di una<b> piattaforma<\/b> attraverso la quale <b>le pratiche realizzate dal progetto GIVE<\/b> possano contribuire a promuovere esperienze di <b>formazione e lavoro inclusive<\/b> anche<b> attraverso tirocini e mobilit\u00e0 internazionali<\/b>.<b><\/b><\/p>\n<p>Ne parleremo insieme\u00a0 durante la Conferenza &#8220;<strong>ECCELLENZA INCLUSIVA E COMPETITIVIT\u00c0. UN NUOVO MODO DI FARE INCLUSIONE PER IMPRESE, ISTITUZIONI E SCUOLE<\/strong>&#8220;, organizzata da Cometa <strong>all&#8217;interno del progetto GIVE,<\/strong><strong>\u00a0<\/strong>in collaborazione con<strong>\u00a0<\/strong>la Camera di Commercio Como -Lecco.<strong>\u00a0<\/strong><\/p>\n<p><strong>\ud83d\udcc5 30 Ottobre 2024<br \/>\n<\/strong><strong>\u23f0 dalle 14.30 alle 19.00<\/strong><br \/>\n<strong>\ud83d\udccd Auditorium Giuseppe Scacchi presso la Camera di Commercio Como-Lecco<\/strong> (Via Parini, 16 Como)<\/p>\n<p><b>La Conferenza \u00e8 organizzata da\u00a0<a href=\"https:\/\/puntocometa.dev\/\">Cometa\u00a0<\/a>all&#8217;interno di\u00a0<a href=\"https:\/\/www.thegiveproject.eu\/\" rel=\"nofollow noopener\" target=\"_blank\">The GIVE Project \u2013 Governance for Inclusive Vocational Excellence<\/a>) con il patrocinio di Camera di Commercio Como-Lecco.<\/b><\/p>\n<p>I tirocini all\u2019estero si sono rivelati strumento utile per offrire esperienze di \u201cwork-based learning\u201d in un contesto lavorativo reale e occasione per le aziende per una transizione a una nuova cultura del lavoro, dove l\u2019inclusione diventa uno strumento di\u00a0<strong>competitivit\u00e0.\u00a0<\/strong><\/p>\n<p>La Conferenza sar\u00e0 in presenza.\u00a0<strong>Per partecipare iscriviti a questo <a href=\"https:\/\/click.comunicazioni.puntocometa.org\/?qs=b9c10aa5efd870727ecfa0916bf76cad5538990b855fcb33b699bdd5fe6cdddce0e539c4ee9444ba5efcc71f50991657946e6fa574c8dd3a\" rel=\"nofollow noopener\" target=\"_blank\">link<\/a>.\u00a0<\/strong><\/p>\n<p><a href=\"https:\/\/docs.google.com\/forms\/d\/e\/1FAIpQLScZVV03WGHYgImf06ef9dnFYR541MpnvZ4jDWxCXqActsHqVg\/viewform\" rel=\"nofollow noopener\" target=\"_blank\"><img fetchpriority=\"high\" decoding=\"async\" class=\"alignnone wp-image-37013\" src=\"https:\/\/puntocometa.dev\/wp-content\/uploads\/2024\/09\/GIVE-conference-SAVE-THE-DATE-2-1024x158.png\" alt=\"-\" width=\"725\" height=\"112\" title=\"\"><\/a><\/p>\n<p><a href=\"https:\/\/www.linkedin.com\/uas\/login?session_redirect=https%3A%2F%2Fwww.linkedin.com%2Fgroups%2F9236845%2F\" rel=\"nofollow noopener\" target=\"_blank\"><img decoding=\"async\" class=\"alignnone wp-image-37012\" src=\"https:\/\/puntocometa.dev\/wp-content\/uploads\/2024\/09\/SCARICA-LE-FOTO-DELLEVENTO-3.png\" alt=\"-\" width=\"726\" height=\"88\" title=\"\"><\/a><\/p>\n<p><a href=\"https:\/\/www.linkedin.com\/uas\/login?session_redirect=https%3A%2F%2Fwww.linkedin.com%2Fgroups%2F9236845%2F\" rel=\"nofollow noopener\" target=\"_blank\"><img decoding=\"async\" class=\"alignnone wp-image-37011 \" src=\"https:\/\/puntocometa.dev\/wp-content\/uploads\/2024\/09\/SCARICA-LE-FOTO-DELLEVENTO-2.png\" alt=\"-\" width=\"726\" height=\"88\" title=\"\"><\/a><\/p>\n<p><img loading=\"lazy\" decoding=\"async\" class=\"alignnone wp-image-37015 size-large\" src=\"https:\/\/puntocometa.dev\/wp-content\/uploads\/2024\/09\/GIVE-conference-SAVE-THE-DATE-3-724x1024.png\" alt=\"-\" width=\"724\" height=\"1024\" title=\"\"><\/p>\n<p><img loading=\"lazy\" decoding=\"async\" class=\"alignnone wp-image-37050 \" src=\"https:\/\/puntocometa.dev\/wp-content\/uploads\/2024\/09\/AGENDA-30.10.24-2.png\" alt=\"-\" width=\"725\" height=\"1026\" title=\"\"><\/p>\n","protected":false},"excerpt":{"rendered":"<p>Background Nell&#8217;istruzione e nel mondo del lavoro \u00e8 necessario un cambiamento che accompagni il passaggio da un approccio performativo a uno centrato sull&#8217;uomo e che aiuti ognuno a scoprire la propria unicit\u00e0 e dia la possibilit\u00e0 di trovare il proprio posto nel mondo. Questo approccio non \u00e8 solo uno strumento prezioso per orientare, ma una [&hellip;]<\/p>\n","protected":false},"author":15,"featured_media":37009,"comment_status":"open","ping_status":"open","sticky":false,"template":"","format":"standard","meta":{"_acf_changed":false,"give_campaign_id":0,"footnotes":""},"categories":[69],"tags":[170],"class_list":["post-36894","post","type-post","status-publish","format-standard","has-post-thumbnail","hentry","category-eventi","tag-educazione"],"acf":[],"_links":{"self":[{"href":"https:\/\/puntocometa.dev\/en\/wp-json\/wp\/v2\/posts\/36894","targetHints":{"allow":["GET"]}}],"collection":[{"href":"https:\/\/puntocometa.dev\/en\/wp-json\/wp\/v2\/posts"}],"about":[{"href":"https:\/\/puntocometa.dev\/en\/wp-json\/wp\/v2\/types\/post"}],"author":[{"embeddable":true,"href":"https:\/\/puntocometa.dev\/en\/wp-json\/wp\/v2\/users\/15"}],"replies":[{"embeddable":true,"href":"https:\/\/puntocometa.dev\/en\/wp-json\/wp\/v2\/comments?post=36894"}],"version-history":[{"count":0,"href":"https:\/\/puntocometa.dev\/en\/wp-json\/wp\/v2\/posts\/36894\/revisions"}],"wp:featuredmedia":[{"embeddable":true,"href":"https:\/\/puntocometa.dev\/en\/wp-json\/wp\/v2\/media\/37009"}],"wp:attachment":[{"href":"https:\/\/puntocometa.dev\/en\/wp-json\/wp\/v2\/media?parent=36894"}],"wp:term":[{"taxonomy":"category","embeddable":true,"href":"https:\/\/puntocometa.dev\/en\/wp-json\/wp\/v2\/categories?post=36894"},{"taxonomy":"post_tag","embeddable":true,"href":"https:\/\/puntocometa.dev\/en\/wp-json\/wp\/v2\/tags?post=36894"}],"curies":[{"name":"wp","href":"https:\/\/api.w.org\/{rel}","templated":true}]}}