{"id":35158,"date":"2023-12-19T12:20:59","date_gmt":"2023-12-19T11:20:59","guid":{"rendered":"https:\/\/puntocometa.dev\/?p=35158"},"modified":"2023-12-19T12:20:59","modified_gmt":"2023-12-19T11:20:59","slug":"incontrarti-intrecci-di-musica-e-parole-per-vivere-la-cultura-da-protagonisti-alla-scoperta-della-bellezza-di-se-dellaltro-e-del-territorio","status":"publish","type":"post","link":"https:\/\/puntocometa.dev\/en\/incontrarti-intrecci-di-musica-e-parole-per-vivere-la-cultura-da-protagonisti-alla-scoperta-della-bellezza-di-se-dellaltro-e-del-territorio\/","title":{"rendered":"INCONTRARTI: INTRECCI DI MUSICA E PAROLE PER VIVERE LA CULTURA DA PROTAGONISTI, ALLA SCOPERTA DELLA BELLEZZA DI S\u00c9, DELL&#8217;ALTRO E DEL TERRITORIO\u202f"},"content":{"rendered":"<p><span data-ccp-props=\"{&quot;201341983&quot;:0,&quot;335559739&quot;:160,&quot;335559740&quot;:259}\">\u00a0<\/span><span data-contrast=\"auto\">Musica e parole per una cultura diffusa e accessibile a Como e Provincia. La Cometa, il Manto, AsLiCo, e Sentiero dei sogni Aps, insieme grazie a \u201cIncontrArti\u201d, il progetto sostenuto da Fondazione Cariplo iniziato nel 2022 con l\u2019obiettivo di rendere maggiormente fruibili la cultura e gli eventi culturali sul territorio comasco, avvicinando i giovani e, in particolar modo, i minori in condizione di povert\u00e0 educativa o provenienti da famiglie in condizioni di fragilit\u00e0. Un\u2019idea nata dall\u2019analisi del preoccupante contesto post-pandemico, tracciato dai numeri: secondo il Rapporto annuale Istat, nel 2020 oltre 2 milioni di famiglie (il 7,7% del totale) versavano in condizione di povert\u00e0 assoluta. Una condizione che riguardava 1 milione e 337mila minori (il 13,5%). Alla povert\u00e0 economica si univa quella educativa, strettamente connessa alle possibilit\u00e0 delle famiglie in cui i bambini crescono. Nel 2020, negli indicatori di Cultura e Tempo Libero, che vanno a determinare la qualit\u00e0 della vita secondo il Sole 24 Ore, Como era 84esima su 107.\u00a0<\/span><span data-ccp-props=\"{&quot;201341983&quot;:0,&quot;335551550&quot;:6,&quot;335551620&quot;:6,&quot;335559739&quot;:160,&quot;335559740&quot;:259}\">\u00a0<\/span><\/p>\n<p><span data-contrast=\"auto\">Per contrastare questo scenario \u00e8 nato, dunque, \u201c<\/span><b><span data-contrast=\"auto\">IncontrArti\u201d, con l\u2019obiettivo di avvicinare alla cultura attraverso percorsi formativi ed educativi proprio quei minori in condizione di fragilit\u00e0, coinvolgendo, al contempo, l\u2019intera comunit\u00e0 comasca nella fruizione di eventi culturali sul territorio, e perseguendo, quindi, come dice il nome, l\u2019incontro e lo scambio attraverso l\u2019arte<\/span><\/b><span data-contrast=\"auto\">. Diverse le linee di intervento, nelle quali sono stati miscelati laboratori per la fascia d\u2019et\u00e0 tra i 6 e i 18 anni \u2013 volti promuovere lo sviluppo di capacit\u00e0 e competenze cognitive, emotive e sociali, necessarie per facilitare l\u2019inclusione all\u2019interno della comunit\u00e0 \u2013 ed appuntamenti finalizzati a facilitare il processo di riappropriazione, da parte della cittadinanza, dei luoghi simbolo del territorio.<\/span><span data-ccp-props=\"{&quot;201341983&quot;:0,&quot;335551550&quot;:6,&quot;335551620&quot;:6,&quot;335559739&quot;:160,&quot;335559740&quot;:259}\">\u00a0<\/span><\/p>\n<p><span data-contrast=\"auto\">Una prima linea d\u2019intervento ha riguardato <\/span><b><span data-contrast=\"auto\">la scoperta della musica lirica da parte dei bambini e degli adolescenti dai 6 ai 14 anni,<\/span><\/b><span data-contrast=\"auto\"> partendo dai laboratori coreutici di voci bianche del Teatro Sociale di Como Aslico e di Cometa. Un\u2019attivit\u00e0 propedeutica alla rappresentazione congiunta di \u201cTurandot. Enigmi al museo\u201d, per la XXVII edizione di Opera Domani ispirata a Turandot di Giacomo Puccini a febbraio 2024. Ma all\u2019Opera \u00e8 stato <\/span><b><span data-contrast=\"auto\">collegato anche un laboratorio di lettura ad alta voce<\/span><\/b><span data-contrast=\"auto\">, per i bambini del coro alla scoperta della trama e dei canti e per gli studenti della scuola Oliver Twist, che a partire da Turandot scoprono parallelismi e nessi con il mondo attuale. Infine, non sono mancate passeggiate storiche sul territorio a cura del Sentiero dei sogni, alla (ri)scoperta dei luoghi, delle storie e dei personaggi simbolo del comasco.<\/span><span data-ccp-props=\"{&quot;201341983&quot;:0,&quot;335551550&quot;:6,&quot;335551620&quot;:6,&quot;335559739&quot;:160,&quot;335559740&quot;:259}\">\u00a0<\/span><\/p>\n<p><span data-contrast=\"auto\">Una seconda linea, invece, ha riguardato <\/span><b><span data-contrast=\"auto\">la lettura, come potente strumento per conoscere il mondo e creare collegamenti.<\/span><\/b><span data-contrast=\"auto\"> I laboratori di lettura ad alta voce promossi dal progetto, infatti, sono costruiti ad hoc sul gruppo di bambini coinvolti, <\/span><b><span data-contrast=\"auto\">usando la multidisciplinariet\u00e0 delle parole, del disegno, della scrittura e della lettura come un viaggio alla scoperta di s\u00e9 e del mondo.<\/span><\/b><span data-contrast=\"auto\"> A sostegno della lettura anche l\u2019attivit\u00e0 di progettazione e costruzione di casette di bookcrossing realizzate da Sentiero dei Sogni Aps e da Cometa e i suoi studenti del settore legno della Scuola Oliver Twist. Posizionate su luoghi chiave o simbolo del territorio comasco, le casette saranno inserite nella Lake Como Poetry Way \u2013 progetto che, tra le altre cose, mappa tutti i punti di bookcrossing del territorio, in collaborazione con il progetto mondiale WikiVoyage. Questi nuovi punti di scambio saranno accompagnati da eventi di inaugurazione, aperti, gratuiti e accessibili, per tornare a <\/span><b><span data-contrast=\"auto\">legare i fili tra tutte le persone e il proprio territorio con tutto il patrimonio culturale da scoprire e riscoprire, dalla provincia, alla periferia, alla citt\u00e0.\u00a0<\/span><\/b><span data-ccp-props=\"{&quot;201341983&quot;:0,&quot;335551550&quot;:6,&quot;335551620&quot;:6,&quot;335559739&quot;:160,&quot;335559740&quot;:259}\">\u00a0<\/span><\/p>\n<p><span data-contrast=\"auto\">Per due anni, dunque, <\/span><b><span data-contrast=\"auto\">la cultura e l\u2019arte sono state e saranno il mezzo per far crescere bambini e ragazzi, sviluppando competenze e autoconsapevolezza, ma al contempo l\u2019occasione per creare inclusione, attraverso l\u2019incontro e la conoscenza reciproca.<\/span><\/b><span data-contrast=\"auto\"> Facendo ci\u00f2, il progetto avr\u00e0 cura di diffondere con ogni <\/span><b><span data-contrast=\"auto\">mezzo la cultura in tutte le sue forme, rendendo anch\u2019essa inclusiva perch\u00e9 fruibile e accessibile a tutti, da chi ne \u00e8 abituale frequentatore a chi non pu\u00f2 e non riesce a goderne nella vita quotidiana, abbattendo pregiudizi e stereotipi.\u00a0<\/span><\/b><span data-ccp-props=\"{&quot;201341983&quot;:0,&quot;335551550&quot;:6,&quot;335551620&quot;:6,&quot;335559739&quot;:160,&quot;335559740&quot;:259}\">\u00a0<\/span><\/p>\n<p><img fetchpriority=\"high\" decoding=\"async\" class=\"alignnone size-medium wp-image-35159\" src=\"https:\/\/puntocometa.dev\/wp-content\/uploads\/2023\/12\/1-300x225.jpeg\" alt=\"-\" width=\"300\" height=\"225\" title=\"\"> <img decoding=\"async\" class=\"alignnone size-medium wp-image-35160\" src=\"https:\/\/puntocometa.dev\/wp-content\/uploads\/2023\/12\/2-300x283.jpeg\" alt=\"-\" width=\"300\" height=\"283\" title=\"\"> <img decoding=\"async\" class=\"alignnone size-medium wp-image-35161\" src=\"https:\/\/puntocometa.dev\/wp-content\/uploads\/2023\/12\/3-300x237.jpeg\" alt=\"-\" width=\"300\" height=\"237\" title=\"\"> <img loading=\"lazy\" decoding=\"async\" class=\"alignnone size-medium wp-image-35162\" src=\"https:\/\/puntocometa.dev\/wp-content\/uploads\/2023\/12\/4-300x225.jpeg\" alt=\"-\" width=\"300\" height=\"225\" title=\"\"> <img loading=\"lazy\" decoding=\"async\" class=\"alignnone size-medium wp-image-35163\" src=\"https:\/\/puntocometa.dev\/wp-content\/uploads\/2023\/12\/5-300x225.jpeg\" alt=\"-\" width=\"300\" height=\"225\" title=\"\"> <img loading=\"lazy\" decoding=\"async\" class=\"alignnone size-medium wp-image-35164\" src=\"https:\/\/puntocometa.dev\/wp-content\/uploads\/2023\/12\/8-300x225.jpeg\" alt=\"-\" width=\"300\" height=\"225\" title=\"\"><\/p>\n<p><span data-ccp-props=\"{&quot;201341983&quot;:0,&quot;335559739&quot;:160,&quot;335559740&quot;:259}\">\u00a0<\/span><\/p>\n","protected":false},"excerpt":{"rendered":"<p>\u00a0Musica e parole per una cultura diffusa e accessibile a Como e Provincia. La Cometa, il Manto, AsLiCo, e Sentiero dei sogni Aps, insieme grazie a \u201cIncontrArti\u201d, il progetto sostenuto da Fondazione Cariplo iniziato nel 2022 con l\u2019obiettivo di rendere maggiormente fruibili la cultura e gli eventi culturali sul territorio comasco, avvicinando i giovani e, [&hellip;]<\/p>\n","protected":false},"author":15,"featured_media":35159,"comment_status":"open","ping_status":"open","sticky":false,"template":"","format":"standard","meta":{"_acf_changed":false,"give_campaign_id":0,"footnotes":""},"categories":[122],"tags":[66],"class_list":["post-35158","post","type-post","status-publish","format-standard","has-post-thumbnail","hentry","category-news","tag-accoglienza"],"acf":[],"_links":{"self":[{"href":"https:\/\/puntocometa.dev\/en\/wp-json\/wp\/v2\/posts\/35158","targetHints":{"allow":["GET"]}}],"collection":[{"href":"https:\/\/puntocometa.dev\/en\/wp-json\/wp\/v2\/posts"}],"about":[{"href":"https:\/\/puntocometa.dev\/en\/wp-json\/wp\/v2\/types\/post"}],"author":[{"embeddable":true,"href":"https:\/\/puntocometa.dev\/en\/wp-json\/wp\/v2\/users\/15"}],"replies":[{"embeddable":true,"href":"https:\/\/puntocometa.dev\/en\/wp-json\/wp\/v2\/comments?post=35158"}],"version-history":[{"count":0,"href":"https:\/\/puntocometa.dev\/en\/wp-json\/wp\/v2\/posts\/35158\/revisions"}],"wp:featuredmedia":[{"embeddable":true,"href":"https:\/\/puntocometa.dev\/en\/wp-json\/wp\/v2\/media\/35159"}],"wp:attachment":[{"href":"https:\/\/puntocometa.dev\/en\/wp-json\/wp\/v2\/media?parent=35158"}],"wp:term":[{"taxonomy":"category","embeddable":true,"href":"https:\/\/puntocometa.dev\/en\/wp-json\/wp\/v2\/categories?post=35158"},{"taxonomy":"post_tag","embeddable":true,"href":"https:\/\/puntocometa.dev\/en\/wp-json\/wp\/v2\/tags?post=35158"}],"curies":[{"name":"wp","href":"https:\/\/api.w.org\/{rel}","templated":true}]}}