{"id":35078,"date":"2023-12-01T14:25:26","date_gmt":"2023-12-01T13:25:26","guid":{"rendered":"https:\/\/puntocometa.dev\/?p=35078"},"modified":"2023-12-01T14:25:26","modified_gmt":"2023-12-01T13:25:26","slug":"i-bambini-contano-la-storia-di-grace","status":"publish","type":"post","link":"https:\/\/puntocometa.dev\/en\/i-bambini-contano-la-storia-di-grace\/","title":{"rendered":"I BAMBINI CONTANO: LA STORIA DI GRACE"},"content":{"rendered":"<p><span data-contrast=\"auto\">Grace <em>(nome di fantasia)<\/em> \u00e8 una bambina di otto anni che dall\u2019anno scorso frequenta il centro diurno <\/span><i><span data-contrast=\"auto\">Una Casa Per Crescere <\/span><\/i><span data-contrast=\"auto\">di Cometa. Qui, tutti i pomeriggi, sta insieme ai suoi amici e agli educatori. Dopo i primi tempi di timidezza, con il tempo si \u00e8 trovata sempre pi\u00f9 a suo agio mostrando il suo carattere <\/span><b><span data-contrast=\"auto\">allegro, curioso e vivace<\/span><\/b><span data-contrast=\"auto\">. Pomeriggio dopo pomeriggio \u00e8 emersa per\u00f2 anche <\/span><b><span data-contrast=\"auto\">la sua difficolt\u00e0 a stare al passo con i programmi scolastici e le sue tante fatiche quotidiane.\u00a0<\/span><\/b><span data-ccp-props=\"{&quot;201341983&quot;:0,&quot;335551550&quot;:6,&quot;335551620&quot;:6,&quot;335559739&quot;:160,&quot;335559740&quot;:259}\"><br \/>\n<\/span><span data-contrast=\"auto\">Grazie all\u2019accompagnamento degli educatori e al sostegno di Cometa e BPM con il progetto \u201cI bambini contano\u201d, Grace ha iniziato un <\/span><b><span data-contrast=\"auto\">percorso di supporto al Centro per l\u2019et\u00e0 evolutiva <\/span><\/b><b><i><span data-contrast=\"auto\">Il Melograno<\/span><\/i><\/b><span data-contrast=\"auto\">, pensato per aiutarla nell\u2019apprendimento e per capire, grazie a un\u2019\u00e9quipe di professionisti, quali fossero le sue difficolt\u00e0 cognitive e il percorso migliore da intraprendere. <\/span><span data-ccp-props=\"{&quot;201341983&quot;:0,&quot;335551550&quot;:6,&quot;335551620&quot;:6,&quot;335559739&quot;:160,&quot;335559740&quot;:259}\"><br \/>\n<\/span><span data-contrast=\"auto\">Dopo tante difficolt\u00e0 e preoccupazioni, anche da parte della famiglia, <\/span><b><span data-contrast=\"auto\">da quest\u2019anno Grace ha iniziato pi\u00f9 serena la terza elementare e al suo fianco ha un insegnante di sostegno. <\/span><\/b><span data-contrast=\"auto\">Finalmente Grace ha un percorso pensato apposta per lei, per aiutarla sempre di pi\u00f9 nello sviluppo del linguaggio e per superare le sue difficolt\u00e0. <\/span><b><span data-contrast=\"auto\">Non \u00e8 pi\u00f9 sola<\/span><\/b><span data-contrast=\"auto\">. E nemmeno la sua famiglia. <\/span><b><span data-contrast=\"auto\">Ha un\u2019equipe che ogni giorno la sostiene e che crede nelle sue potenzialit\u00e0. <\/span><\/b><span data-ccp-props=\"{&quot;201341983&quot;:0,&quot;335551550&quot;:6,&quot;335551620&quot;:6,&quot;335559739&quot;:160,&quot;335559740&quot;:259}\">\u00a0<\/span><\/p>\n<p><span data-contrast=\"auto\">L\u2019importanza dei percorsi resi possibili grazie al progetto \u201cI Bambini Contano\u201d pu\u00f2 essere compresa anche dalle parole di <\/span><b><span data-contrast=\"auto\">Michela, psicoterapeuta presso <\/span><\/b><b><i><span data-contrast=\"auto\">Il Melograno<\/span><\/i><\/b><span data-contrast=\"auto\">: <\/span><i><span data-contrast=\"auto\">\u201cHo una bambina in carico, che tramite il progetto pu\u00f2 intraprendere un percorso che altrimenti non avrebbe mai fatto, ed \u00e8 fondamentale per determinate situazioni socioeconomiche avere un supporto. Grazie al progetto stiamo dando la possibilit\u00e0 a famiglie e bambini che non possono intraprendere un percorso autonomamente, di essere aiutati e di prenderli in carico. <\/span><\/i><b><i><span data-contrast=\"auto\">Ci sono percorsi che cambiano la vita<\/span><\/i><\/b><i><span data-contrast=\"auto\">, <\/span><\/i><b><i><span data-contrast=\"auto\">nel vero senso della parola, nel senso che, se io ora penso a un bambino che stiamo accompagnando in questi mesi, e penso a cosa sarebbe successo se non avesse potuto avere questa opportunit\u00e0, la sua vita sarebbe completamente diversa<\/span><\/i><\/b><i><span data-contrast=\"auto\">. <\/span><\/i><b><i><span data-contrast=\"auto\">La sua vita, ma anche la gestione della quotidianit\u00e0 e del suo lavoro a scuola.\u201d<\/span><\/i><\/b><i><span data-contrast=\"auto\">\u00a0\u00a0<\/span><\/i><span data-ccp-props=\"{&quot;201341983&quot;:0,&quot;335551550&quot;:6,&quot;335551620&quot;:6,&quot;335559739&quot;:160,&quot;335559740&quot;:259}\">\u00a0<\/span><\/p>\n<p><span data-contrast=\"auto\">Il progetto \u201cI Bambini Contano\u201d sostenuto da BPM intende rispondere <\/span><b><span data-contrast=\"auto\">ai bisogni di bambini e ragazzi in et\u00e0 scolare con difficolt\u00e0 di apprendimento e\/o con disturbi misti dell\u2019et\u00e0 evolutiva<\/span><\/b><span data-contrast=\"auto\">, accompagnando ciascuno di loro alla scoperta di s\u00e9 e delle proprie capacit\u00e0, cercando anche di compensare il sovraccarico dei servizi territoriali, che non riescono ad assicurare a tutti l\u2019accesso a percorsi riabilitativi necessari per il loro cammino di crescita.\u00a0<\/span><span data-ccp-props=\"{&quot;201341983&quot;:0,&quot;335551550&quot;:6,&quot;335551620&quot;:6,&quot;335559739&quot;:160,&quot;335559740&quot;:259}\"><br \/>\n<\/span><span data-contrast=\"auto\">Per i minori coinvolti vengono svolti incontri di accoglienza e colloqui con la famiglia per raccogliere tutte le informazioni sul contesto personale e famigliare del bambino, per individuare il percorso riabilitativo pi\u00f9 idoneo per il singolo minore.\u00a0 <\/span><br \/>\n<span data-contrast=\"auto\"><strong>Il progetto \u201cI Bambini Contano\u201d consente inoltre di migliorare gli spazi a disposizione adeguandoli alle necessit\u00e0 di accoglienza di minori e famiglie<\/strong> e ricercandone la bellezza. I luoghi dedicati all\u2019apprendimento devono essere funzionali a mantenere costante lo stimolo al pensiero e all\u2019attivit\u00e0, devono saper valorizzare l\u2019espressivit\u00e0 e sostenere l\u2019esperienza, il \u201cfare\u201d dei bambini. Essi saranno organizzati per rispondere alle esigenze di sviluppo armonico del minore, coniugando l\u2019esigenza di sicurezza con il bisogno di conoscenza, esplorazione e scoperta; la necessit\u00e0 di spazi individuali, di intimit\u00e0 dove rielaborare i propri pensieri e le proprie emozioni, ma anche di ambienti pi\u00f9 ampi dove sperimentare la relazione con gli altri.<\/span><span data-ccp-props=\"{&quot;201341983&quot;:0,&quot;335551550&quot;:6,&quot;335551620&quot;:6,&quot;335559739&quot;:160,&quot;335559740&quot;:259}\">\u00a0<\/span><\/p>\n","protected":false},"excerpt":{"rendered":"<p>Grace (nome di fantasia) \u00e8 una bambina di otto anni che dall\u2019anno scorso frequenta il centro diurno Una Casa Per Crescere di Cometa. Qui, tutti i pomeriggi, sta insieme ai suoi amici e agli educatori. Dopo i primi tempi di timidezza, con il tempo si \u00e8 trovata sempre pi\u00f9 a suo agio mostrando il suo [&hellip;]<\/p>\n","protected":false},"author":15,"featured_media":35079,"comment_status":"open","ping_status":"open","sticky":false,"template":"","format":"standard","meta":{"_acf_changed":false,"give_campaign_id":0,"footnotes":""},"categories":[246],"tags":[66],"class_list":["post-35078","post","type-post","status-publish","format-standard","has-post-thumbnail","hentry","category-storie","tag-accoglienza"],"acf":[],"_links":{"self":[{"href":"https:\/\/puntocometa.dev\/en\/wp-json\/wp\/v2\/posts\/35078","targetHints":{"allow":["GET"]}}],"collection":[{"href":"https:\/\/puntocometa.dev\/en\/wp-json\/wp\/v2\/posts"}],"about":[{"href":"https:\/\/puntocometa.dev\/en\/wp-json\/wp\/v2\/types\/post"}],"author":[{"embeddable":true,"href":"https:\/\/puntocometa.dev\/en\/wp-json\/wp\/v2\/users\/15"}],"replies":[{"embeddable":true,"href":"https:\/\/puntocometa.dev\/en\/wp-json\/wp\/v2\/comments?post=35078"}],"version-history":[{"count":0,"href":"https:\/\/puntocometa.dev\/en\/wp-json\/wp\/v2\/posts\/35078\/revisions"}],"wp:featuredmedia":[{"embeddable":true,"href":"https:\/\/puntocometa.dev\/en\/wp-json\/wp\/v2\/media\/35079"}],"wp:attachment":[{"href":"https:\/\/puntocometa.dev\/en\/wp-json\/wp\/v2\/media?parent=35078"}],"wp:term":[{"taxonomy":"category","embeddable":true,"href":"https:\/\/puntocometa.dev\/en\/wp-json\/wp\/v2\/categories?post=35078"},{"taxonomy":"post_tag","embeddable":true,"href":"https:\/\/puntocometa.dev\/en\/wp-json\/wp\/v2\/tags?post=35078"}],"curies":[{"name":"wp","href":"https:\/\/api.w.org\/{rel}","templated":true}]}}