{"id":34658,"date":"2023-09-21T14:12:54","date_gmt":"2023-09-21T12:12:54","guid":{"rendered":"https:\/\/puntocometa.dev\/?p=34658"},"modified":"2023-09-21T14:12:54","modified_gmt":"2023-09-21T12:12:54","slug":"invito-affidamento-famigliare-e-giustizia-minorile","status":"publish","type":"post","link":"https:\/\/puntocometa.dev\/en\/invito-affidamento-famigliare-e-giustizia-minorile\/","title":{"rendered":"INVITO: AFFIDAMENTO FAMIGLIARE E GIUSTIZIA MINORILE"},"content":{"rendered":"<p><span data-contrast=\"auto\">Ti invitiamo a due convegni sul tema della tutela dei minori, alla luce della riforma della giustizia minorile.\u00a0 <\/span><span data-ccp-props=\"{&quot;201341983&quot;:0,&quot;335559739&quot;:160,&quot;335559740&quot;:259}\">\u00a0<\/span><\/p>\n<h4><b><span data-contrast=\"none\">29 settembre 2023<\/span><\/b><span data-ccp-props=\"{&quot;201341983&quot;:0,&quot;335559739&quot;:160,&quot;335559740&quot;:259}\">\u00a0<\/span><\/h4>\n<h3><b><i><span data-contrast=\"auto\">\u201cA quarant\u2019anni dalla legge 184\/83 &#8211; Affidamento famigliare e superiore interesse del minore &#8211; Ruoli, responsabilit\u00e0 e compiti\u201d<\/span><\/i><\/b><span data-ccp-props=\"{&quot;201341983&quot;:0,&quot;335559739&quot;:160,&quot;335559740&quot;:259}\">\u00a0<\/span><\/h3>\n<p><span data-contrast=\"auto\">L\u2019evento, promosso dalle associazioni lombarde del Tavolo Nazionale Affido, si terr\u00e0 il <\/span><b><span data-contrast=\"auto\">29 settembre 2023<\/span><\/b><span data-contrast=\"auto\"> dalle 9 alle 13.30 <\/span><b><span data-contrast=\"auto\">presso la Caritas Ambrosiana<\/span><\/b><span data-contrast=\"auto\"> in Via S. Bernardino, 4 &#8211; 20122 <\/span><b><span data-contrast=\"auto\">Milano<\/span><\/b><span data-contrast=\"auto\">.<\/span><span data-ccp-props=\"{&quot;201341983&quot;:0,&quot;335559739&quot;:160,&quot;335559740&quot;:259}\">\u00a0<\/span><\/p>\n<p><span data-contrast=\"auto\">Dopo i saluti istituzionali di <\/span><b><span data-contrast=\"auto\">Luciano Gualzetti <\/span><\/b><span data-contrast=\"auto\">e<\/span><b><span data-contrast=\"auto\"> Riccardo Bettiga, interverranno:<\/span><\/b><\/p>\n<ul>\n<li data-leveltext=\"\uf0b7\" data-font=\"Symbol\" data-listid=\"5\" data-list-defn-props=\"{&quot;335552541&quot;:1,&quot;335559684&quot;:-2,&quot;335559685&quot;:720,&quot;335559991&quot;:360,&quot;469769226&quot;:&quot;Symbol&quot;,&quot;469769242&quot;:[8226],&quot;469777803&quot;:&quot;left&quot;,&quot;469777804&quot;:&quot;\uf0b7&quot;,&quot;469777815&quot;:&quot;hybridMultilevel&quot;}\" aria-setsize=\"-1\" data-aria-posinset=\"1\" data-aria-level=\"1\"><b><span data-contrast=\"auto\">Maria Carla Gatto <\/span><\/b><span data-contrast=\"auto\">Presidente del Tribunale per i Minorenni di Milano\u00a0<\/span><span data-ccp-props=\"{&quot;201341983&quot;:0,&quot;335559739&quot;:160,&quot;335559740&quot;:259}\">\u00a0<\/span><\/li>\n<li data-leveltext=\"\uf0b7\" data-font=\"Symbol\" data-listid=\"5\" data-list-defn-props=\"{&quot;335552541&quot;:1,&quot;335559684&quot;:-2,&quot;335559685&quot;:720,&quot;335559991&quot;:360,&quot;469769226&quot;:&quot;Symbol&quot;,&quot;469769242&quot;:[8226],&quot;469777803&quot;:&quot;left&quot;,&quot;469777804&quot;:&quot;\uf0b7&quot;,&quot;469777815&quot;:&quot;hybridMultilevel&quot;}\" aria-setsize=\"-1\" data-aria-posinset=\"2\" data-aria-level=\"1\"><b><span data-contrast=\"auto\">Francesca Megni <\/span><\/b><span data-contrast=\"auto\">Servizio sociale Comune di Brescia\u00a0<\/span><span data-ccp-props=\"{&quot;201341983&quot;:0,&quot;335559739&quot;:160,&quot;335559740&quot;:259}\">\u00a0<\/span><\/li>\n<li data-leveltext=\"\uf0b7\" data-font=\"Symbol\" data-listid=\"5\" data-list-defn-props=\"{&quot;335552541&quot;:1,&quot;335559684&quot;:-2,&quot;335559685&quot;:720,&quot;335559991&quot;:360,&quot;469769226&quot;:&quot;Symbol&quot;,&quot;469769242&quot;:[8226],&quot;469777803&quot;:&quot;left&quot;,&quot;469777804&quot;:&quot;\uf0b7&quot;,&quot;469777815&quot;:&quot;hybridMultilevel&quot;}\" aria-setsize=\"-1\" data-aria-posinset=\"3\" data-aria-level=\"1\"><b><span data-contrast=\"auto\">Antonella Costantino <\/span><\/b><span data-contrast=\"auto\">Direttrice NPI Policlinico Milano\u00a0<\/span><span data-ccp-props=\"{&quot;201341983&quot;:0,&quot;335559739&quot;:160,&quot;335559740&quot;:259}\">\u00a0<\/span><\/li>\n<li data-leveltext=\"\uf0b7\" data-font=\"Symbol\" data-listid=\"5\" data-list-defn-props=\"{&quot;335552541&quot;:1,&quot;335559684&quot;:-2,&quot;335559685&quot;:720,&quot;335559991&quot;:360,&quot;469769226&quot;:&quot;Symbol&quot;,&quot;469769242&quot;:[8226],&quot;469777803&quot;:&quot;left&quot;,&quot;469777804&quot;:&quot;\uf0b7&quot;,&quot;469777815&quot;:&quot;hybridMultilevel&quot;}\" aria-setsize=\"-1\" data-aria-posinset=\"3\" data-aria-level=\"1\"><b><span data-contrast=\"auto\">Luisa Francioli <\/span><\/b><span data-contrast=\"auto\">Unione Camere Minorili Milano\u00a0<\/span><span data-ccp-props=\"{&quot;201341983&quot;:0,&quot;335559739&quot;:160,&quot;335559740&quot;:259}\">\u00a0<\/span><\/li>\n<li data-leveltext=\"\uf0b7\" data-font=\"Symbol\" data-listid=\"5\" data-list-defn-props=\"{&quot;335552541&quot;:1,&quot;335559684&quot;:-2,&quot;335559685&quot;:720,&quot;335559991&quot;:360,&quot;469769226&quot;:&quot;Symbol&quot;,&quot;469769242&quot;:[8226],&quot;469777803&quot;:&quot;left&quot;,&quot;469777804&quot;:&quot;\uf0b7&quot;,&quot;469777815&quot;:&quot;hybridMultilevel&quot;}\" aria-setsize=\"-1\" data-aria-posinset=\"3\" data-aria-level=\"1\"><b><span data-contrast=\"auto\">Michela Bondardo <\/span><\/b><span data-contrast=\"auto\">presidenza CNSA\u00a0<\/span><span data-ccp-props=\"{&quot;201341983&quot;:0,&quot;335559739&quot;:160,&quot;335559740&quot;:259}\">\u00a0<\/span><\/li>\n<li data-leveltext=\"\uf0b7\" data-font=\"Symbol\" data-listid=\"5\" data-list-defn-props=\"{&quot;335552541&quot;:1,&quot;335559684&quot;:-2,&quot;335559685&quot;:720,&quot;335559991&quot;:360,&quot;469769226&quot;:&quot;Symbol&quot;,&quot;469769242&quot;:[8226],&quot;469777803&quot;:&quot;left&quot;,&quot;469777804&quot;:&quot;\uf0b7&quot;,&quot;469777815&quot;:&quot;hybridMultilevel&quot;}\" aria-setsize=\"-1\" data-aria-posinset=\"3\" data-aria-level=\"1\"><b><span data-contrast=\"auto\">Lamberto Nicola Giorgio Bertol\u00e9 <\/span><\/b><span data-contrast=\"auto\">Assessore al Welfare e Salute Comune di Milano\u00a0<\/span><span data-ccp-props=\"{&quot;201341983&quot;:0,&quot;335559739&quot;:160,&quot;335559740&quot;:259}\">\u00a0<\/span><\/li>\n<li data-leveltext=\"\uf0b7\" data-font=\"Symbol\" data-listid=\"5\" data-list-defn-props=\"{&quot;335552541&quot;:1,&quot;335559684&quot;:-2,&quot;335559685&quot;:720,&quot;335559991&quot;:360,&quot;469769226&quot;:&quot;Symbol&quot;,&quot;469769242&quot;:[8226],&quot;469777803&quot;:&quot;left&quot;,&quot;469777804&quot;:&quot;\uf0b7&quot;,&quot;469777815&quot;:&quot;hybridMultilevel&quot;}\" aria-setsize=\"-1\" data-aria-posinset=\"3\" data-aria-level=\"1\"><b><span data-contrast=\"auto\">Elena Lucchini <\/span><\/b><span data-contrast=\"auto\">Assessore alla Famiglia, Solidariet\u00e0 sociale, Disabilit\u00e0 e Pari opportunit\u00e0 &#8211; Regione Lombardia<\/span><span data-ccp-props=\"{&quot;201341983&quot;:0,&quot;335559739&quot;:160,&quot;335559740&quot;:259}\">\u00a0<\/span><\/li>\n<\/ul>\n<p><span data-contrast=\"auto\">Clicca <\/span><a href=\"https:\/\/tinyurl.com\/2tsrfcvj\" rel=\"nofollow noopener\" target=\"_blank\"><span data-contrast=\"none\">qui<\/span> <\/a><span data-contrast=\"auto\">per iscriverti.\u00a0<\/span><span data-ccp-props=\"{&quot;201341983&quot;:0,&quot;335559739&quot;:0,&quot;335559740&quot;:259}\"><br \/>\n<\/span><span data-contrast=\"auto\">Scarica la <\/span><a href=\"https:\/\/puntocometa.dev\/wp-content\/uploads\/2023\/09\/locandinaConvegnoAffido2023.pdf\"><span data-contrast=\"none\">locandina<\/span><\/a><span data-contrast=\"auto\">.<\/span><span data-ccp-props=\"{&quot;201341983&quot;:0,&quot;335559739&quot;:0,&quot;335559740&quot;:259}\">\u00a0<\/span><span data-ccp-props=\"{&quot;201341983&quot;:0,&quot;335559739&quot;:0,&quot;335559740&quot;:259}\">\u00a0<\/span><\/p>\n<p>&nbsp;<\/p>\n<h4><b><span data-contrast=\"none\">10 ottobre 2023<\/span><\/b><span data-ccp-props=\"{&quot;201341983&quot;:0,&quot;335559739&quot;:160,&quot;335559740&quot;:259}\">\u00a0<\/span><\/h4>\n<h3><b><i><span data-contrast=\"auto\">\u201cQual \u00e8 il valore dell\u2019accoglienza nel nuovo contesto della giustizia minorile?\u201d<\/span><\/i><\/b><span data-ccp-props=\"{&quot;201341983&quot;:0,&quot;335559739&quot;:160,&quot;335559740&quot;:259}\">\u00a0<\/span><\/h3>\n<p><span data-contrast=\"auto\">L\u2019evento, promosso dal Coordinamento Comasco Minori, si terr\u00e0 il <\/span><b><span data-contrast=\"auto\">10 ottobre 2023<\/span><\/b><span data-contrast=\"auto\"> dalle 8.30 alle 12.30 <\/span><b><span data-contrast=\"auto\">presso l\u2019Auditorium Giuseppe Sacchi &#8211; Camera di Commercio <\/span><\/b><span data-contrast=\"auto\">in Via Giuseppe Parini 16 a <\/span><b><span data-contrast=\"auto\">Como<\/span><\/b><span data-contrast=\"auto\">.<\/span><span data-ccp-props=\"{&quot;201341983&quot;:0,&quot;335559739&quot;:160,&quot;335559740&quot;:259}\">\u00a0<\/span><\/p>\n<p><span data-contrast=\"auto\">Dopo i saluti istituzionali<\/span><b><span data-contrast=\"auto\"> interverranno:<\/span><\/b><span data-ccp-props=\"{&quot;201341983&quot;:0,&quot;335559739&quot;:160,&quot;335559740&quot;:259}\">\u00a0<\/span><\/p>\n<ul>\n<li data-leveltext=\"\uf0b7\" data-font=\"Symbol\" data-listid=\"6\" data-list-defn-props=\"{&quot;335552541&quot;:1,&quot;335559684&quot;:-2,&quot;335559685&quot;:720,&quot;335559991&quot;:360,&quot;469769226&quot;:&quot;Symbol&quot;,&quot;469769242&quot;:[8226],&quot;469777803&quot;:&quot;left&quot;,&quot;469777804&quot;:&quot;\uf0b7&quot;,&quot;469777815&quot;:&quot;hybridMultilevel&quot;}\" aria-setsize=\"-1\" data-aria-posinset=\"2\" data-aria-level=\"1\"><span data-contrast=\"auto\">Dott. ssa <\/span><b><span data-contrast=\"auto\">Alessandra Locatelli, <\/span><\/b><span data-contrast=\"auto\">Ministro per la Disabilit\u00e0<\/span><\/li>\n<li data-leveltext=\"\uf0b7\" data-font=\"Symbol\" data-listid=\"6\" data-list-defn-props=\"{&quot;335552541&quot;:1,&quot;335559684&quot;:-2,&quot;335559685&quot;:720,&quot;335559991&quot;:360,&quot;469769226&quot;:&quot;Symbol&quot;,&quot;469769242&quot;:[8226],&quot;469777803&quot;:&quot;left&quot;,&quot;469777804&quot;:&quot;\uf0b7&quot;,&quot;469777815&quot;:&quot;hybridMultilevel&quot;}\" aria-setsize=\"-1\" data-aria-posinset=\"2\" data-aria-level=\"1\"><span data-contrast=\"auto\">Dott. ssa <\/span><b><span data-contrast=\"auto\">Maria Carla Gatto, <\/span><\/b><span data-contrast=\"auto\">Presidente del Tribunale per i Minorenni di Milano<\/span><span data-ccp-props=\"{&quot;201341983&quot;:0,&quot;335559739&quot;:160,&quot;335559740&quot;:259}\">\u00a0<\/span><\/li>\n<li data-leveltext=\"\uf0b7\" data-font=\"Symbol\" data-listid=\"6\" data-list-defn-props=\"{&quot;335552541&quot;:1,&quot;335559684&quot;:-2,&quot;335559685&quot;:720,&quot;335559991&quot;:360,&quot;469769226&quot;:&quot;Symbol&quot;,&quot;469769242&quot;:[8226],&quot;469777803&quot;:&quot;left&quot;,&quot;469777804&quot;:&quot;\uf0b7&quot;,&quot;469777815&quot;:&quot;hybridMultilevel&quot;}\" aria-setsize=\"-1\" data-aria-posinset=\"2\" data-aria-level=\"1\"><span data-contrast=\"auto\">Dott.ssa <\/span><b><span data-contrast=\"auto\">Paola Parlati, <\/span><\/b><span data-contrast=\"auto\">Presidente del Tribunale Ordinario di Como<\/span><span data-ccp-props=\"{&quot;201341983&quot;:0,&quot;335559739&quot;:160,&quot;335559740&quot;:259}\">\u00a0<\/span><\/li>\n<li data-leveltext=\"\uf0b7\" data-font=\"Symbol\" data-listid=\"6\" data-list-defn-props=\"{&quot;335552541&quot;:1,&quot;335559684&quot;:-2,&quot;335559685&quot;:720,&quot;335559991&quot;:360,&quot;469769226&quot;:&quot;Symbol&quot;,&quot;469769242&quot;:[8226],&quot;469777803&quot;:&quot;left&quot;,&quot;469777804&quot;:&quot;\uf0b7&quot;,&quot;469777815&quot;:&quot;hybridMultilevel&quot;}\" aria-setsize=\"-1\" data-aria-posinset=\"2\" data-aria-level=\"1\"><span data-contrast=\"auto\">Dott. ssa <\/span><b><span data-contrast=\"auto\">Annamaria Curtale, <\/span><\/b><span data-contrast=\"auto\">Psicoterapeuta esperta di Psicologia Giuridica<\/span><span data-ccp-props=\"{&quot;201341983&quot;:0,&quot;335559739&quot;:160,&quot;335559740&quot;:259}\">\u00a0<\/span><\/li>\n<\/ul>\n<p><span data-contrast=\"auto\">Modera il Dott. <\/span><b><span data-contrast=\"auto\">Alessandro Rudelli<\/span><\/b><span data-contrast=\"auto\">, Consulente criminologo del Dipartimento Salute Mentale e Dipendenze ASST santi Paolo e Carlo e giudice onorario del Tribunale per i Minorenni di Milano.<\/span><\/p>\n<p><em>Dopo l\u2019evento vi attender\u00e0 un buffet organizzato dai ragazzi della scuola Oliver Twist di Cometa.\u00a0<\/em><\/p>\n<p><span data-contrast=\"auto\">Clicca <\/span><a href=\"https:\/\/docs.google.com\/forms\/d\/e\/1FAIpQLSdtmT9B-lU5b7e9r1BWdkz1eGh6x5dhnDYK-SAPKR6OUYpKqw\/viewform\" rel=\"nofollow noopener\" target=\"_blank\"><span data-contrast=\"none\">qui<\/span> <\/a><span data-contrast=\"auto\">per iscriverti.<\/span><span data-ccp-props=\"{&quot;201341983&quot;:0,&quot;335559739&quot;:0,&quot;335559740&quot;:259}\"><br \/>\n<\/span><span data-contrast=\"auto\">Scarica la <\/span><a href=\"https:\/\/puntocometa.dev\/wp-content\/uploads\/2023\/09\/Locandina_Coordinamento.pdf\"><span data-contrast=\"none\">locandina<\/span><\/a><span data-contrast=\"auto\">.<\/span><span data-ccp-props=\"{&quot;201341983&quot;:0,&quot;335559739&quot;:0,&quot;335559740&quot;:259}\">\u00a0<\/span><\/p>\n<p><span data-ccp-props=\"{&quot;201341983&quot;:0,&quot;335559739&quot;:160,&quot;335559740&quot;:259}\">\u00a0<\/span><\/p>\n<p><span data-ccp-props=\"{&quot;201341983&quot;:0,&quot;335559739&quot;:160,&quot;335559740&quot;:259}\">\u00a0<\/span><\/p>\n","protected":false},"excerpt":{"rendered":"<p>Ti invitiamo a due convegni sul tema della tutela dei minori, alla luce della riforma della giustizia minorile.\u00a0 \u00a0 29 settembre 2023\u00a0 \u201cA quarant\u2019anni dalla legge 184\/83 &#8211; Affidamento famigliare e superiore interesse del minore &#8211; Ruoli, responsabilit\u00e0 e compiti\u201d\u00a0 L\u2019evento, promosso dalle associazioni lombarde del Tavolo Nazionale Affido, si terr\u00e0 il 29 settembre 2023 [&hellip;]<\/p>\n","protected":false},"author":15,"featured_media":0,"comment_status":"open","ping_status":"open","sticky":false,"template":"","format":"standard","meta":{"_acf_changed":false,"give_campaign_id":0,"footnotes":""},"categories":[69],"tags":[66],"class_list":["post-34658","post","type-post","status-publish","format-standard","hentry","category-eventi","tag-accoglienza"],"acf":[],"_links":{"self":[{"href":"https:\/\/puntocometa.dev\/en\/wp-json\/wp\/v2\/posts\/34658","targetHints":{"allow":["GET"]}}],"collection":[{"href":"https:\/\/puntocometa.dev\/en\/wp-json\/wp\/v2\/posts"}],"about":[{"href":"https:\/\/puntocometa.dev\/en\/wp-json\/wp\/v2\/types\/post"}],"author":[{"embeddable":true,"href":"https:\/\/puntocometa.dev\/en\/wp-json\/wp\/v2\/users\/15"}],"replies":[{"embeddable":true,"href":"https:\/\/puntocometa.dev\/en\/wp-json\/wp\/v2\/comments?post=34658"}],"version-history":[{"count":0,"href":"https:\/\/puntocometa.dev\/en\/wp-json\/wp\/v2\/posts\/34658\/revisions"}],"wp:attachment":[{"href":"https:\/\/puntocometa.dev\/en\/wp-json\/wp\/v2\/media?parent=34658"}],"wp:term":[{"taxonomy":"category","embeddable":true,"href":"https:\/\/puntocometa.dev\/en\/wp-json\/wp\/v2\/categories?post=34658"},{"taxonomy":"post_tag","embeddable":true,"href":"https:\/\/puntocometa.dev\/en\/wp-json\/wp\/v2\/tags?post=34658"}],"curies":[{"name":"wp","href":"https:\/\/api.w.org\/{rel}","templated":true}]}}