{"id":34464,"date":"2023-07-27T15:17:49","date_gmt":"2023-07-27T13:17:49","guid":{"rendered":"https:\/\/puntocometa.dev\/?p=34464"},"modified":"2023-07-27T15:17:49","modified_gmt":"2023-07-27T13:17:49","slug":"team-academy-inserimento-lavorativo-di-migranti-e-rifugiati","status":"publish","type":"post","link":"https:\/\/puntocometa.dev\/en\/team-academy-inserimento-lavorativo-di-migranti-e-rifugiati\/","title":{"rendered":"TEAM ACADEMY: INSERIMENTO LAVORATIVO DI MIGRANTI E RIFUGIATI"},"content":{"rendered":"<p>Si \u00e8 concluso il II anno del Progetto TEAM ACADEMY: un percorso pensato per giovani migranti e rifugiati per apprendere la lingua italiana e professionalizzarsi nel settore legno\/arredo e posa di infissi con un apprendimento sul campo per \u201cfare per davvero\u201d.<\/p>\n<p>2 anni, 220 ore di alfabetizzazione e 225 di professionalizzazione, 85 giovani tra i 16 e i 33 anni provenienti da 15 Paesi diversi, per favorire l\u2019integrazione sociale e culturale tenendo conto della storia, delle attitudini e dei sogni di ciascuno. Ogni ragazzo \u00e8 stato accompagnato, guardato e sostenuto nella propria unicit\u00e0, lavorando in stretta connessione con le realt\u00e0 del nostro territorio.<\/p>\n<p>Un grazie a The Human Safety Net \u2013 Gruppo Generali, all\u2019azienda ERCO srl e alle aziende che hanno accolto in stage i nostri ragazzi , ai maestri artigiani, agli insegnanti e ai tutor che li hanno accompagnati e sostenuti in questo percorso.<\/p>\n<p><span data-contrast=\"auto\">Nel video i ragazzi accolti raccontano la loro esperienza, il percorso dall\u2019arrivo in Italia ad oggi e i loro obiettivi e desideri per il futuro.<\/span><span data-ccp-props=\"{&quot;201341983&quot;:0,&quot;335551550&quot;:6,&quot;335551620&quot;:6,&quot;335559738&quot;:240,&quot;335559739&quot;:240,&quot;335559740&quot;:276}\">\u00a0<\/span><\/p>\n<p><iframe title=\"YouTube video player\" src=\"https:\/\/www.youtube.com\/embed\/keFmUGjVREc\" width=\"560\" height=\"315\" frameborder=\"0\" allowfullscreen=\"allowfullscreen\"><\/iframe><\/p>\n","protected":false},"excerpt":{"rendered":"<p>Si \u00e8 concluso il II anno del Progetto TEAM ACADEMY: un percorso pensato per giovani migranti e rifugiati per apprendere la lingua italiana e professionalizzarsi nel settore legno\/arredo e posa di infissi con un apprendimento sul campo per \u201cfare per davvero\u201d. 2 anni, 220 ore di alfabetizzazione e 225 di professionalizzazione, 85 giovani tra i [&hellip;]<\/p>\n","protected":false},"author":15,"featured_media":34465,"comment_status":"open","ping_status":"open","sticky":false,"template":"","format":"standard","meta":{"_acf_changed":false,"give_campaign_id":0,"footnotes":""},"categories":[122],"tags":[170],"class_list":["post-34464","post","type-post","status-publish","format-standard","has-post-thumbnail","hentry","category-news","tag-educazione"],"acf":[],"_links":{"self":[{"href":"https:\/\/puntocometa.dev\/en\/wp-json\/wp\/v2\/posts\/34464","targetHints":{"allow":["GET"]}}],"collection":[{"href":"https:\/\/puntocometa.dev\/en\/wp-json\/wp\/v2\/posts"}],"about":[{"href":"https:\/\/puntocometa.dev\/en\/wp-json\/wp\/v2\/types\/post"}],"author":[{"embeddable":true,"href":"https:\/\/puntocometa.dev\/en\/wp-json\/wp\/v2\/users\/15"}],"replies":[{"embeddable":true,"href":"https:\/\/puntocometa.dev\/en\/wp-json\/wp\/v2\/comments?post=34464"}],"version-history":[{"count":0,"href":"https:\/\/puntocometa.dev\/en\/wp-json\/wp\/v2\/posts\/34464\/revisions"}],"wp:featuredmedia":[{"embeddable":true,"href":"https:\/\/puntocometa.dev\/en\/wp-json\/wp\/v2\/media\/34465"}],"wp:attachment":[{"href":"https:\/\/puntocometa.dev\/en\/wp-json\/wp\/v2\/media?parent=34464"}],"wp:term":[{"taxonomy":"category","embeddable":true,"href":"https:\/\/puntocometa.dev\/en\/wp-json\/wp\/v2\/categories?post=34464"},{"taxonomy":"post_tag","embeddable":true,"href":"https:\/\/puntocometa.dev\/en\/wp-json\/wp\/v2\/tags?post=34464"}],"curies":[{"name":"wp","href":"https:\/\/api.w.org\/{rel}","templated":true}]}}