{"id":34391,"date":"2023-07-05T11:12:42","date_gmt":"2023-07-05T09:12:42","guid":{"rendered":"https:\/\/puntocometa.dev\/?p=34391"},"modified":"2023-07-05T11:12:42","modified_gmt":"2023-07-05T09:12:42","slug":"unagora-per-leccellenza-inclusiva-grazie-a-unalleanza-internazionale-give-project","status":"publish","type":"post","link":"https:\/\/puntocometa.dev\/en\/unagora-per-leccellenza-inclusiva-grazie-a-unalleanza-internazionale-give-project\/","title":{"rendered":"Un\u2019Agor\u00e0 per l&#8217;Eccellenza Inclusiva, grazie a un\u2019alleanza internazionale | GIVE PROJECT"},"content":{"rendered":"<h3>Conferenza internazionale del progetto Give a Como in Cometa.<\/h3>\n<p>La conferenza che si \u00e8 tenuta il 20 Giugno in Cometa ha riunito i principali attori internazionali nel <strong>panorama dell&#8217;eccellenza inclusiva nella formazione professionale (VET)<\/strong> per avviare una cooperazione internazionale sulla didattica inclusiva, il coaching, la gestione e la governance sia nell&#8217;ambito della formazione che del lavoro. Un ricco dibattito per riuscire a migliorare sempre di pi\u00f9 l\u2019inclusione dei ragazzi fragili.<\/p>\n<p>Durante l\u2019evento sono stati trattati differenti argomenti. E\u2019 intervenuto <em>Shyamal Majumdar \u2013 <\/em>esperto della didattica inclusiva e ex direttore di UNESCO-UNEVOC che ha parlato dei <em>fattori cruciali per il futuro della societ\u00e0: resilienza, solidariet\u00e0 ed eccellenza inclusiva<\/em>. La conferenza ha visto inoltre la presenza dei rappresentanti di ETF &#8211; European Training Foundation. Dopo un\u2019introduzione di <em>Georgios Zisimos<\/em>, coordinatore del network ETF e una panoramica sulla rete di inclusione sociale di <em>Lida Kita<\/em>, sono state presentante agli oltre 70 partecipanti online, due differenti esperienze dall\u2019Albania, grazie all\u2019intervento di <em>Besim Xhaja<\/em>, e dall\u2019Israele con la partecipazione di <em>Lev Berman. La prospettiva internazionale si \u00e8 infine rafforzata grazie all\u2019esperienza <\/em>di <em>Margarita Pavlova<\/em> a Como da Hong Kong, coordinatrice del centro UNEVOC di Hong Kong, che ha parlato delle \u201c<em>Green skills development for inclusion\u201d<\/em>.<\/p>\n<p>La conferenza ha inoltre ricevuto il patrocinio della Regione Lombardia, con la partecipazione di Emanuel Piona, capo segreteria assessorato istruzione, formazione e lavoro, che nel suo intervento ha sottolineato l\u2019importanza cruciale dell\u2019eccellenza inclusiva per il futuro della formazione.<\/p>\n<p>Oltre alla dimensione culturale, il consorzio GIVE ha proposto 6 tavole rotonde dove si \u00e8 discusso e ci si \u00e8 confrontati su pratiche, sfide e azioni comuni da sviluppare nelle seguenti aree tematiche: Ricerca scientifica sull&#8217;inclusione nell&#8217;IeFP, Eccellenza inclusiva: CoP e piattaforme, formazione inclusiva per migranti, Personalizzazione dei percorsi IeFP, Ambiente di lavoro inclusivo: le sfide e Tecnologia per l&#8217;IeFP inclusiva.<\/p>\n<p>\u201cL\u2019inclusione \u00e8 una vera sfida per la societ\u00e0 di oggi &#8211; afferma Paolo Nardi, direttore di EFVET, European Forum for Vocational Education&amp;Training, \u201coccorre agire in questa direzione. Pi\u00f9 tutti gli attori interessati al tema collaborano insieme, pi\u00f9 \u00e8 possibile diventare efficaci e migliorare la situazione dei giovani pi\u00f9 fragili. L\u2019Agor\u00e0 \u00e8 ci\u00f2 di cui abbiamo bisogno; ed \u00e8 quello che stiamo iniziando a costruire grazie a GIVE\u201d. \u2013 conclude Nardi.<\/p>\n<p>\u201cUna panoramica interessante e stimolante sulle sfide che dovremo affrontare in futuro. Sono molte le opportunit\u00e0 di condivisione e di confronto che stiamo mettendo in campo per permettere una didattica inclusiva. Un nuovo punto di partenza per incrementare sempre pi\u00f9 le iniziative che vanno in questa direzione.\u201d \u2013 afferma Alessandro Mele, Direttore Generale di Cometa.<\/p>\n<p><img fetchpriority=\"high\" decoding=\"async\" class=\"alignnone wp-image-34393\" src=\"https:\/\/puntocometa.dev\/wp-content\/uploads\/2023\/07\/Facebook_Post_AGORA-300x135.jpg\" alt=\"-\" width=\"360\" height=\"162\" title=\"\"><\/p>\n<p>*****<\/p>\n<p style=\"line-height: 14.25pt;\"><em><b><span style=\"font-size: 10.0pt; font-family: 'Arial',sans-serif; color: #666666;\">GIVE &#8211; The Governance for Inclusive Vocation Excellence<\/span><\/b><\/em><em><span style=\"font-size: 10.0pt; font-family: 'Arial',sans-serif; color: #666666;\"> -\u00e8 un Progetto Erasmus+ finanziato dalla Commissione Europea e Rappresenta un\u2019alleanza fra Centri di Eccellenza Inclusiva(VET), Universit\u00e0 e Aziende con l\u2019obiettivo di innovare il settore dei VET, progettare e implementare un modello olistico per un inclusione vera di studenti svantaggiati. Il progetto GIVE sta sviluppando un modello comprensivo di governance, management e buone pratiche per lo sviluppo di un ecosistema VET realmente inclusivo.<\/span><\/em><\/p>\n<p>Scopri di pi\u00f9 sul sito <a href=\"https:\/\/www.thegiveproject.eu\/\" rel=\"nofollow noopener\" target=\"_blank\">The Give Project<\/a><\/p>\n","protected":false},"excerpt":{"rendered":"<p>Conferenza internazionale del progetto Give a Como in Cometa. La conferenza che si \u00e8 tenuta il 20 Giugno in Cometa ha riunito i principali attori internazionali nel panorama dell&#8217;eccellenza inclusiva nella formazione professionale (VET) per avviare una cooperazione internazionale sulla didattica inclusiva, il coaching, la gestione e la governance sia nell&#8217;ambito della formazione che del [&hellip;]<\/p>\n","protected":false},"author":12,"featured_media":34392,"comment_status":"open","ping_status":"open","sticky":false,"template":"","format":"standard","meta":{"_acf_changed":false,"give_campaign_id":0,"footnotes":""},"categories":[69],"tags":[170],"class_list":["post-34391","post","type-post","status-publish","format-standard","has-post-thumbnail","hentry","category-eventi","tag-educazione"],"acf":[],"_links":{"self":[{"href":"https:\/\/puntocometa.dev\/en\/wp-json\/wp\/v2\/posts\/34391","targetHints":{"allow":["GET"]}}],"collection":[{"href":"https:\/\/puntocometa.dev\/en\/wp-json\/wp\/v2\/posts"}],"about":[{"href":"https:\/\/puntocometa.dev\/en\/wp-json\/wp\/v2\/types\/post"}],"author":[{"embeddable":true,"href":"https:\/\/puntocometa.dev\/en\/wp-json\/wp\/v2\/users\/12"}],"replies":[{"embeddable":true,"href":"https:\/\/puntocometa.dev\/en\/wp-json\/wp\/v2\/comments?post=34391"}],"version-history":[{"count":0,"href":"https:\/\/puntocometa.dev\/en\/wp-json\/wp\/v2\/posts\/34391\/revisions"}],"wp:featuredmedia":[{"embeddable":true,"href":"https:\/\/puntocometa.dev\/en\/wp-json\/wp\/v2\/media\/34392"}],"wp:attachment":[{"href":"https:\/\/puntocometa.dev\/en\/wp-json\/wp\/v2\/media?parent=34391"}],"wp:term":[{"taxonomy":"category","embeddable":true,"href":"https:\/\/puntocometa.dev\/en\/wp-json\/wp\/v2\/categories?post=34391"},{"taxonomy":"post_tag","embeddable":true,"href":"https:\/\/puntocometa.dev\/en\/wp-json\/wp\/v2\/tags?post=34391"}],"curies":[{"name":"wp","href":"https:\/\/api.w.org\/{rel}","templated":true}]}}