{"id":34221,"date":"2023-05-29T10:43:52","date_gmt":"2023-05-29T08:43:52","guid":{"rendered":"https:\/\/puntocometa.dev\/?p=34221"},"modified":"2023-05-29T10:43:52","modified_gmt":"2023-05-29T08:43:52","slug":"premio-rosa-camuna-per-cometa","status":"publish","type":"post","link":"https:\/\/puntocometa.dev\/en\/premio-rosa-camuna-per-cometa\/","title":{"rendered":"Premio Rosa Camuna per Cometa"},"content":{"rendered":"<p><strong>Sabato \u00e8 stato assegnato ad\u00a0<\/strong><a href=\"https:\/\/puntocometa.dev\/associazione-cometa\/\"><strong>Associazione Cometa<\/strong><\/a><strong> il Premio Rosa Camuna<\/strong>, l\u2019onorificenza pi\u00f9 alta della<a href=\"https:\/\/www.lombardianotizie.online\/premi-rosa-camuna\/\" rel=\"nofollow noopener\" target=\"_blank\">\u00a0Regione Lombardia<\/a>, <strong>in particolare il premio speciale per le politiche per i giovani 2023<\/strong>, perch\u00e9 impegnata dal 1986 nell\u2019accoglienza, nell\u2019educazione di bambini e ragazzi e nel sostegno delle loro famiglie per promuoverne sviluppo e crescita serena.<\/p>\n<p><strong>I tradizionali e annuali riconoscimenti vengono conferiti<\/strong> in occasione della &#8216;Festa della Lombardia&#8217;, che si celebra il 29\u00a0maggio, e sono destinati &#8211; su indicazione del presidente Attilio Fontana, della Giunta e del Consiglio regionale &#8211; <strong>alle associazioni, agli enti e alle persone che si sono contraddistinte per particolari attivit\u00e0 di interesse pubblico<\/strong>. Essi sono istituiti insieme al consiglio regionale, per riconoscere pubblicamente l\u2019impegno, l\u2019operosit\u00e0, la creativit\u00e0 e l\u2019ingegno di coloro che si sono particolarmente distinti nel contribuire allo sviluppo economico, sociale, culturale e sportivo della Lombardia.<\/p>\n<p>&#8220;Siamo grati di aver ricevuto questo riconoscimento. Con la Sua forza e le nostre mani da pi\u00f9 di trent\u2019anni cerchiamo di rispondere ai bisogni che emergono sul territorio, accogliendo, educando e inserendo nel mondo del lavoro bambini e i ragazzi che vivono situazioni di difficolt\u00e0. Attraverso una rete di famiglie disponibili all\u2019affido, un centro diurno, la scuola con pi\u00f9 di quattrocento studenti, luoghi di lavoro inclusivi e sostenibili: tutto questo nasce dalla gratitudine di un incontro che ha dato senso e bellezza alla nostra vita&#8221;, ringrazia Erasmo Figini.<\/p>\n<p>\u201cUna celebrazione \u2013 ha spiegato il governatore Attilio Fontana \u2013 che vuole essere un modo per ringraziare tutta la gente di Lombardia, tutta la grande comunit\u00e0 lombarda e in particolare chi, con impegno, operosit\u00e0, creativit\u00e0 e ingegno, si \u00e8 particolarmente distinto contribuendo allo sviluppo economico, sociale, culturale e sportivo della Lombardia. Tutta la gente lombarda merita questo premio per quello che ha sempre dimostrato di essere, di saper fare e per le risposte che riesce sempre a offrire. Il tutto condito con quella solidariet\u00e0 che \u00e8 l\u2019elemento che ci contraddistingue\u201d<\/p>\n<p>Grazie a chi insieme a noi rende possibile ogni giorno l\u2019accoglienza e l\u2019educazione di tanti bambini e ragazzi. Cometa \u00e8 di chi la vuole costruire.<\/p>\n<div id=\"attachment_34226\" style=\"width: 310px\" class=\"wp-caption alignnone\"><img fetchpriority=\"high\" decoding=\"async\" aria-describedby=\"caption-attachment-34226\" class=\"wp-image-34226 size-medium\" src=\"https:\/\/puntocometa.dev\/wp-content\/uploads\/2023\/05\/AssociazioneCometaODV_DSC_8055-300x200.jpg\" alt=\"-\" width=\"300\" height=\"200\" title=\"\"><p id=\"caption-attachment-34226\" class=\"wp-caption-text\">Assegnato il Premio Rosa Camuna ad Associazione Cometa.<\/p><\/div>\n<p>Guarda il video della premiazione <a href=\"https:\/\/youtu.be\/2k8xoEo2C14\" rel=\"nofollow noopener\" target=\"_blank\">a questo link.<\/a><\/p>\n<p><iframe title=\"PREMIO ROSA CAMUNA PER COMETA 2023 - Regione Lombardia\" width=\"500\" height=\"281\" src=\"https:\/\/www.youtube.com\/embed\/2k8xoEo2C14?feature=oembed\" frameborder=\"0\" allow=\"accelerometer; autoplay; clipboard-write; encrypted-media; gyroscope; picture-in-picture; web-share\" referrerpolicy=\"strict-origin-when-cross-origin\" allowfullscreen><\/iframe><\/p>\n","protected":false},"excerpt":{"rendered":"<p>Sabato \u00e8 stato assegnato ad\u00a0Associazione Cometa il Premio Rosa Camuna, l\u2019onorificenza pi\u00f9 alta della\u00a0Regione Lombardia, in particolare il premio speciale per le politiche per i giovani 2023, perch\u00e9 impegnata dal 1986 nell\u2019accoglienza, nell\u2019educazione di bambini e ragazzi e nel sostegno delle loro famiglie per promuoverne sviluppo e crescita serena. I tradizionali e annuali riconoscimenti vengono [&hellip;]<\/p>\n","protected":false},"author":12,"featured_media":34228,"comment_status":"open","ping_status":"open","sticky":false,"template":"","format":"standard","meta":{"_acf_changed":false,"give_campaign_id":0,"footnotes":""},"categories":[122],"tags":[66],"class_list":["post-34221","post","type-post","status-publish","format-standard","has-post-thumbnail","hentry","category-news","tag-accoglienza"],"acf":[],"_links":{"self":[{"href":"https:\/\/puntocometa.dev\/en\/wp-json\/wp\/v2\/posts\/34221","targetHints":{"allow":["GET"]}}],"collection":[{"href":"https:\/\/puntocometa.dev\/en\/wp-json\/wp\/v2\/posts"}],"about":[{"href":"https:\/\/puntocometa.dev\/en\/wp-json\/wp\/v2\/types\/post"}],"author":[{"embeddable":true,"href":"https:\/\/puntocometa.dev\/en\/wp-json\/wp\/v2\/users\/12"}],"replies":[{"embeddable":true,"href":"https:\/\/puntocometa.dev\/en\/wp-json\/wp\/v2\/comments?post=34221"}],"version-history":[{"count":0,"href":"https:\/\/puntocometa.dev\/en\/wp-json\/wp\/v2\/posts\/34221\/revisions"}],"wp:featuredmedia":[{"embeddable":true,"href":"https:\/\/puntocometa.dev\/en\/wp-json\/wp\/v2\/media\/34228"}],"wp:attachment":[{"href":"https:\/\/puntocometa.dev\/en\/wp-json\/wp\/v2\/media?parent=34221"}],"wp:term":[{"taxonomy":"category","embeddable":true,"href":"https:\/\/puntocometa.dev\/en\/wp-json\/wp\/v2\/categories?post=34221"},{"taxonomy":"post_tag","embeddable":true,"href":"https:\/\/puntocometa.dev\/en\/wp-json\/wp\/v2\/tags?post=34221"}],"curies":[{"name":"wp","href":"https:\/\/api.w.org\/{rel}","templated":true}]}}