{"id":27309,"date":"2021-02-22T12:55:24","date_gmt":"2021-02-22T11:55:24","guid":{"rendered":"https:\/\/puntocometa.dev\/?p=27309"},"modified":"2021-02-22T12:55:24","modified_gmt":"2021-02-22T11:55:24","slug":"allenarsi-insieme-a-casa","status":"publish","type":"post","link":"https:\/\/puntocometa.dev\/en\/allenarsi-insieme-a-casa\/","title":{"rendered":"Allenarsi insieme a casa"},"content":{"rendered":"<p><strong>Victor,<\/strong> allenatore dell\u2019<a href=\"https:\/\/puntocometa.dev\/associazione-sportiva\/\">Associazione Sportiva Cometa<\/a><strong>, ci ha raccontato la sua esperienza coi ragazzi del <a href=\"https:\/\/puntocometa.dev\/2021\/01\/22\/fondazione-milan-e-cometa-fanno-rete-insieme-per-tanti-bambini-e-ragazzi\/\">progetto \u201cFare rete\u201d,<\/a><\/strong> durante il periodo di emergenza Covid.<\/p>\n<p>Grazie al progetto realizzato da Fondazione Milan e AS Cometa, <strong>i giovani atleti hanno avuto la possibilit\u00e0 di allenarsi e tenersi attivi,<\/strong> anche attraverso la tecnologia, per mantenere vive le relazioni e quanto appreso durante lezioni in presenza.<\/p>\n<p>Victor racconta che <strong>lo scopo di continuare ad allenarsi da casa, \u00e8 andato ben oltre il mantenimento della forma fisica o delle capacit\u00e0 tecnico-calcistiche<\/strong>: i ragazzi, proprio per il loro profilo di fragilit\u00e0, non potevano essere trascurati e lasciati da soli \u201cdavanti alla playstation\u201d. Questo \u00e8 altrettanto valido per le loro famiglie, ancor pi\u00f9 schiacciate dalle difficolt\u00e0 nella gestione dei figli a casa, peggiorata dalla mancanza di contatti sociali che li ha portati in uno stato di isolamento forzato.<\/p>\n<p>I genitori hanno manifestato la loro gratitudine e sollievo inviando alcuni messaggi al referente del progetto: \u201c<strong>Grazie per aver sostenuto i bambini in questi mesi un po&#8217; pesanti per loro<\/strong>. Con qualche alto e basso, dovuto ogni tanto all\u2019insofferenza della mancanza di contatti, gli allenamenti sono stati molto apprezzati anche da me, perch\u00e9 in quei momenti sapevo che qualcuno si prendeva cura di lui e potevo lavorare tranquillamente\u201d, e poi ancora, <strong>\u201cGrazie per la vostra fantasia e simpatia. \u00c8 stato uno spettacolo vederlo sul terrazzo con pentole e pentolini a lanciare palline di carta da tutte le parti con entusiasmo<\/strong>\u201d.<\/p>\n<p><strong>Il valore di allenarsi anche da casa \u00e8 quello di responsabilizzarli e far capire ai ragazzi che quando si prende un impegno bisogna portarlo avanti fino alla fine con dedizione. <\/strong>La trasmissione di questi valori \u00e8 il cuore del grande lavoro che sta dietro la continua pianificazione e riprogrammazione delle attivit\u00e0 del progetto, reso possibile da AS Cometa e Fondazione Milan.<\/p>\n<p><img decoding=\"async\" src=\"https:\/\/puntocometa.dev\/wp-content\/uploads\/2021\/02\/IMG_3933_Ok-scaled.jpg\" style=\"max-width:100%;height:auto;\" alt=\"-\" title=\"\"><\/p>\n","protected":false},"excerpt":{"rendered":"<p>Victor, allenatore dell\u2019Associazione Sportiva Cometa, ci ha raccontato la sua esperienza coi ragazzi del progetto \u201cFare rete\u201d, durante il periodo di emergenza Covid.<\/p>\n","protected":false},"author":7,"featured_media":27311,"comment_status":"closed","ping_status":"open","sticky":false,"template":"","format":"standard","meta":{"_acf_changed":false,"give_campaign_id":0,"footnotes":""},"categories":[122],"tags":[],"class_list":["post-27309","post","type-post","status-publish","format-standard","has-post-thumbnail","hentry","category-news"],"acf":[],"_links":{"self":[{"href":"https:\/\/puntocometa.dev\/en\/wp-json\/wp\/v2\/posts\/27309","targetHints":{"allow":["GET"]}}],"collection":[{"href":"https:\/\/puntocometa.dev\/en\/wp-json\/wp\/v2\/posts"}],"about":[{"href":"https:\/\/puntocometa.dev\/en\/wp-json\/wp\/v2\/types\/post"}],"author":[{"embeddable":true,"href":"https:\/\/puntocometa.dev\/en\/wp-json\/wp\/v2\/users\/7"}],"replies":[{"embeddable":true,"href":"https:\/\/puntocometa.dev\/en\/wp-json\/wp\/v2\/comments?post=27309"}],"version-history":[{"count":0,"href":"https:\/\/puntocometa.dev\/en\/wp-json\/wp\/v2\/posts\/27309\/revisions"}],"wp:featuredmedia":[{"embeddable":true,"href":"https:\/\/puntocometa.dev\/en\/wp-json\/wp\/v2\/media\/27311"}],"wp:attachment":[{"href":"https:\/\/puntocometa.dev\/en\/wp-json\/wp\/v2\/media?parent=27309"}],"wp:term":[{"taxonomy":"category","embeddable":true,"href":"https:\/\/puntocometa.dev\/en\/wp-json\/wp\/v2\/categories?post=27309"},{"taxonomy":"post_tag","embeddable":true,"href":"https:\/\/puntocometa.dev\/en\/wp-json\/wp\/v2\/tags?post=27309"}],"curies":[{"name":"wp","href":"https:\/\/api.w.org\/{rel}","templated":true}]}}