{"id":23074,"date":"2020-07-07T12:22:04","date_gmt":"2020-07-07T10:22:04","guid":{"rendered":"https:\/\/puntocometa.dev\/?p=23074"},"modified":"2020-07-07T12:22:04","modified_gmt":"2020-07-07T10:22:04","slug":"sviluppare-le-competenze-disciplinari-dei-bambini","status":"publish","type":"post","link":"https:\/\/puntocometa.dev\/en\/sviluppare-le-competenze-disciplinari-dei-bambini\/","title":{"rendered":"I saperi della Mente"},"content":{"rendered":"<p class=\"v1MsoNormal\"><b>Marted\u00ec 14 luglio alle 17:00<\/b>\u00a0in\u00a0<b>diretta sulle <a href=\"https:\/\/www.facebook.com\/amicidicometa\/\" target=\"_blank\" rel=\"noopener noreferrer nofollow\">pagine Facebook<\/a><\/b>\u00a0e\u00a0<a href=\"https:\/\/www.youtube.com\/channel\/UClGHQyB5pcTGu5Bsr7spGzw\" target=\"_blank\" rel=\"noopener noreferrer nofollow\"><b>YouTube<\/b><\/a>\u00a0di Amici di Cometa si terr\u00e0 un webinar per condividere con voi l\u2019esperienza di progetto e la metodologia basata sull\u2019ottica laboratoriale, uno degli elementi distintivi della proposta educativa de \u201c<a href=\"https:\/\/puntocometa.dev\/il-manto\/\" target=\"_blank\" rel=\"noopener noreferrer\">Il Manto<\/a>\u201d di Cometa.<\/p>\n<p class=\"v1MsoNormal\">Durante il live interverranno:<\/p>\n<p class=\"v1MsoListParagraphCxSpFirst\">\u00b7\u00a0\u00a0\u00a0\u00a0\u00a0\u00a0\u00a0\u00a0\u00a0Paolo Nardi,\u00a0<i>Coordinatore di C<\/i><i>ometa Researc<\/i><i>h \u2013 Centro per la ricerca e l\u2019internazionalizzazione di Cometa<\/i>;<\/p>\n<p class=\"v1MsoListParagraphCxSpFirst\">\u00b7\u00a0\u00a0\u00a0\u00a0\u00a0\u00a0\u00a0\u00a0\u00a0Loredana Mercadante,\u00a0<i>Formatrice e supervisore dell\u2019\u00e9quipe educatori de Il Manto, esperta in saperi disciplinari e processi di apprendimento<\/i>;<\/p>\n<p>\u00b7\u00a0\u00a0\u00a0\u00a0\u00a0\u00a0\u00a0\u00a0\u00a0Maria Ferrario, Insegnante ed educatrice professionale de Il Manto;<\/p>\n<p>\u00b7\u00a0\u00a0\u00a0\u00a0\u00a0\u00a0\u00a0\u00a0\u00a0Ottaviano Fucilli, Psicologo ed educatore professionale de Il Manto;<\/p>\n<p>\u00b7\u00a0\u00a0\u00a0\u00a0\u00a0\u00a0\u00a0\u00a0\u00a0Stefano Mangiacotti,\u00a0<i>Direttore delle attivit\u00e0 educative de Il Manto ed educatore.<\/i><span style=\"font-size: 14px;\"><\/span><\/p>\n<p><iframe width=\"560\" height=\"315\" src=\"https:\/\/www.youtube.com\/embed\/uNTJwo8YZLg\" frameborder=\"0\" allowfullscreen><\/iframe><\/p>\n<h2><b><u>Il progetto NuovaMENTE*<\/u><\/b><\/h2>\n<p class=\"v1MsoNormal\"><i>(*Si ringrazia il <a href=\"https:\/\/group.intesasanpaolo.com\/it\/sociale\/fondo-di-beneficenza\" target=\"_blank\" rel=\"noopener noreferrer nofollow\">Fondo di Beneficenza di Intesa Sanpaolo<\/a>)<\/i><\/p>\n<p class=\"v1MsoNormal\">NuovaMENTE \u00e8 un progetto de Il Manto di Cometa che intende contribuire a\u00a0<b>prevenire il fenomeno della povert\u00e0 educativa<\/b>\u00a0(e del conseguente rischio di dispersione scolastica) di\u00a0<b>50 minori tra i 6 e i 10 anni in grave svantaggio socio-economico del territorio di Como<\/b>.<\/p>\n<p class=\"v1MsoNormal\">Il progetto propone una serie di\u00a0<b>azioni integrate<\/b>\u00a0che affrontano in maniera sistemica i bisogni specifici di ciascun minore attraverso l\u2019elaborazione di\u00a0<b>percorsi personalizzati<\/b>. Questi si declinano poi in attivit\u00e0 che intervengono sia sul lato dell\u2019apprendimento e del potenziamento cognitivo sia sulla valorizzazione delle competenze e delle inclinazioni, sul rafforzamento dell\u2019autostima e della capacit\u00e0 decisionale, sullo sviluppo delle competenze trasversali, emotivo-civiche e di intelligenza emotiva. \u201cNuovaMENTE\u201d, oltre a consentire l\u2019emancipazione dei minori da una condizione di svantaggio, interviene anche a supporto dei contesti di apprendimento del minore,\u00a0<b>scuola e famiglia<\/b>, costruendo con loro\u00a0<b>continuit\u00e0 e coerenza educativa<\/b>\u00a0tutt\u2019attorno al minore.<\/p>\n<p>&nbsp;<\/p>\n<h2 class=\"v1MsoNormal\"><b><u>La metodologia dell\u2019ottica laboratoriale<\/u><\/b><\/h2>\n<p class=\"v1MsoNormal\">Il modello educativo che il progetto intende sperimentare e mettere a punto si basa in particolare sulla\u00a0<b>metodologia dell\u2019ottica laboratoriale.<\/b>\u00a0Tale metodologia favorisce l\u2019<b>apprendimento<\/b>\u00a0e stimola la\u00a0<b>motivazione dei bambini<\/b>. L\u2019esperienza del Manto, e nello specifico del progetto NuovaMENTE, \u00e8 usare l\u2019ottica laboratoriale come\u00a0<b>strumento<\/b>\u00a0anzitutto<b>\u00a0per il potenziamento del pensiero creativo del ragazzo<\/b>. Aiutare il ragazzo con le sue inclinazioni, attraverso percorsi personalizzati,\u00a0<b>a capire come fare e come pu\u00f2 raggiungere determinati traguardi, abilitandolo anche\u00a0<\/b>nell\u2019apprendimento dei\u00a0<b>saperi<\/b>.<\/p>\n<p class=\"v1MsoNormal\">Senza la scoperta che il bambino pu\u00f2 farcela con le proprie abilit\u00e0 e capacit\u00e0, ogni lavoro \u201cnon sar\u00e0 suo\u201d. Per questo NuovaMENTE \u00e8 un progetto dove l\u2019<b>ottica laboratoriale\u00a0<\/b>diviene\u00a0<b>occasione di attivazione di processi personalizzati in cooperazione<\/b>, grazie ad un ambiente di apprendimento adeguato.<\/p>\n<p>&nbsp;<\/p>\n<h4 class=\"v1MsoNormal\"><b><u>Seguiteci LIVE!<\/u><\/b><\/h4>\n<p class=\"v1MsoNormal\"><span>Se volete scoprire di pi\u00f9 sul progetto e sulla metodologia PARTECIPARE E\u2019 SEMPLICE basta\u00a0<\/span><span>sintonizzarvi sui nostri canali social marted\u00ec alle ore 17.<\/span><span><\/span><\/p>\n<p class=\"v1MsoNormal\"><span>Non perdetevi il webinar!<\/span><\/p>\n<p class=\"v1MsoNormal\"><span>Se hai Facebook iscriviti <a href=\"https:\/\/www.facebook.com\/events\/732501714213210\/\" rel=\"nofollow noopener\" target=\"_blank\">all&#8217;evento\u00a0<\/a>cliccando su parteciper\u00f2.<\/span><\/p>\n<p class=\"v1MsoNormal\"><span>Se non hai Facebook sintonizzati su Youtube il giorno dell\u2019evento <a href=\"https:\/\/www.youtube.com\/channel\/UClGHQyB5pcTGu5Bsr7spGzw\" rel=\"nofollow noopener\" target=\"_blank\">a questo link.<\/a><\/span><\/p>\n","protected":false},"excerpt":{"rendered":"<p>Marted\u00ec 14 luglio alle 17:00\u00a0in\u00a0diretta sulle pagine Facebook\u00a0e\u00a0YouTube\u00a0di Amici di Cometa si terr\u00e0 un webinar per condividere con voi l\u2019esperienza di progetto e la metodologia basata sull\u2019ottica laboratoriale, uno degli elementi distintivi della proposta educativa de \u201cIl Manto\u201d di Cometa. Durante il live interverranno: \u00b7\u00a0\u00a0\u00a0\u00a0\u00a0\u00a0\u00a0\u00a0\u00a0Paolo Nardi,\u00a0Coordinatore di Cometa Research \u2013 Centro per la ricerca e [&hellip;]<\/p>\n","protected":false},"author":7,"featured_media":23092,"comment_status":"closed","ping_status":"open","sticky":false,"template":"","format":"standard","meta":{"_acf_changed":false,"give_campaign_id":0,"footnotes":""},"categories":[122],"tags":[],"class_list":["post-23074","post","type-post","status-publish","format-standard","has-post-thumbnail","hentry","category-news"],"acf":[],"_links":{"self":[{"href":"https:\/\/puntocometa.dev\/en\/wp-json\/wp\/v2\/posts\/23074","targetHints":{"allow":["GET"]}}],"collection":[{"href":"https:\/\/puntocometa.dev\/en\/wp-json\/wp\/v2\/posts"}],"about":[{"href":"https:\/\/puntocometa.dev\/en\/wp-json\/wp\/v2\/types\/post"}],"author":[{"embeddable":true,"href":"https:\/\/puntocometa.dev\/en\/wp-json\/wp\/v2\/users\/7"}],"replies":[{"embeddable":true,"href":"https:\/\/puntocometa.dev\/en\/wp-json\/wp\/v2\/comments?post=23074"}],"version-history":[{"count":0,"href":"https:\/\/puntocometa.dev\/en\/wp-json\/wp\/v2\/posts\/23074\/revisions"}],"wp:featuredmedia":[{"embeddable":true,"href":"https:\/\/puntocometa.dev\/en\/wp-json\/wp\/v2\/media\/23092"}],"wp:attachment":[{"href":"https:\/\/puntocometa.dev\/en\/wp-json\/wp\/v2\/media?parent=23074"}],"wp:term":[{"taxonomy":"category","embeddable":true,"href":"https:\/\/puntocometa.dev\/en\/wp-json\/wp\/v2\/categories?post=23074"},{"taxonomy":"post_tag","embeddable":true,"href":"https:\/\/puntocometa.dev\/en\/wp-json\/wp\/v2\/tags?post=23074"}],"curies":[{"name":"wp","href":"https:\/\/api.w.org\/{rel}","templated":true}]}}