{"id":19570,"date":"2019-11-07T10:17:54","date_gmt":"2019-11-07T09:17:54","guid":{"rendered":"https:\/\/puntocometa.dev\/?p=19570"},"modified":"2019-11-07T10:17:54","modified_gmt":"2019-11-07T09:17:54","slug":"premio-al-volontariato-senato","status":"publish","type":"post","link":"https:\/\/puntocometa.dev\/en\/premio-al-volontariato-senato\/","title":{"rendered":"Premio al Volontariato 2019 per Cometa. Cometa sar\u00e0 sempre di chi la vuole costruire."},"content":{"rendered":"<p><strong>Il Premio al Volontariato 2019 all&#8217;Associazione Cometa, Legambiente, Avsi e Lega del filo d&#8217;oro.\u00a0<\/strong><\/p>\n<p>Oggi \u00e8 stato assegnato ad <a href=\"https:\/\/puntocometa.dev\/associazione-cometa\/\">Associazione Cometa<\/a>\u00a0a Palazzo Madama il Premio al Volontariato 2019. Questa rassegna \u00e8 stata voluta dal Presidente del Senato Elisabetta Casellati per valorizzare e veicolare un messaggio d\u2019amore attraverso \u201cle eccellenze italiane\u201d.<\/p>\n<p>Grazie a tutti i volontari e amici che hanno permesso \u201cl\u2019imprevedibile avventura che \u00e8 stata la storia di Cometa\u201d.<br \/>\nSiamo commossi e grati per questo riconosc<span class=\"text_exposed_show\">imento!\u00a0<\/span><\/p>\n<p><em>\u201cQuesto premio \u00e8 un punto di certezza e un punto di verit\u00e0. Il riconoscimento che i corpi intermedi possono continuare a costruire liberamente il bene comune, buttando il cuore oltre la cima. Continuare a servire il bisogno primario con una risposta quotidiana, semplice e di qualit\u00e0. Semplice perch\u00e9 ho capito che nella vita sono i s\u00ec che contano e non i se. E il primo s\u00ec \u00e8 quello che ha generato Cometa. Perch\u00e9 semplice e di qualit\u00e0? <\/em>Semplice perch\u00e9 dire s\u00ec a un bambino malato di HIV che nessuna voleva, accoglierlo a casa e accorgerti di amarlo come un figlio porta alla qualit\u00e0 che tu riversi ai tuoi figli naturali\u2026e questa qualit\u00e0 si riversa su tutti quelli che accogliamo quotidianamente.\u201d afferma Erasmo Figini, co-fondatore di Cometa, durante la cerimonia di premiazione.<\/p>\n<p>\u201cGrato infinitamente per questo riconoscimento e commosso, se penso alle facce di tanti volontari e amici, che hanno permesso l\u2019imprevedibile avventura che \u00e8 stata la storia di Cometa.\u201d afferma Innocente Figini, co-fondatore di Cometa durante la cerimonia.<\/p>\n<p>L&#8217;intera cerimonia \u00e8 stata trasmessa in diretta su Rai2, a cura di RAI Parlamento.<strong>\u00a0<\/strong><\/p>\n","protected":false},"excerpt":{"rendered":"<p>Il Premio al Volontariato 2019 all&#8217;Associazione Cometa, Legambiente, Avsi e Lega del filo d&#8217;oro.\u00a0 Oggi \u00e8 stato assegnato ad Associazione Cometa\u00a0a Palazzo Madama il Premio al Volontariato 2019. Questa rassegna \u00e8 stata voluta dal Presidente del Senato Elisabetta Casellati per valorizzare e veicolare un messaggio d\u2019amore attraverso \u201cle eccellenze italiane\u201d. Grazie a tutti i volontari [&hellip;]<\/p>\n","protected":false},"author":6,"featured_media":19676,"comment_status":"open","ping_status":"open","sticky":false,"template":"","format":"standard","meta":{"_acf_changed":false,"give_campaign_id":0,"footnotes":""},"categories":[122],"tags":[],"class_list":["post-19570","post","type-post","status-publish","format-standard","has-post-thumbnail","hentry","category-news"],"acf":[],"_links":{"self":[{"href":"https:\/\/puntocometa.dev\/en\/wp-json\/wp\/v2\/posts\/19570","targetHints":{"allow":["GET"]}}],"collection":[{"href":"https:\/\/puntocometa.dev\/en\/wp-json\/wp\/v2\/posts"}],"about":[{"href":"https:\/\/puntocometa.dev\/en\/wp-json\/wp\/v2\/types\/post"}],"author":[{"embeddable":true,"href":"https:\/\/puntocometa.dev\/en\/wp-json\/wp\/v2\/users\/6"}],"replies":[{"embeddable":true,"href":"https:\/\/puntocometa.dev\/en\/wp-json\/wp\/v2\/comments?post=19570"}],"version-history":[{"count":0,"href":"https:\/\/puntocometa.dev\/en\/wp-json\/wp\/v2\/posts\/19570\/revisions"}],"wp:featuredmedia":[{"embeddable":true,"href":"https:\/\/puntocometa.dev\/en\/wp-json\/wp\/v2\/media\/19676"}],"wp:attachment":[{"href":"https:\/\/puntocometa.dev\/en\/wp-json\/wp\/v2\/media?parent=19570"}],"wp:term":[{"taxonomy":"category","embeddable":true,"href":"https:\/\/puntocometa.dev\/en\/wp-json\/wp\/v2\/categories?post=19570"},{"taxonomy":"post_tag","embeddable":true,"href":"https:\/\/puntocometa.dev\/en\/wp-json\/wp\/v2\/tags?post=19570"}],"curies":[{"name":"wp","href":"https:\/\/api.w.org\/{rel}","templated":true}]}}