{"id":17624,"date":"2019-01-10T00:02:31","date_gmt":"2019-01-09T23:02:31","guid":{"rendered":"https:\/\/puntocometa.dev\/?p=17624"},"modified":"2019-01-10T00:02:31","modified_gmt":"2019-01-09T23:02:31","slug":"prova-2019","status":"publish","type":"post","link":"https:\/\/puntocometa.dev\/en\/prova-2019\/","title":{"rendered":"CORSO DI PSICOMOTRICIT\u00c0 E AVVIAMENTO ALLO SPORT PER BAMBINI DELLA SCUOLA DELL&#8217;INFANZIA"},"content":{"rendered":"<div title=\"Page 1\">\n<p><strong>CHE COS\u2019\u00c8?<\/strong><br \/>\n\u00c8 UN PROGETTO RIVOLTO AI BAMBINI PER POTER DARE FINALMENTE ANCHE AI BIMBI PI\u00d9 PICCOLI UNO\u00a0&#8220;SPAZIO DI MOVIMENTO E DI CRESCITA TUTTO LORO, IN BASE ALLE LORO CAPACIT\u00c0 E ATTITUDINI&#8221;<\/p>\n<p><strong>A CHI \u00c8 RIVOLTO?<\/strong><\/p>\n<p>A TUTTI I BAMBINI\/BAMBINE DAI 3 AI 7 ANNI,\u00a0DALLA PRIMA SEZIONE DELLA SCUOLA DELL&#8217;INFANZIA ALLA PRIMA ELEMENTARE<\/p>\n<p><strong>DAL 19 GENNAIO 2019<\/strong><br \/>\n<strong>c\/o Palestra Parrocchia di Muggi\u00f2, Via Quadrio 10, COMO &#8211; ore 10.00\/10.45<\/strong><\/p>\n<p><strong>PER INFORMAZIONI E ISCRIZIONI:<\/strong><br \/>\nCell: <strong>333 4938615<\/strong><br \/>\nMail:\u00a0<strong><a href=\"mailto:achille.ostinelli@puntocometa.dev\">achille.ostinelli@puntocometa.dev<\/a><\/strong><\/p>\n<p>&nbsp;<\/p>\n<\/div>\n<p><strong>Scarica qui il volantino:<\/strong>\u00a0<a href=\"https:\/\/puntocometa.dev\/wp-content\/uploads\/2019\/01\/Volantino_corso_psicomotricit\u00e0_20191.pdf\" target=\"_blank\" rel=\"noopener noreferrer\">https:\/\/puntocometa.dev\/wp-content\/uploads\/2019\/01\/Volantino_corso_psicomotricit\u00e0_20191.pdf<\/a><\/p>\n","protected":false},"excerpt":{"rendered":"<p>CHE COS\u2019\u00c8? \u00c8 UN PROGETTO RIVOLTO AI BAMBINI PER POTER DARE FINALMENTE ANCHE AI BIMBI PI\u00d9 PICCOLI UNO\u00a0&#8220;SPAZIO DI MOVIMENTO E DI CRESCITA TUTTO LORO, IN BASE ALLE LORO CAPACIT\u00c0 E ATTITUDINI&#8221; A CHI \u00c8 RIVOLTO? A TUTTI I BAMBINI\/BAMBINE DAI 3 AI 7 ANNI,\u00a0DALLA PRIMA SEZIONE DELLA SCUOLA DELL&#8217;INFANZIA ALLA PRIMA ELEMENTARE DAL 19 [&hellip;]<\/p>\n","protected":false},"author":10,"featured_media":18508,"comment_status":"open","ping_status":"open","sticky":false,"template":"","format":"standard","meta":{"_acf_changed":false,"give_campaign_id":0,"footnotes":""},"categories":[122],"tags":[],"class_list":["post-17624","post","type-post","status-publish","format-standard","has-post-thumbnail","hentry","category-news"],"acf":[],"_links":{"self":[{"href":"https:\/\/puntocometa.dev\/en\/wp-json\/wp\/v2\/posts\/17624","targetHints":{"allow":["GET"]}}],"collection":[{"href":"https:\/\/puntocometa.dev\/en\/wp-json\/wp\/v2\/posts"}],"about":[{"href":"https:\/\/puntocometa.dev\/en\/wp-json\/wp\/v2\/types\/post"}],"author":[{"embeddable":true,"href":"https:\/\/puntocometa.dev\/en\/wp-json\/wp\/v2\/users\/10"}],"replies":[{"embeddable":true,"href":"https:\/\/puntocometa.dev\/en\/wp-json\/wp\/v2\/comments?post=17624"}],"version-history":[{"count":0,"href":"https:\/\/puntocometa.dev\/en\/wp-json\/wp\/v2\/posts\/17624\/revisions"}],"wp:featuredmedia":[{"embeddable":true,"href":"https:\/\/puntocometa.dev\/en\/wp-json\/wp\/v2\/media\/18508"}],"wp:attachment":[{"href":"https:\/\/puntocometa.dev\/en\/wp-json\/wp\/v2\/media?parent=17624"}],"wp:term":[{"taxonomy":"category","embeddable":true,"href":"https:\/\/puntocometa.dev\/en\/wp-json\/wp\/v2\/categories?post=17624"},{"taxonomy":"post_tag","embeddable":true,"href":"https:\/\/puntocometa.dev\/en\/wp-json\/wp\/v2\/tags?post=17624"}],"curies":[{"name":"wp","href":"https:\/\/api.w.org\/{rel}","templated":true}]}}