{"id":15314,"date":"2016-10-19T01:12:08","date_gmt":"2016-10-18T23:12:08","guid":{"rendered":"https:\/\/puntocometa.dev\/?p=15314"},"modified":"2016-10-19T01:12:08","modified_gmt":"2016-10-18T23:12:08","slug":"15314","status":"publish","type":"post","link":"https:\/\/puntocometa.dev\/en\/15314\/","title":{"rendered":"LUNCH SEMINAR 24 OTTOBRE"},"content":{"rendered":"<h2 style=\"text-align: center;\">COMETA RESEARCH\u00a0\u2013\u00a0<i>Lunch\u00a0Seminar<\/i><\/h2>\n<p align=\"center\"><b>Venerd\u00ec\u00a024 ottobre h.13.45-14.30\u00a0Aula International Lab<\/b><b><br \/>\n<\/b><b>DAVIDE PELLECCHIA<br \/>\n<a href=\"https:\/\/puntocometa.dev\/cometa-research\/\">COMETA Research<\/a> Group<br \/>\nTitolo del\u00a0Seminario:<br \/>\n<b>Liceo del Lavoro, il modello di Cometa nel recupero dei NEET<\/b><\/p>\n<p align=\"center\">Abstract:<\/p>\n<p style=\"text-align: center;\"><i>Nel rapporto 2014 di \u201cTuttoscuola\u201d\u00a0 emerge che in Italia negli ultimi 15 anni ben 2 milioni e 900 mila giovani non hanno portato a termine il percorso formativo della scuola media superiore, di cui 167 mila negli ultimi 5 anni. Circa il 14,8% dei giovani iscritti al I anno di un istituto superiore non \u00e8 gi\u00e0 pi\u00f9 presente al III anno, con una percentuale del 16,1% in Lombardia. Tutti questi giovani diventano di fatto NEET gi\u00e0 a 16 anni.<\/i><\/p>\n<p style=\"text-align: center;\"><i>Cometa dal 2005 ha creato il Liceo del Lavoro, percorso di contrasto e recupero della dispersione che in 10 anni ha contribuito a rimettere in moto pi\u00f9 di 500 ragazzi, con un\u2019offerta formativa basata sulla personalizzazione e sul learning by doing, in un modello unico nel suo genere. Il paper presentato vuole analizzarne i risultati da un punto di vista di outcome e impatto sociale.<\/i><\/p>\n<p><strong>Per registrarsi all\u2019evento \u00e8\u00a0strettamente necessario\u00a0inviare una email a\u00a0<\/strong><a href=\"mailto:davide.pellecchia@puntocometa.dev\">davide.pellecchia@puntocometa.dev<\/a>\u00a0entro\u00a0luned\u00ec 26\u00a0settembre\u00a0alle ore 18.00<\/p>\n<p style=\"text-align: left;\" align=\"center\"><a href=\"https:\/\/puntocometa.dev\/wp-content\/uploads\/2016\/10\/Long-abstract_Pellecchia.pdf\" target=\"_blank\" rel=\"noopener noreferrer\"><strong>LEGGI l&#8217;Abstract e il Paper QUI<\/strong><\/a><\/p>\n","protected":false},"excerpt":{"rendered":"<p>COMETA RESEARCH\u00a0\u2013\u00a0Lunch\u00a0Seminar Venerd\u00ec\u00a024 ottobre h.13.45-14.30\u00a0Aula International Lab DAVIDE PELLECCHIA COMETA Research Group Titolo del\u00a0Seminario: Liceo del Lavoro, il modello di Cometa nel recupero dei NEET Abstract: Nel rapporto 2014 di \u201cTuttoscuola\u201d\u00a0 emerge che in Italia negli ultimi 15 anni ben 2 milioni e 900 mila giovani non hanno portato a termine il percorso formativo della [&hellip;]<\/p>\n","protected":false},"author":10,"featured_media":14208,"comment_status":"open","ping_status":"open","sticky":false,"template":"","format":"standard","meta":{"_acf_changed":false,"give_campaign_id":0,"footnotes":""},"categories":[122],"tags":[],"class_list":["post-15314","post","type-post","status-publish","format-standard","has-post-thumbnail","hentry","category-news"],"acf":[],"_links":{"self":[{"href":"https:\/\/puntocometa.dev\/en\/wp-json\/wp\/v2\/posts\/15314","targetHints":{"allow":["GET"]}}],"collection":[{"href":"https:\/\/puntocometa.dev\/en\/wp-json\/wp\/v2\/posts"}],"about":[{"href":"https:\/\/puntocometa.dev\/en\/wp-json\/wp\/v2\/types\/post"}],"author":[{"embeddable":true,"href":"https:\/\/puntocometa.dev\/en\/wp-json\/wp\/v2\/users\/10"}],"replies":[{"embeddable":true,"href":"https:\/\/puntocometa.dev\/en\/wp-json\/wp\/v2\/comments?post=15314"}],"version-history":[{"count":0,"href":"https:\/\/puntocometa.dev\/en\/wp-json\/wp\/v2\/posts\/15314\/revisions"}],"wp:attachment":[{"href":"https:\/\/puntocometa.dev\/en\/wp-json\/wp\/v2\/media?parent=15314"}],"wp:term":[{"taxonomy":"category","embeddable":true,"href":"https:\/\/puntocometa.dev\/en\/wp-json\/wp\/v2\/categories?post=15314"},{"taxonomy":"post_tag","embeddable":true,"href":"https:\/\/puntocometa.dev\/en\/wp-json\/wp\/v2\/tags?post=15314"}],"curies":[{"name":"wp","href":"https:\/\/api.w.org\/{rel}","templated":true}]}}