{"id":12318,"date":"2015-09-29T00:08:31","date_gmt":"2015-09-28T22:08:31","guid":{"rendered":"https:\/\/puntocometa.dev\/?p=12318"},"modified":"2015-09-29T00:08:31","modified_gmt":"2015-09-28T22:08:31","slug":"sabato-3-ottobre-cometa","status":"publish","type":"post","link":"https:\/\/puntocometa.dev\/en\/sabato-3-ottobre-cometa\/","title":{"rendered":"SABATO 3 OTTOBRE &#8211; COMETA"},"content":{"rendered":"<div title=\"Page 2\">\n<div>\n<div>\n<h2>LA VIA ITALIANA ALLA SOCIAL INNOVATION<\/h2>\n<h3><strong>Dentro il mondo che cambia<\/strong><\/h3>\n<p>La Via Italiana alla Social Innovation, in occasione della seconda edizione, intende confermarsi come <strong>hub internazionale di idee e proposte<\/strong> al servizio delle crescenti emergenze sociali dell\u2019attuale contesto storico e culturale.<\/p>\n<p>Dopo il successo della prima edizione, Cometa e Fondazione Vodafone, con il sostegno de Il Sole 24 Ore e Vetrya, intendono proseguire il lavoro di dialogo e confronto sul tema della Social Innovation per contribuire al cambiamento in atto.<\/p>\n<p>L\u2019affermarsi dell\u2019attuale profondo mutamento sociale, la <strong>\u201csociet\u00e0 liquida\u201d<\/strong>, pone infatti nuove sfide e opportunit\u00e0 per tutti. Anche quest\u2019anno il confronto sar\u00e0 tra alcuni protagonisti dell\u2019innovazione sociale per dare slancio alla <strong>ricerca di nuove strade, in nuovi contesti, per nuovi problemi.<\/strong><\/p>\n<p>I lavori saranno introdotti da un dialogo con <strong>Zygmunt Bauman<\/strong> intervistato da <strong>Juan Carlos De Martin<\/strong> per un quadro della cambiamento epocale in atto e delle sue conseguenze visibili.<\/p>\n<p>Nella stagione della decostruzione occorre anzitutto, per dirla con Bauman, una \u201cgenuina rivoluzione culturale\u201d che, nel riscoprire la posizione pi\u00f9 vera dell\u2019uomo di fronte all\u2019ordine della natura, permetta un lavoro di ricostruzione della persona e della societ\u00e0 come rete di persone. Per questo sar\u00e0 <strong>Giorgio Vittadini<\/strong>, presidente della Fondazione per la Sussidiariet\u00e0, ad introdurre il tema del realismo come metodo di conoscenza ed opportunit\u00e0 di ricostruzione.<\/p>\n<p>Come l\u2019innovazione sociale pu\u00f2 offrire una risposta concreta in ambito economico, educativo e lavorativo, al cambiamento sociale in atto? La tavola rotonda offrir\u00e0 spunti importanti grazie alla partecipazione di voci illustri del panorama italiano e internazionale.<\/p>\n<p>Per il mondo dell\u2019impresa interviene <strong>Stefano Micelli<\/strong>, noto studioso del rapporto tra creativit\u00e0 e sviluppo economico.<\/p>\n<p>Il lavoro, inteso come rapporto organico con la realt\u00e0, pu\u00f2 costituire attualmente il pi\u00f9 potente elemento di cambiamento ed innovazione del settore educativo, come emerge nelle esperienze di <strong>Roberto Peverelli<\/strong>, dirigente scolastico dell\u2019I.S.I.S. Paolo Carcano di Como, e <strong>Vincenzo Sibillo<\/strong>, preside dell\u2019Istituto Leone XIII di Milano. Una proposta interessante che lancer\u00e0 <strong>Carlo Ossola<\/strong>, docente presso il Coll\u00e8ge de France e l\u2019Universit\u00e0 della Svizzera Italiana, \u00e8 l\u2019innovativo progetto del Liceo Artigianale, un liceo scientifico delle scienze applicate, nato nell\u2019ambito della Scuola Oliver Twist di <a href=\"https:\/\/puntocometa.dev\/cometa-formazione\/\">Cometa Formazione<\/a>, che vuole rifondare il distintivo patrimonio culturale della nostra tradizione ripartendo da un apprendimento esperienziale.<\/p>\n<p>Il <a href=\"https:\/\/puntocometa.dev\/liceo-artigianale\/\">Liceo Artigianale<\/a>\u00a0sar\u00e0 il primo liceo candidato all\u2019apprendistato grazie alle nuove disposizioni introdotte dalle riforme de \u201cLa Buona Scuola\u201d e del \u201cJob Act\u201d, al centro dell\u2019intervento di <strong>Carmela Palumbo<\/strong>, direttore generale presso il MIUR.<\/p>\n<p>Le conclusioni dei lavori saranno affidate all\u2019on. <strong>Gabriele Toccafondi<\/strong>, sottosegretario del MIUR.<\/p>\n<\/div>\n<\/div>\n<\/div>\n<div title=\"Page 3\">\n<h2>PROGRAMMA<\/h2>\n<p><strong>9.30 Registrazione partecipanti<\/strong><br \/>\n<strong> 10.00 Introduzione e saluti istituzionali<\/strong><\/p>\n<p><strong>Zygmunt Bauman intervistato da Juan Carlos De Martin<br \/>\n<\/strong><strong>Giorgio Vittadini \u2013 la sfida del realismo nella societ\u00e0 liquida<br \/>\n<\/strong><strong>Stefano Micelli<br \/>\n<\/strong><strong>Roberto Peverelli<br \/>\n<\/strong><strong>Vincenzo Sibillo<br \/>\n<\/strong><strong>Carlo Ossola<br \/>\nCarmela Palumbo<\/strong><\/p>\n<p><strong>13.30 Conclusioni<\/strong><br \/>\n<strong> Gabriele Toccafondi (da confermare)<\/strong><\/p>\n<p>&nbsp;<\/p>\n<h2>DOVE<\/h2>\n<p><strong>COMETA &#8211; via Madruzza, 36 Como<\/strong><\/p>\n<h2>ISCRIZIONI<\/h2>\n<p><strong>R.S.V.P. entro gioved\u00ec 1 ottobre<br \/>\n<\/strong><strong>Scrivere a:<br \/>\n<a href=\"mailto:eventi@puntocometa.dev\">eventi@puntocometa.dev<\/a><br \/>\n<\/strong><strong>Oggetto: COMETASI<br \/>\n<\/strong><strong>Testo: Nome, Cognome, ente\/societ\u00e0<\/strong><\/p>\n<h2>UFFICIO STAMPA COMETA<\/h2>\n<p>Manzoni 22<br \/>\nCamilla Palma<br \/>\nEmail: <a href=\"mailto:camilla.palma@manzoni22.it\">camilla.palma@manzoni22.it<br \/>\n<\/a><strong>Tel: +39 3470420386<\/strong><\/p>\n<h2>ACCREDITO PER LA STAMPA<b><\/b><\/h2>\n<p><strong>Inviare Email a<\/strong> <a href=\"mailto:camilla.palma@manzoni22.it\">camilla.palma@manzoni22.it<\/a><\/p>\n<h2>SEGUICI SU TWITTER<\/h2>\n<p><strong> Hashtag: #COMETASI; #LiceoArtigianale; #ScuolaOliverTwist; @AmiciDiCometa<\/strong><\/p>\n<p>&nbsp;<\/p>\n<\/div>\n<div title=\"Page 4\">\n<h2>TRA I PROTAGONISTI:<\/h2>\n<p><strong> Zygmunt Bauman. <\/strong>Uno dei pi\u00f9 noti e influenti pensatori al mondo, a lui si deve la folgorante definizione di \u201cmodernit\u00e0 liquida\u201d o \u201csociet\u00e0 liquida\u201d di cui \u00e8 uno dei pi\u00f9 acuti osservatori. Nato in Polonia nel 1925, risiede dal 1971 nel Regno Unito; \u00e8 professore emerito di Sociologia alle Universit\u00e0 di Leeds e Varsavia.<\/p>\n<p><strong>Carlo Ossola. <\/strong>Docente di Letterature moderne dell&#8217;Europa neolatina presso il Coll\u00e8ge de France di Parigi e Direttore dell&#8217;Istituto di studi italiani (ISI) presso l&#8217;Universit\u00e0 della Svizzera Italiana (Lugano). \u00c8 membro dell\u2019Accademia Nazionale dei Lincei, di Arcadia, Accademia Letteraria Italiana, dell\u2019Accademia delle Scienze di Torino. Promotore e membro del comitato scientifico del costituendo Liceo Artigianale.<\/p>\n<p><strong>Giorgio Vittadini. <\/strong>Ha fondato nel 2002 la Fondazione per la Sussidiariet\u00e0 come strumento di sviluppo culturale attraverso attivit\u00e0 formative, di ricerca, editoriali. E\u2019 Professore ordinario di Statistica Metodologica presso l&#8217;Universit\u00e0 degli Studi di Milano Bicocca, e direttore scientifico del Consorzio Interuniversitario Scuola per l\u2019Alta Formazione Nova Universitas.<\/p>\n<p><strong>Juan Carlos De Martin. <\/strong>E&#8217; professore di ruolo presso il Dipartimento di Automatica e Informatica del Politecnico di Torino, dove ha co-fondato e co-dirige il Centro Nexa su Internet e Societ\u00e0. Dal 2011 \u00e8 Faculty Fellow presso il Berkman Center for Internet &amp; Society della Harvard University (dal 2015 Faculty Associate). Dal 2011 al 2015 \u00e8 stato Senior Visiting Researcher presso l&#8217;Internet and Society Laboratory della Keio University (Tokyo).<\/p>\n<p><strong>Cometa \u00e8 <\/strong>un laboratorio che ha gi\u00e0 prodotto significative sperimentazioni di innovazioni sociali nell\u2019ambito delle politiche di welfare per la persona e la comunit\u00e0. Con un approccio olistico, ha costruito un modello integrato di azioni per la famiglia, l\u2019educazione, la formazione e il lavoro, con risultati rilevanti in termini di sviluppo della persona, integrazione e inclusione sociale, occupazione, costruzione di reti sociali.<\/p>\n<h3>PARTNER:\u00a0Fondazione Vodafone<br \/>\nCon il sostegno di: Gruppo 24ore<br \/>\nPATROCINIO: Regione Lombardia, MIUR, Comune di Como<\/h3>\n<\/div>\n<p><a href=\"https:\/\/puntocometa.dev\/wp-content\/uploads\/2015\/09\/CS-convegno-Social-Innovation-2-ed-.pdf\" target=\"_blank\" rel=\"noopener noreferrer\">QUI IL COMUNICATO STAMPA<\/a><\/p>\n<p><a href=\"http:\/\/www.ilsole24ore.com\/art\/notizie\/2015-10-02\/dentro-mondo-che-cambia-como-convegno-il-sociologo-bauman--141641.shtml?uuid=\" target=\"_blank\" rel=\"noopener noreferrer nofollow\">ARTICOLO SOLE24ORE<\/a>: <strong>Dentro il mondo che cambia: a Como convegno con il sociologo Bauman<\/strong><\/p>\n<p><a href=\"http:\/\/www.vita.it\/it\/article\/2015\/09\/29\/lartigianale-di-cometa-primo-liceo-dove-si-fara-apprendistato\/136709\/\" target=\"_blank\" rel=\"noopener noreferrer nofollow\">ARTICOLO VITA.IT <\/a><strong>L&#8217;Artigianale di Cometa primo liceo dove si far\u00e0 apprendistato<\/strong><\/p>\n<p><a href=\"https:\/\/youtu.be\/nuLRO6zbrlY\" target=\"_blank\" rel=\"noopener noreferrer nofollow\">ESPANSIONE TV &#8211; LIBERO 24X7<\/a> &#8211; \u00a0<strong>Zygmut Bauman a Como<\/strong><\/p>\n","protected":false},"excerpt":{"rendered":"<p>LA VIA ITALIANA ALLA SOCIAL INNOVATION Dentro il mondo che cambia La Via Italiana alla Social Innovation, in occasione della seconda edizione, intende confermarsi come hub internazionale di idee e proposte al servizio delle crescenti emergenze sociali dell\u2019attuale contesto storico e culturale. Dopo il successo della prima edizione, Cometa e Fondazione Vodafone, con il sostegno [&hellip;]<\/p>\n","protected":false},"author":10,"featured_media":12319,"comment_status":"open","ping_status":"open","sticky":false,"template":"","format":"standard","meta":{"_acf_changed":false,"give_campaign_id":0,"footnotes":""},"categories":[122],"tags":[],"class_list":["post-12318","post","type-post","status-publish","format-standard","has-post-thumbnail","hentry","category-news"],"acf":[],"_links":{"self":[{"href":"https:\/\/puntocometa.dev\/en\/wp-json\/wp\/v2\/posts\/12318","targetHints":{"allow":["GET"]}}],"collection":[{"href":"https:\/\/puntocometa.dev\/en\/wp-json\/wp\/v2\/posts"}],"about":[{"href":"https:\/\/puntocometa.dev\/en\/wp-json\/wp\/v2\/types\/post"}],"author":[{"embeddable":true,"href":"https:\/\/puntocometa.dev\/en\/wp-json\/wp\/v2\/users\/10"}],"replies":[{"embeddable":true,"href":"https:\/\/puntocometa.dev\/en\/wp-json\/wp\/v2\/comments?post=12318"}],"version-history":[{"count":0,"href":"https:\/\/puntocometa.dev\/en\/wp-json\/wp\/v2\/posts\/12318\/revisions"}],"wp:attachment":[{"href":"https:\/\/puntocometa.dev\/en\/wp-json\/wp\/v2\/media?parent=12318"}],"wp:term":[{"taxonomy":"category","embeddable":true,"href":"https:\/\/puntocometa.dev\/en\/wp-json\/wp\/v2\/categories?post=12318"},{"taxonomy":"post_tag","embeddable":true,"href":"https:\/\/puntocometa.dev\/en\/wp-json\/wp\/v2\/tags?post=12318"}],"curies":[{"name":"wp","href":"https:\/\/api.w.org\/{rel}","templated":true}]}}