{"id":11064,"date":"2015-05-13T08:14:23","date_gmt":"2015-05-13T06:14:23","guid":{"rendered":"https:\/\/puntocometa.dev\/?p=11064"},"modified":"2015-05-13T08:14:23","modified_gmt":"2015-05-13T06:14:23","slug":"ce-dietro-materia","status":"publish","type":"post","link":"https:\/\/puntocometa.dev\/en\/ce-dietro-materia\/","title":{"rendered":"COSA C&#8217;E&#8217; DIETRO&#8230;LA MATERIA"},"content":{"rendered":"<p><strong><\/strong><strong>Classe 1982, Matteo Negri, per tutti \u201cTeo\u201d, \u00e8 oggi uno dei pi\u00f9 apprezzati scultori europei della sua generazione.<\/strong><\/p>\n<p><strong><\/strong><strong>Fin da giovanissimo ha dimostrato una grande versatilit\u00e0 e una grande maestria tecnica nell\u2019uso e, spesso, nella combinazione di materiali diversi: dalla pietra alla fusione in bronzo, dal legno alla ceramica fino alle resine plastiche.<\/strong><\/p>\n<p><strong>Ogni materiale va trattato nel modo giusto, ha una sua vita, obbedisce a leggi proprie, che l\u2019artista e l\u2019artigiano sono chiamati a scoprire ogni volta che si mettono al lavoro.<\/strong><\/p>\n<p><strong>Ogni materiale, messo alla prova, rivela continuamente aspetti nuovi e imprevedibili: noi non potremo mai dire di sapere tutto sul legno, su un pezzo di stoffa o su una carota: la scoperta \u00e8 continua.<\/strong><\/p>\n<p><strong>Teo Negri ha dedicato la sua vita a questo lavoro: perci\u00f2 nessuno meglio di lui ci pu\u00f2 dire cosa c\u2019\u00e8 dietro\u2026 LA MATERIA.<\/strong><\/p>\n<p><strong>OGGI ospite in Cometa <\/strong>per il<strong> ciclo di incontri <\/strong><a href=\"https:\/\/puntocometa.dev\/news-e-media\/mettersi-in-gioco\/ce-dietro\/\" target=\"_blank\" rel=\"noopener noreferrer\">Cosa c&#8217;\u00e8 dietro..<\/a>\u00a0organizzati dalla <a href=\"https:\/\/puntocometa.dev\/home\/cosa-facciamo\/scuola-e-formazione\/scuola-oliver-twist\/\" target=\"_blank\" rel=\"noopener noreferrer\">Scuola Oliver Twist.<\/a><\/p>\n<p><a href=\"https:\/\/puntocometa.dev\/wp-content\/uploads\/2015\/05\/2.jpg\"><img fetchpriority=\"high\" decoding=\"async\" class=\"alignnone size-medium wp-image-11088\" alt=\"2\" src=\"https:\/\/puntocometa.dev\/wp-content\/uploads\/2015\/05\/2-320x213.jpg\" width=\"320\" height=\"213\" title=\"\"><\/a> <a href=\"https:\/\/puntocometa.dev\/wp-content\/uploads\/2015\/05\/51.jpg\"><img decoding=\"async\" class=\"alignnone size-medium wp-image-11091\" alt=\"5\" src=\"https:\/\/puntocometa.dev\/wp-content\/uploads\/2015\/05\/51-320x213.jpg\" width=\"320\" height=\"213\" title=\"\"><\/a><\/p>\n<h2>LUCA DONINELLI RACCONTA MATTEO<\/h2>\n<p><strong>Lo abbiamo incontrato mercoled\u00ec 14 maggio nell&#8217;ambito della rassegna &#8220;Cosa c&#8217;\u00e8 dietro&#8221; per parlare del rapporto che un artista (e allo stesso modo un artigiano) intrattiene con i materiali che usa. <\/strong><\/p>\n<p><strong>Negri \u00e8 un grande conoscitore dei materiali, avendoli usati nel proprio lavoro quasi tutti: dalla pietra al bronzo, dal legno alle resine plastiche, dalla ceramica all&#8217;acciaio. <\/strong><\/p>\n<p><strong>Ogni materiale vive la sua vita, ha il suo carattere, entra in rapporto con l&#8217;uomo in un modo tutto suo, che richiede all&#8217;artista la pazienza della conoscenza, un sapere che si forma sempre dentro l&#8217;esperienza.<\/strong><\/p>\n<p><a href=\"https:\/\/puntocometa.dev\/wp-content\/uploads\/2015\/05\/61.jpg\"><img decoding=\"async\" class=\"alignnone size-medium wp-image-11092\" alt=\"6\" src=\"https:\/\/puntocometa.dev\/wp-content\/uploads\/2015\/05\/61-320x213.jpg\" width=\"320\" height=\"213\" title=\"\"><\/a> <a href=\"https:\/\/puntocometa.dev\/wp-content\/uploads\/2015\/05\/71.jpg\"><img loading=\"lazy\" decoding=\"async\" class=\"alignnone size-medium wp-image-11093\" alt=\"7\" src=\"https:\/\/puntocometa.dev\/wp-content\/uploads\/2015\/05\/71-320x213.jpg\" width=\"320\" height=\"213\" title=\"\"><\/a> <a href=\"https:\/\/puntocometa.dev\/wp-content\/uploads\/2015\/05\/9+.jpg\"><img loading=\"lazy\" decoding=\"async\" class=\"alignnone size-medium wp-image-11095\" alt=\"9+\" src=\"https:\/\/puntocometa.dev\/wp-content\/uploads\/2015\/05\/9+-320x213.jpg\" width=\"320\" height=\"213\" title=\"\"><\/a> <a href=\"https:\/\/puntocometa.dev\/wp-content\/uploads\/2015\/05\/10.jpg\"><img loading=\"lazy\" decoding=\"async\" class=\"alignnone size-medium wp-image-11096\" alt=\"10\" src=\"https:\/\/puntocometa.dev\/wp-content\/uploads\/2015\/05\/10-320x213.jpg\" width=\"320\" height=\"213\" title=\"\"><\/a><\/p>\n<p><strong>L&#8217;artista non pu\u00f2 obbligare la materia a fare tutto quello che lui vuole: l&#8217;opera deve fiorire dall&#8217;interno della materia: il massimo di creativit\u00e0 coincide insomma con il massimo di obbedienza.\u00a0<\/strong><\/p>\n<p><strong>Solo cos\u00ec il &#8220;fare&#8221; comincia a raggiungere il proprio scopo vero, che non \u00e8 quello di produrre oggetti impeccabili ma di realizzare un&#8217;unit\u00e0 tra quello che facciamo e quello che siamo.\u00a0<\/strong><\/p>\n<p><strong>Chi quest&#8217;anno ha lavorato bene &#8211; come per esempio i ragazzi che hanno realizzato i tavoli per il Salone del Mobile &#8211; ha potuto meglio apprezzare il valore educativo e di testimonianza di questo incontro.<\/strong><br \/>\n<strong><br \/>\n<\/strong><\/p>\n<p><a href=\"https:\/\/puntocometa.dev\/wp-content\/uploads\/2015\/05\/11.jpg\"><img loading=\"lazy\" decoding=\"async\" class=\"alignnone size-medium wp-image-11097\" alt=\"11\" src=\"https:\/\/puntocometa.dev\/wp-content\/uploads\/2015\/05\/11-320x480.jpg\" width=\"320\" height=\"480\" title=\"\"><\/a> <a href=\"https:\/\/puntocometa.dev\/wp-content\/uploads\/2015\/05\/12.jpg\"><img loading=\"lazy\" decoding=\"async\" class=\"alignnone size-medium wp-image-11098\" alt=\"12\" src=\"https:\/\/puntocometa.dev\/wp-content\/uploads\/2015\/05\/12-320x480.jpg\" width=\"320\" height=\"480\" title=\"\"><\/a><\/p>\n","protected":false},"excerpt":{"rendered":"<p>Classe 1982, Matteo Negri, per tutti \u201cTeo\u201d, \u00e8 oggi uno dei pi\u00f9 apprezzati scultori europei della sua generazione. Fin da giovanissimo ha dimostrato una grande versatilit\u00e0 e una grande maestria tecnica nell\u2019uso e, spesso, nella combinazione di materiali diversi: dalla pietra alla fusione in bronzo, dal legno alla ceramica fino alle resine plastiche. Ogni materiale [&hellip;]<\/p>\n","protected":false},"author":10,"featured_media":11059,"comment_status":"open","ping_status":"open","sticky":false,"template":"","format":"standard","meta":{"_acf_changed":false,"give_campaign_id":0,"footnotes":""},"categories":[122],"tags":[],"class_list":["post-11064","post","type-post","status-publish","format-standard","has-post-thumbnail","hentry","category-news"],"acf":[],"_links":{"self":[{"href":"https:\/\/puntocometa.dev\/en\/wp-json\/wp\/v2\/posts\/11064","targetHints":{"allow":["GET"]}}],"collection":[{"href":"https:\/\/puntocometa.dev\/en\/wp-json\/wp\/v2\/posts"}],"about":[{"href":"https:\/\/puntocometa.dev\/en\/wp-json\/wp\/v2\/types\/post"}],"author":[{"embeddable":true,"href":"https:\/\/puntocometa.dev\/en\/wp-json\/wp\/v2\/users\/10"}],"replies":[{"embeddable":true,"href":"https:\/\/puntocometa.dev\/en\/wp-json\/wp\/v2\/comments?post=11064"}],"version-history":[{"count":0,"href":"https:\/\/puntocometa.dev\/en\/wp-json\/wp\/v2\/posts\/11064\/revisions"}],"wp:attachment":[{"href":"https:\/\/puntocometa.dev\/en\/wp-json\/wp\/v2\/media?parent=11064"}],"wp:term":[{"taxonomy":"category","embeddable":true,"href":"https:\/\/puntocometa.dev\/en\/wp-json\/wp\/v2\/categories?post=11064"},{"taxonomy":"post_tag","embeddable":true,"href":"https:\/\/puntocometa.dev\/en\/wp-json\/wp\/v2\/tags?post=11064"}],"curies":[{"name":"wp","href":"https:\/\/api.w.org\/{rel}","templated":true}]}}