{"id":1009412,"date":"2026-06-18T11:10:15","date_gmt":"2026-06-18T09:10:15","guid":{"rendered":"https:\/\/puntocometa.dev\/?p=1009412"},"modified":"2026-06-29T12:55:46","modified_gmt":"2026-06-29T10:55:46","slug":"uno-stage-a-firenze-ad-hocchi-aperti-tra-bellezza-cultura-artigianato-e-arte","status":"publish","type":"post","link":"https:\/\/puntocometa.dev\/en\/uno-stage-a-firenze-ad-hocchi-aperti-tra-bellezza-cultura-artigianato-e-arte\/","title":{"rendered":"Uno stage a Firenze:\u00a0ad\u00a0hOCCHI\u00a0APERTI tra bellezza, cultura, artigianato e arte\u00a0"},"content":{"rendered":"\n<p class=\"wp-block-paragraph\">\u201c\u00c8 stata un&#8217;esperienza straordinariamente bella e formativa. Entrare ogni giorno in bottega ha significato immergersi nella storia, nell&#8217;arte e nei segreti di un artigianato d&#8217;eccellenza, ma soprattutto trovare dei veri e propri maestri di vita.\u201d&nbsp;<\/p>\n\n\n\n<p class=\"wp-block-paragraph\">Nelle parole di Jarir, studente del corso di Falegnameria e progettazione d\u2019interni, c\u2019\u00e8 tutto il valore di un\u2019esperienza che non \u00e8 stata soltanto uno stage, ma un passo importante nel suo cammino di crescita.\u00a0Tre mesi\u00a0a Firenze, presso la bottega d\u2019arte <a href=\"https:\/\/www.castorina1895.com\/\" rel=\"nofollow noopener\" target=\"_blank\">Castorina 1895<\/a>, sono diventati occasione di incontro con una tradizione viva, con il lavoro delle mani, con la bellezza di un mestiere imparato accanto a chi lo custodisce e lo trasmette ogni giorno.\u00a0<\/p>\n\n\n\n<p class=\"wp-block-paragraph\">L\u2019opportunit\u00e0 nasce all\u2019interno del progetto \u201c<a href=\"https:\/\/adhocchiaperti.org\/\" rel=\"nofollow noopener\" target=\"_blank\">ad\u00a0hOCCHI\u00a0APERTI<\/a>\u201d, grazie alla partnership tra Cometa e OMA. Maria Pilar Lebole, Responsabile dell\u2019<a href=\"https:\/\/www.osservatoriomestieridarte.it\/\" rel=\"nofollow noopener\" target=\"_blank\">Osservatorio dei Mestieri d\u2019Arte<\/a>, notando in Jarir una particolare voglia di imparare durante l\u2019evento \u201cArtigianato e Palazzo\u201d, al quale la sua classe aveva partecipato, gli propone di svolgere un periodo di stage a Firenze, nel cuore di una citt\u00e0 simbolo dell\u2019arte e dell\u2019artigianato.\u00a0<\/p>\n\n\n\n<p class=\"wp-block-paragraph\">Jarir accetta con entusiasmo, trovando posto&nbsp;in una realt\u00e0 d\u2019eccellenza come Castorina 1895.&nbsp;Qui apprende tecniche di intaglio, lavorazione delle cornici, decorazione ed ebanisteria, scoprendo come il lavoro artigiano non sia solo acquisizione di competenze, ma anche educazione dello sguardo, della pazienza e della cura.&nbsp;<\/p>\n\n\n\n<p class=\"wp-block-paragraph\">\u201cAppena entrato sono rimasto affascinato da tutto ci\u00f2 che mi circondava, da opere di pregio unico. Ho capito quanto le conoscenze erano state tramandate di generazione in generazione e quanto questo fosse importante\u201d.&nbsp;<\/p>\n\n\n\n<p class=\"wp-block-paragraph\">Accanto alle competenze&nbsp;tecniche, ci\u00f2 che pi\u00f9 lo colpisce \u00e8 il rapporto quotidiano con gli artigiani della bottega: \u201cIl fatto&nbsp;di fare&nbsp;loro tante domande non era un problema, anzi,&nbsp;erano felici. Mi hanno insegnato diversi metodi&nbsp;e l\u2019utilizzo di diversi macchinari, ma la cosa pi\u00f9 importante \u00e8 che mi hanno insegnato che sbagliando si impara. Non mi hanno mai fatto pesare qualche piccolo errore\u201d.&nbsp;<\/p>\n\n\n\n<p class=\"wp-block-paragraph\">In questa libert\u00e0 di domandare, provare, sbagliare e ricominciare, Jarir ha potuto scoprire qualcosa di essenziale: il lavoro diventa davvero formativo quando qualcuno ti guarda con fiducia e ti aiuta a riconoscere il valore di ci\u00f2 che stai facendo.&nbsp;<\/p>\n\n\n\n<p class=\"wp-block-paragraph\">Durante&nbsp;i&nbsp;mesi a&nbsp;Firenze, Jarir ha avuto anche l\u2019opportunit\u00e0 di vivere pienamente la citt\u00e0, visitando musei e partecipando a mostre ed eventi che hanno alimentato ancora di pi\u00f9 il suo desiderio di scoperta e apprendimento. La bellezza incontrata in bottega si \u00e8 cos\u00ec allargata alla storia di una citt\u00e0 intera.&nbsp;<\/p>\n\n\n\n<p class=\"wp-block-paragraph\">\u201cOgni giornata era diversa, non mi annoiavo mai e anzi ero sempre stimolato a fare cose nuove. Alzarmi la mattina motivato e col desiderio di fare sempre cose nuove \u00e8 ci\u00f2 che mi ha spinto a vivere a pieno questa esperienza\u201d.&nbsp;<\/p>\n\n\n\n<p class=\"wp-block-paragraph\">Tornato a Como, Jarir&nbsp;ha sostenuto gli esami di quarta&nbsp;e guarda gi\u00e0 al futuro.&nbsp;<\/p>\n\n\n\n<p class=\"wp-block-paragraph\">\u201cVoglio accedere al quinto anno e prendere la maturit\u00e0. Per l\u2019esame di quarta ho realizzato, proprio presso la bottega fiorentina, una lampada porta-chiavi, un progetto che spero possa piacere ai miei professori perch\u00e9 \u00e8 stato il frutto di un percorso partito da lontano, da alcuni schizzi che avevo realizzato\u201d.&nbsp;<\/p>\n\n\n\n<p class=\"wp-block-paragraph\">Dopo aver conseguito la maturit\u00e0, il sogno \u00e8 quello di diventare artigiano. Un sogno che nasce dall\u2019esperienza concreta di questi anni e che, a Firenze, ha trovato un luogo, dei volti e una strada possibile.&nbsp;<\/p>\n\n\n\n<p class=\"wp-block-paragraph\">ad\u00a0hOCCHI\u00a0APERTI \u00e8 un progetto selezionato da <a href=\"https:\/\/www.conibambini.org\/\" rel=\"nofollow noopener\" target=\"_blank\">Con I bambini<\/a> nell\u2019ambito del Fondo per il contrasto della povert\u00e0 educativa minorile e cofinanziato da <a href=\"https:\/\/www.fondazionedeagostini.it\/\" rel=\"nofollow noopener\" target=\"_blank\">Fondazione De Agostini<\/a>, <a href=\"https:\/\/fondazionepittini.it\/\" rel=\"nofollow noopener\" target=\"_blank\">Fondazione Pietro Pittini<\/a>, <a href=\"https:\/\/www.amplifonfoundation.com\/it\" rel=\"nofollow noopener\" target=\"_blank\">Fondazione Amplifon<\/a> e <a href=\"https:\/\/www.deloitte.com\/it\/it\/about\/story\/impact\/fondazione-deloitte.html\" rel=\"nofollow noopener\" target=\"_blank\">Fondazione Deloitte<\/a>.<\/p>\n\n\n\n<p class=\"wp-block-paragraph\"><\/p>\n","protected":false},"excerpt":{"rendered":"<p>\u201c\u00c8 stata un&#8217;esperienza straordinariamente bella e formativa. Entrare ogni giorno in bottega ha significato immergersi nella storia, nell&#8217;arte e nei segreti di un artigianato d&#8217;eccellenza, ma soprattutto trovare dei veri e propri maestri di vita.\u201d&nbsp; Nelle parole di Jarir, studente del corso di Falegnameria e progettazione d\u2019interni, c\u2019\u00e8 tutto il valore di un\u2019esperienza che non [&hellip;]<\/p>\n","protected":false},"author":244,"featured_media":1009439,"comment_status":"open","ping_status":"open","sticky":false,"template":"","format":"standard","meta":{"_acf_changed":false,"give_campaign_id":0,"footnotes":""},"categories":[1,122,246],"tags":[491],"class_list":["post-1009412","post","type-post","status-publish","format-standard","has-post-thumbnail","hentry","category-senza-categoria","category-news","category-storie","tag-adhocchiaperti"],"acf":[],"_links":{"self":[{"href":"https:\/\/puntocometa.dev\/en\/wp-json\/wp\/v2\/posts\/1009412","targetHints":{"allow":["GET"]}}],"collection":[{"href":"https:\/\/puntocometa.dev\/en\/wp-json\/wp\/v2\/posts"}],"about":[{"href":"https:\/\/puntocometa.dev\/en\/wp-json\/wp\/v2\/types\/post"}],"author":[{"embeddable":true,"href":"https:\/\/puntocometa.dev\/en\/wp-json\/wp\/v2\/users\/244"}],"replies":[{"embeddable":true,"href":"https:\/\/puntocometa.dev\/en\/wp-json\/wp\/v2\/comments?post=1009412"}],"version-history":[{"count":1,"href":"https:\/\/puntocometa.dev\/en\/wp-json\/wp\/v2\/posts\/1009412\/revisions"}],"predecessor-version":[{"id":1009413,"href":"https:\/\/puntocometa.dev\/en\/wp-json\/wp\/v2\/posts\/1009412\/revisions\/1009413"}],"wp:featuredmedia":[{"embeddable":true,"href":"https:\/\/puntocometa.dev\/en\/wp-json\/wp\/v2\/media\/1009439"}],"wp:attachment":[{"href":"https:\/\/puntocometa.dev\/en\/wp-json\/wp\/v2\/media?parent=1009412"}],"wp:term":[{"taxonomy":"category","embeddable":true,"href":"https:\/\/puntocometa.dev\/en\/wp-json\/wp\/v2\/categories?post=1009412"},{"taxonomy":"post_tag","embeddable":true,"href":"https:\/\/puntocometa.dev\/en\/wp-json\/wp\/v2\/tags?post=1009412"}],"curies":[{"name":"wp","href":"https:\/\/api.w.org\/{rel}","templated":true}]}}